{"id":108050,"date":"2025-12-09T04:36:13","date_gmt":"2025-12-09T04:36:13","guid":{"rendered":"https:\/\/www.europesays.com\/no\/108050\/"},"modified":"2025-12-09T04:36:13","modified_gmt":"2025-12-09T04:36:13","slug":"jorgen-strand-larsen-david-moller-wolfe","status":"publish","type":"post","link":"https:\/\/www.europesays.com\/no\/108050\/","title":{"rendered":"J\u00f8rgen Strand Larsen, David M\u00f8ller Wolfe"},"content":{"rendered":"\n<p><a href=\"https:\/\/www.nettavisen.no\/sport\/kraftige-reaksjoner-etter-united-scoring-rot-tull-og-toys\/s\/5-95-2769943\" rel=\"Follow nofollow noopener\" target=\"_blank\">Wolverhampton fikk kj\u00f8rt seg mot Manchester United i mandagens<\/a> m\u00f8te i Premier League.<\/p>\n<p>Manchester United vant med 4\u20131 og Wolves&#8217; prestasjon ble i etterkant omtalt som \u00abskrekkelig og sjokkerende\u00bb.<\/p>\n<p>Landslagsspiss J\u00f8rgen Strand Larsen m\u00e5tte igjen g\u00e5 av banen m\u00e5ll\u00f8s for hjemmelaget.<\/p>\n<p>Det betyr at haldenseren st\u00e5r med kun \u00e9n scoring p\u00e5 elleve kamper i Premier League s\u00e5 langt denne sesongen.<\/p>\n<p>Ironisk applaus mot Strand Larsen<\/p>\n<p>Da han ble byttet ut etter 69 minutters spill, reagerte et frustrert hjemmepublikum med ironisk applaus mot nordmannen.<\/p>\n<p>\u2013 Han har ingen h\u00f8y stjerne blant supporterne etter sommerens lille overgangssaga og kun ett m\u00e5l s\u00e5 langt, sier Viaplay-ekspert P\u00e5l-Andr\u00e9 Helland om publikums reaksjon p\u00e5 at den norske spissen ble tatt av banen.<\/p>\n<p><b>Les ogs\u00e5: <a href=\"https:\/\/www.nettavisen.no\/sport\/kraftige-reaksjoner-etter-united-scoring-rot-tull-og-toys\/s\/5-95-2769943\" rel=\"Follow nofollow noopener\" target=\"_blank\">Sjokkert etter United-kamp: \u2013 Skrekkelig <\/a><\/b><\/p>\n<p>25-\u00e5ringen ble koblet med en overgang til Newcastle i sommer \u2013 en overgang det aldri ble noe av, selv om det ble rapportert at nordmannen var sv\u00e6rt \u00e5pen for \u00e5 flytte p\u00e5 seg til Tyneside-klubben.<\/p>\n<p>Etter 15 spilte ligakamper denne sesongen, ligger Wolves helt sist p\u00e5 tabellen med fattige to poeng s\u00e5 langt.<\/p>\n<p>\u2013 Det ser bekm\u00f8rkt ut for Wolves, oppsummerer Helland.<\/p>\n<p>   <img decoding=\"async\" width=\"3878\" height=\"2626\" fetchpriority=\"low\"  loading=\"lazy\"  src=\"https:\/\/www.europesays.com\/no\/wp-content\/uploads\/2025\/12\/NTB_nwKAdAxKs3E.jpg\" alt=\"Soccer Football - Premier League - Wolverhampton Wanderers v Manchester United - Molineux Stadium, Wolverhampton, Britain - December 8, 2025&#10;Wolverhampton Wanderers' David Moller Wolfe looks dejected after the match Action Images via Reuters\/Matthew Childs EDITORIAL USE ONLY. NO USE WITH UNAUTHORIZED AUDIO, VIDEO, DATA, FIXTURE LISTS, CLUB\/LEAGUE LOGOS OR 'LIVE' SERVICES. ONLINE IN-MATCH USE LIMITED TO 120 IMAGES, NO VIDEO EMULATION. NO USE IN BETTING, GAMES OR SINGLE CLUB\/LEAGUE\/PLAYER PUBLICATIONS. PLEASE CONTACT YOUR ACCOUNT REPRESENTATIVE FOR FURTHER DETAILS..\" class=\"brick-c-cFOWSL\" style=\"--brick-image-ratio: 3878 \/ 2626;\"\/><\/p>\n<p>      SKUFFET: Wolves-spiller David M\u00f8ller Wolfe.<br \/>\n      Foto: Matthew Childs (Reuters)\n    <\/p>\n<p>Han mener Strand Larsen muligens har f\u00e5tt supporterne imot seg p\u00e5 grunn av at han tidligere i sesongen reagerte p\u00e5 misn\u00f8ye fra tribunen mot tidligere manager V\u00edtor Pereira, som fikk sparken fra klubben i starten av november.<\/p>\n<p>\u2013 Han frontet misn\u00f8yen litt og da kan det bli litt gnisninger mellom supportere og spillere. Den eneste m\u00e5ten \u00e5 l\u00f8se det p\u00e5, er \u00e5 score m\u00e5l, mener den tidligere Rosenborg-spilleren.<\/p>\n<p>Skuffet M\u00f8ller Wolfe: \u2013 Opp til oss<\/p>\n<p>David M\u00f8ller Wolfe fikk med seg en m\u00e5lgivende pasning fra mandagens kamp, men var tydelig skuffet etter kampslutt.<\/p>\n<p><b>Les ogs\u00e5: <a href=\"https:\/\/www.nettavisen.no\/sport\/arne-slot-om-salah-braket-en-overraskelse\/s\/5-95-2769750\" rel=\"Follow nofollow noopener\" target=\"_blank\">Arne Slot pepret med Salah-sp\u00f8rsm\u00e5l: \u2013 M\u00e5 reagere<\/a><\/b><\/p>\n<p>Han understreker imidlertid at det er spillernes oppgave \u00e5 snu dette og f\u00e5 med seg fansen igjen.<\/p>\n<p>\u2013 Ja, det er opp til oss. VI, spillerne, m\u00e5 gi dem en grunn til \u00e5 v\u00e6re i ryggen v\u00e5r og v\u00e6re med \u00e5 heie p\u00e5 oss, sier han til Viaplay.<\/p>\n<p>\u2013 Vi har ikke gitt dem en grunn til det, s\u00e5 jeg skj\u00f8nner reaksjonene p\u00e5 en m\u00e5te, sier landslagsbacken.<\/p>\n<p>Wolves-manager Rob Edwards innr\u00f8mmet etter kampslutt at det er vanskelig for spillerne \u00e5 prestere i et slikt ampert klima.<\/p>\n<p>\u2013 Fansen er sinte. De har ikke sett laget spille bra p\u00e5 veldig, veldig lenge, sier han til Viaplay.<\/p>\n","protected":false},"excerpt":{"rendered":"Wolverhampton fikk kj\u00f8rt seg mot Manchester United i mandagens m\u00f8te i Premier League. Manchester United vant med 4\u20131&hellip;\n","protected":false},"author":2,"featured_media":108051,"comment_status":"","ping_status":"","sticky":false,"template":"","format":"standard","meta":{"footnotes":""},"categories":[59],"tags":[30,28,29,83,82],"class_list":{"0":"post-108050","1":"post","2":"type-post","3":"status-publish","4":"format-standard","5":"has-post-thumbnail","7":"category-sport","8":"tag-no","9":"tag-norge","10":"tag-norway","11":"tag-sport","12":"tag-sports"},"share_on_mastodon":{"url":"https:\/\/pubeurope.com\/@no\/115687757269467239","error":""},"_links":{"self":[{"href":"https:\/\/www.europesays.com\/no\/wp-json\/wp\/v2\/posts\/108050","targetHints":{"allow":["GET"]}}],"collection":[{"href":"https:\/\/www.europesays.com\/no\/wp-json\/wp\/v2\/posts"}],"about":[{"href":"https:\/\/www.europesays.com\/no\/wp-json\/wp\/v2\/types\/post"}],"author":[{"embeddable":true,"href":"https:\/\/www.europesays.com\/no\/wp-json\/wp\/v2\/users\/2"}],"replies":[{"embeddable":true,"href":"https:\/\/www.europesays.com\/no\/wp-json\/wp\/v2\/comments?post=108050"}],"version-history":[{"count":0,"href":"https:\/\/www.europesays.com\/no\/wp-json\/wp\/v2\/posts\/108050\/revisions"}],"wp:featuredmedia":[{"embeddable":true,"href":"https:\/\/www.europesays.com\/no\/wp-json\/wp\/v2\/media\/108051"}],"wp:attachment":[{"href":"https:\/\/www.europesays.com\/no\/wp-json\/wp\/v2\/media?parent=108050"}],"wp:term":[{"taxonomy":"category","embeddable":true,"href":"https:\/\/www.europesays.com\/no\/wp-json\/wp\/v2\/categories?post=108050"},{"taxonomy":"post_tag","embeddable":true,"href":"https:\/\/www.europesays.com\/no\/wp-json\/wp\/v2\/tags?post=108050"}],"curies":[{"name":"wp","href":"https:\/\/api.w.org\/{rel}","templated":true}]}}