{"id":108052,"date":"2025-12-09T04:43:09","date_gmt":"2025-12-09T04:43:09","guid":{"rendered":"https:\/\/www.europesays.com\/no\/108052\/"},"modified":"2025-12-09T04:43:09","modified_gmt":"2025-12-09T04:43:09","slug":"bastian-schweinsteiger-bayern-munchen-bilder-av-schweinsteiger-og-elskerinnen-spres-pa-nett","status":"publish","type":"post","link":"https:\/\/www.europesays.com\/no\/108052\/","title":{"rendered":"Bastian Schweinsteiger, Bayern M\u00fcnchen | Bilder av Schweinsteiger og elskerinnen spres p\u00e5 nett"},"content":{"rendered":"\n<p>Forrige uke meldte flere utenlandske medier at den tyske Bayern M\u00fcnchen-legenden Bastian Schweinsteiger og den serbiske tennisstjernen Ana Ivanovic skiller lag etter flere \u00e5r sammen.<\/p>\n<p>N\u00e5 g\u00e5r bilder av Schweinsteiger og hans p\u00e5st\u00e5tte elskerinne sin seiersgang p\u00e5 nett.<\/p>\n<p>Bildene, der de to er sv\u00e6rt intime, skal v\u00e6re fra i sommer. Relasjonen skal ha oppst\u00e5tt i fjor.<\/p>\n<p><b>Les ogs\u00e5: <a href=\"https:\/\/www.nettavisen.no\/sport\/joey-barton-domt-til-fengsel\/s\/5-95-2768851\" rel=\"Follow nofollow noopener\" target=\"_blank\">Tidligere Premier League-stjerne d\u00f8mt til fengsel<\/a><\/b><\/p>\n<p>Skal ha barn p\u00e5 samme skole<\/p>\n<p>Da nyheten om skilsmissen n\u00e5dde offentligheten ble den begrunnet med at bakgrunnen var \u00abuforenlige uenigheter\u00bb. N\u00e5 kan det imidlertid se ut til at det var flere grunner bak avgj\u00f8relsen. <\/p>\n<p>Kvinnen p\u00e5 de intime bildene skal v\u00e6re fra Bulgaria og har angivelig barn p\u00e5 samme skole som Schweinsteiger og Ivanovic.<\/p>\n<p>   <img decoding=\"async\" width=\"5000\" height=\"3332\" fetchpriority=\"low\"  loading=\"lazy\"  src=\"https:\/\/www.europesays.com\/no\/wp-content\/uploads\/2025\/12\/GettyImages-2074486056.jpg\" alt=\"HOLLYWOOD, CALIFORNIA - MARCH 10: (L-R) Bastian Schweinsteiger and Ana Ivanovic attend the 96th Annual Academy Awards on March 10, 2024 in Hollywood, California. (Photo by JC Olivera\/Getty Images)\" class=\"brick-c-cFOWSL\" style=\"--brick-image-ratio: 5000 \/ 3332;\"\/><\/p>\n<p>      SKILLES: Bastian Schweinsteiger og Ana Ivanovic g\u00e5r hvert til sitt.<br \/>\n      Foto: JC Olivera (Getty Images)\n    <\/p>\n<p>  Giftet seg i 2016<\/p>\n<p>Schweinsteiger og Ivanovic m\u00f8ttes i 2014 og giftet seg i 2016. F\u00f8rstnevnte er best kjent for sin tid i Bayern M\u00fcnchen, mens Ivanovic er en tidligere profesjonell tennisspiller.<\/p>\n<p>Paret har tre barn sammen.<\/p>\n<p>N\u00e5 har de alts\u00e5 g\u00e5tt hvert til sitt og <a href=\"https:\/\/www.bild.de\/unterhaltung\/stars-und-leute\/bastian-schweinsteiger-und-ana-ivanovic-sie-hat-jetzt-die-scheidung-eingereicht-692e917b9372035036979e24\" rel=\"Follow nofollow noopener\" target=\"_blank\">tyske Bild <\/a>skriver at Schweinsteiger p\u00e5 ingen m\u00e5te har oppf\u00f8rt seg som en gentleman i prosessen.<\/p>\n","protected":false},"excerpt":{"rendered":"Forrige uke meldte flere utenlandske medier at den tyske Bayern M\u00fcnchen-legenden Bastian Schweinsteiger og den serbiske tennisstjernen Ana&hellip;\n","protected":false},"author":2,"featured_media":108053,"comment_status":"","ping_status":"","sticky":false,"template":"","format":"standard","meta":{"footnotes":""},"categories":[59],"tags":[30,28,29,83,82],"class_list":{"0":"post-108052","1":"post","2":"type-post","3":"status-publish","4":"format-standard","5":"has-post-thumbnail","7":"category-sport","8":"tag-no","9":"tag-norge","10":"tag-norway","11":"tag-sport","12":"tag-sports"},"share_on_mastodon":{"url":"https:\/\/pubeurope.com\/@no\/115687784834212890","error":""},"_links":{"self":[{"href":"https:\/\/www.europesays.com\/no\/wp-json\/wp\/v2\/posts\/108052","targetHints":{"allow":["GET"]}}],"collection":[{"href":"https:\/\/www.europesays.com\/no\/wp-json\/wp\/v2\/posts"}],"about":[{"href":"https:\/\/www.europesays.com\/no\/wp-json\/wp\/v2\/types\/post"}],"author":[{"embeddable":true,"href":"https:\/\/www.europesays.com\/no\/wp-json\/wp\/v2\/users\/2"}],"replies":[{"embeddable":true,"href":"https:\/\/www.europesays.com\/no\/wp-json\/wp\/v2\/comments?post=108052"}],"version-history":[{"count":0,"href":"https:\/\/www.europesays.com\/no\/wp-json\/wp\/v2\/posts\/108052\/revisions"}],"wp:featuredmedia":[{"embeddable":true,"href":"https:\/\/www.europesays.com\/no\/wp-json\/wp\/v2\/media\/108053"}],"wp:attachment":[{"href":"https:\/\/www.europesays.com\/no\/wp-json\/wp\/v2\/media?parent=108052"}],"wp:term":[{"taxonomy":"category","embeddable":true,"href":"https:\/\/www.europesays.com\/no\/wp-json\/wp\/v2\/categories?post=108052"},{"taxonomy":"post_tag","embeddable":true,"href":"https:\/\/www.europesays.com\/no\/wp-json\/wp\/v2\/tags?post=108052"}],"curies":[{"name":"wp","href":"https:\/\/api.w.org\/{rel}","templated":true}]}}