{"id":108054,"date":"2025-12-09T04:48:42","date_gmt":"2025-12-09T04:48:42","guid":{"rendered":"https:\/\/www.europesays.com\/no\/108054\/"},"modified":"2025-12-09T04:48:42","modified_gmt":"2025-12-09T04:48:42","slug":"dette-spiser-de-i-jula","status":"publish","type":"post","link":"https:\/\/www.europesays.com\/no\/108054\/","title":{"rendered":"Dette spiser de i jula:"},"content":{"rendered":"<p class=\"kicker \" style=\"\">Kongefamilien<\/p>\n<p>  Kongefamilien har flere tradisjonsretter i julen.<\/p>\n<p>\n    JUL: Kronprins Haakon bekrefter at det blir familiejul i \u00e5r. Foto: Stian Lysberg Solum \/ NTB\n  <\/p>\n<p>Hva som blir servert p\u00e5 tallerkenene p\u00e5 julaften rundt omkring i landet, varierer. Alt fra lutefisk, ribbe, pinnekj\u00f8tt og kalkun \u2013 ja, til og med Grandiosa.<\/p>\n<p>De ulike tradisjonene er mange, og det vekker ogs\u00e5 interessen blant oss for hva andre familier spiser i juletiden. Kanskje spesielt \u00e9n familie \u2013 nemlig kongefamilien.<\/p>\n<p>    <a itemprop=\"url\" href=\"https:\/\/www.kk.no\/underholdning\/na-skal-hun-gjore-dette\/83931212\" rel=\"nofollow noopener\" target=\"_blank\"><\/p>\n<p>        <img loading=\"lazy\" decoding=\"async\" src=\"https:\/\/www.europesays.com\/no\/wp-content\/uploads\/2025\/12\/1765255718_843_83931226.webp\" width=\"147\" height=\"98\" title=\"N\u00e5 skal hun gj\u00f8re dette\" alt=\"\" class=\"lazyload\" style=\"--aspect-ratio-image: 1.50; \"\/><\/p>\n<p>        N\u00e5 skal hun gj\u00f8re dette<\/p>\n<p>    <\/a><\/p>\n<p>Familiejul\t<\/p>\n<p>Alt fra hva de g\u00e5r kledd i til hva de spiser p\u00e5 julekvelden, vekker interessen hos mange.<\/p>\n<p>De kongelige f\u00e5r til stadighet oppmerksomhet, blant annet for sine luksuri\u00f8se garderober. For i motsetning til folk flest er det duket for gallaer, slottsball og banketter flere ganger i \u00e5ret for kongefamiliene rundt om i verden.<\/p>\n<p>Men det er ikke bare slottsball og gallaer \u2013 det kommer ogs\u00e5 snart en julefeiring.<a href=\"https:\/\/www.vg.no\/rampelys\/i\/n1R3A5\/kronprinsen-roeper-juleferie-planene\" rel=\"nofollow noopener\" target=\"_blank\"> Nylig skrev VG om hvordan familien i \u00e5r skal feire jul.<\/a><\/p>\n<p>\u2013 Ja, vi skal ha en familiejul. Ganske likt s\u00e5nn som vi pleier, s\u00e5 det gleder vi oss til, sier kronprinsen til NTB og bekrefter at det blir feiring i Norge.<\/p>\n<p>    <a itemprop=\"url\" href=\"https:\/\/www.kk.no\/livet\/roper-ny-jobb-1\/83932134\" rel=\"nofollow noopener\" target=\"_blank\"><\/p>\n<p>        <img loading=\"lazy\" decoding=\"async\" src=\"https:\/\/www.europesays.com\/no\/wp-content\/uploads\/2025\/12\/1765255718_684_83932227.webp\" width=\"147\" height=\"98\" title=\"R\u00f8per ny jobb\" alt=\"\" class=\"lazyload\" style=\"--aspect-ratio-image: 1.50; \"\/><\/p>\n<p>        R\u00f8per ny jobb<\/p>\n<p>    <\/a><\/p>\n<p>Med en kongefamilie som har r\u00f8tter fra b\u00e5de Norge, Sverige, Danmark og England, kan man lure p\u00e5 hva de f\u00e5r servert p\u00e5 tallerkenene i jula.<\/p>\n<p>\u2013 Det serveres b\u00e5de pinnekj\u00f8tt, torsk, lutefisk, rakfisk, ribbe, samt krumkaker og multer. Fra Storbritannia kommer tradisjonen med plumpudding og mincepai, og fra den svenske og danske familien har de blant annet med seg svensk juleskinke og dansk juleand, opplyste Slottet til NTB f\u00f8r jul i fjor.<\/p>\n<p>Juletradisjoner\t<\/p>\n<p>Er du glad i \u00e5 f\u00f8lge de kongeliges juletradisjoner, <a href=\"https:\/\/www.kk.no\/underholdning\/nesten-ugjenkjennelig\/82413229\" rel=\"nofollow noopener\" target=\"_blank\">kan du ogs\u00e5 lese KKs tidligere artikkel <\/a>om en av tradisjonene de kongelige har i Sverige.<\/p>\n<p>    <a itemprop=\"url\" href=\"https:\/\/www.kk.no\/helse\/etter-et-helt-liv-med-angst-og-indre-uro-forsto-kristine-endelig-hvordan-hun-kunne-bli-kvitt-det\/83892778\" rel=\"nofollow noopener\" target=\"_blank\"><\/p>\n<p>        <img loading=\"lazy\" decoding=\"async\" src=\"https:\/\/www.europesays.com\/no\/wp-content\/uploads\/2025\/12\/83902966.webp\" width=\"980\" height=\"441\" title=\"Etter et helt liv med angst og indre uro, forsto Kristine endelig hvordan hun kunne bli kvitt det\" alt=\"\" class=\"lazyload\" style=\"--aspect-ratio-image: 2.22; \"\/><\/p>\n<p>        Etter et helt liv med angst og indre uro, forsto Kristine endelig hvordan hun kunne bli kvitt det<\/p>\n<p>    <\/a><\/p>\n<p>Ogs\u00e5 de kongelige gj\u00f8r det de kan for \u00e5 s\u00f8rge for god julestemning, og i Sverige er det tradisjon at medlemmer av kongefamilien pynter juletr\u00e6rne p\u00e5 Slottet i Stockholm.<\/p>\n<p>I fjor kunne man se bilder av dronning Silvia (80) og hennes \u00e5tte barnebarn som pyntet fjor\u00e5rets juletr\u00e6r.<\/p>\n<p>    <a itemprop=\"url\" href=\"https:\/\/www.kk.no\/livet\/tok-grep-etter-farmen-kjendis\/83933472\" rel=\"nofollow noopener\" target=\"_blank\"><\/p>\n<p>        <img loading=\"lazy\" decoding=\"async\" src=\"https:\/\/www.europesays.com\/no\/wp-content\/uploads\/2025\/12\/83909045.webp\" width=\"980\" height=\"441\" title=\"Tok grep etter \u00abFarmen kjendis\u00bb\" alt=\"\" class=\"lazyload\" style=\"--aspect-ratio-image: 2.22; \"\/><\/p>\n<p>         Tok grep etter \u00abFarmen kjendis\u00bb<\/p>\n<p>    <\/a><\/p>\n","protected":false},"excerpt":{"rendered":"Kongefamilien Kongefamilien har flere tradisjonsretter i julen. JUL: Kronprins Haakon bekrefter at det blir familiejul i \u00e5r. Foto:&hellip;\n","protected":false},"author":2,"featured_media":108055,"comment_status":"","ping_status":"","sticky":false,"template":"","format":"standard","meta":{"footnotes":""},"categories":[10],"tags":[20,21,24,25,15,5593,13395,9242,2590,1222,1764,2293,22,23,4016,7813,13,30,28,29,14,16,26,27],"class_list":{"0":"post-108054","1":"post","2":"type-post","3":"status-publish","4":"format-standard","5":"has-post-thumbnail","7":"category-norge","8":"tag-breaking-news","9":"tag-breakingnews","10":"tag-featured-news","11":"tag-featurednews","12":"tag-headlines","13":"tag-jul","14":"tag-julaften","15":"tag-julemat","16":"tag-kong-harald","17":"tag-kongefamilien","18":"tag-kronprins-haakon","19":"tag-kronprinsesse-mette-marit","20":"tag-latest-news","21":"tag-latestnews","22":"tag-livet","23":"tag-middag","24":"tag-news","25":"tag-no","26":"tag-norge","27":"tag-norway","28":"tag-nyheter","29":"tag-overskrifter","30":"tag-top-stories","31":"tag-topstories"},"share_on_mastodon":{"url":"https:\/\/pubeurope.com\/@no\/115687804799219084","error":""},"_links":{"self":[{"href":"https:\/\/www.europesays.com\/no\/wp-json\/wp\/v2\/posts\/108054","targetHints":{"allow":["GET"]}}],"collection":[{"href":"https:\/\/www.europesays.com\/no\/wp-json\/wp\/v2\/posts"}],"about":[{"href":"https:\/\/www.europesays.com\/no\/wp-json\/wp\/v2\/types\/post"}],"author":[{"embeddable":true,"href":"https:\/\/www.europesays.com\/no\/wp-json\/wp\/v2\/users\/2"}],"replies":[{"embeddable":true,"href":"https:\/\/www.europesays.com\/no\/wp-json\/wp\/v2\/comments?post=108054"}],"version-history":[{"count":0,"href":"https:\/\/www.europesays.com\/no\/wp-json\/wp\/v2\/posts\/108054\/revisions"}],"wp:featuredmedia":[{"embeddable":true,"href":"https:\/\/www.europesays.com\/no\/wp-json\/wp\/v2\/media\/108055"}],"wp:attachment":[{"href":"https:\/\/www.europesays.com\/no\/wp-json\/wp\/v2\/media?parent=108054"}],"wp:term":[{"taxonomy":"category","embeddable":true,"href":"https:\/\/www.europesays.com\/no\/wp-json\/wp\/v2\/categories?post=108054"},{"taxonomy":"post_tag","embeddable":true,"href":"https:\/\/www.europesays.com\/no\/wp-json\/wp\/v2\/tags?post=108054"}],"curies":[{"name":"wp","href":"https:\/\/api.w.org\/{rel}","templated":true}]}}