{"id":108064,"date":"2025-12-09T05:50:11","date_gmt":"2025-12-09T05:50:11","guid":{"rendered":"https:\/\/www.europesays.com\/no\/108064\/"},"modified":"2025-12-09T05:50:11","modified_gmt":"2025-12-09T05:50:11","slug":"prinsesse-ingrid-alexandra-ser-fram-til-lang-juleferie-men-skal-jobbe-ogsa","status":"publish","type":"post","link":"https:\/\/www.europesays.com\/no\/108064\/","title":{"rendered":"Prinsesse Ingrid Alexandra ser fram til lang juleferie \u2013 men skal jobbe ogs\u00e5"},"content":{"rendered":"\n<p class=\"_lead_o9xde_2 _lead_xtcu6_50 layout-component text-serif-m layout-normal text-serif-l layout-component layout-wide layout-padded _wide_17hqh_1 layout-padded\">Prinsesse Ingrid Alexandra er hjemme i Norge p\u00e5 juleferie fra studiene i Australia. Denne uken har hun flere offisielle oppdrag.<\/p>\n<ul class=\"_gallery_1qa3s_23\" tabindex=\"0\">\n<li class=\"_item_1qa3s_37\" data-index=\"0\"><img fetchpriority=\"high\" decoding=\"async\" class=\"_image_foru8_23 _introGallery_foru8_43\" data-fullscreen- width=\"8640\" height=\"5760\" itemprop=\"image\" loading=\"eager\"  src=\"https:\/\/www.europesays.com\/no\/wp-content\/uploads\/2025\/12\/f8986ee8-823a-4e26-bd30-efa5f2ff6398\"  style=\"object-position:50% 50%;aspect-ratio:var(--gallery-aspect-ratio, 16 \/ 9)\"\/>Kronprins Haakon og prinsesse Ingrid Alexandra var p\u00e5 offisielt oppdrag mandag med forskere fra Havforskningsinstituttet, men prinsessen skal ogs\u00e5 utf\u00f8re flere oppdrag alene.  Foto: Heiko Junge \/ NTB \/ POOL<\/li>\n<li class=\"_item_1qa3s_37\" data-index=\"1\"><img decoding=\"async\" class=\"_image_foru8_23 _introGallery_foru8_43\" data-fullscreen- width=\"7856\" height=\"5240\" itemprop=\"image\" loading=\"lazy\"  src=\"https:\/\/www.europesays.com\/no\/wp-content\/uploads\/2025\/12\/15d1cc28-e5b3-4c0e-a071-2940261bd715\"  style=\"object-position:50% 50%;aspect-ratio:var(--gallery-aspect-ratio, 16 \/ 9)\"\/>Prinsesse Ingrid Alexandra gleder seg til \u00e5 gjennomf\u00f8re flere representasjonsoppgaver denne uken, men ser ogs\u00e5 fram til juleferie p\u00e5 hytta.  Foto: Heiko Junge \/ NTB \/ POOL<\/li>\n<\/ul>\n<p>Kronprins Haakon og prinsesse Ingrid Alexandra var p\u00e5 offisielt oppdrag mandag med forskere fra Havforskningsinstituttet, men prinsessen skal ogs\u00e5 utf\u00f8re flere oppdrag alene.  Foto: Heiko Junge \/ NTB \/ POOL<\/p>\n<ul aria-hidden=\"true\" class=\"_images_ntbth_112\">\n<li><a class=\"_link_ntbth_117\" href=\"https:\/\/www.vg.no\/forfatter\/ntb\" style=\"z-index:1\" title=\"NTB\" rel=\"nofollow noopener\" target=\"_blank\"><img alt=\"Bilde av NTB\" class=\"_image_ntbth_93\" fetchpriority=\"low\" loading=\"lazy\" decoding=\"async\" itemprop=\"image\"  src=\"https:\/\/www.europesays.com\/no\/wp-content\/uploads\/2025\/12\/1765259411_17_c33980b0-5d07-4027-84a1-813f90a7c8d6\"  width=\"480\"\/><\/a><\/li>\n<\/ul>\n<p> Oppdatert tirsdag 9. desember kl. 06:23     <\/p>\n<p class=\"_paragraph_o9xde_4 _paragraph_xtcu6_10 layout-component text-serif-m layout-normal text-serif-m layout-padded\">Mandag deltok prinsessen p\u00e5 en b\u00e5ttur i Oslofjorden med forskere, sammen med sin far kronprins Haakon.<\/p>\n<p class=\"_paragraph_o9xde_4 _paragraph_xtcu6_10 layout-component text-serif-m layout-normal text-serif-m layout-padded\">Selv om prinsessen har ferie fra studiene, skal hun ogs\u00e5 gjennomf\u00f8re flere offisielle oppdrag denne uken.<\/p>\n<p class=\"_paragraph_o9xde_4 _paragraph_xtcu6_10 layout-component text-serif-m layout-normal text-serif-m layout-padded\">\u2013 Det er veldig hyggelig. Jeg gleder meg. Det er et fint program vi har lagt opp til, s\u00e5 jeg tror det blir veldig bra, sier prinsessen til NTB.<\/p>\n<p class=\"_paragraph_o9xde_4 _paragraph_xtcu6_10 layout-component text-serif-m layout-normal text-serif-m layout-padded\">\u00c5 v\u00e6re med sin far p\u00e5 oppdrag synes hun er veldig hyggelig, men hun skal ogs\u00e5 utf\u00f8re flere representasjonsoppgaver alene denne uken.<\/p>\n<p class=\"_paragraph_o9xde_4 _paragraph_xtcu6_10 layout-component text-serif-m layout-normal text-serif-m layout-padded\">\u2013 Det er jo litt nytt. Jeg synes det er hyggelig n\u00e5r vi kan gj\u00f8re ting sammen, og s\u00e5 er det litt kult \u00e5 kunne gj\u00f8re ting alene ogs\u00e5, sier hun.<\/p>\n<p>M\u00f8ter Norges f\u00f8rste astronaut<\/p>\n<p class=\"_paragraph_o9xde_4 _paragraph_xtcu6_10 layout-component text-serif-m layout-normal text-serif-m layout-padded\">Allerede tirsdag skal prinsessen p\u00e5 jobb for Norge og kongehuset alene. Hun skal f\u00f8rst bes\u00f8ke Direktoratet for romvirksomhet i Oslo f\u00f8r hun mottar astronauten Jannicke Mikkelsen i audiens.<\/p>\n<p class=\"_paragraph_o9xde_4 _paragraph_xtcu6_10 layout-component text-serif-m layout-normal text-serif-m layout-padded\">Mikkelsen ble i v\u00e5r historisk som Norges f\u00f8rste astronaut i verdensrommet, i den f\u00f8rste bemannede romferden over Nord- og Sydpolen.<\/p>\n<p class=\"_paragraph_o9xde_4 _paragraph_xtcu6_10 layout-component text-serif-m layout-normal text-serif-m layout-padded\">Deretter mottar hun representanter for Norsk Reservistforbund i audiens.<\/p>\n<p class=\"_paragraph_o9xde_4 _paragraph_xtcu6_10 layout-component text-serif-m layout-normal text-serif-m layout-padded\">Onsdag bes\u00f8ker hun og moren kronprinsesse Mette-Marit Redd Barnas fredsprisfest utenfor Nobels Fredssenter i Oslo, f\u00f8r hun deltar sammen med den \u00f8vrige kongefamilien ved utdelingen av Nobels fredspris til Maria Corina Machado fra Venezuela.<\/p>\n<p class=\"_paragraph_o9xde_4 _paragraph_xtcu6_10 layout-component text-serif-m layout-normal text-serif-m layout-padded\">De to siste oppdragene f\u00f8r jul blir en f\u00f8rjulsstund i Slottskapellet 16. desember der kronprins Haakon og kronprinsesse Mette-Marit tar imot gjester fra n\u00f8detatene, et arrangement som ogs\u00e5 sendes i sin helhet p\u00e5 NRK. Her deltar ogs\u00e5 prins Sverre Magnus.<\/p>\n<p class=\"_paragraph_o9xde_4 _paragraph_xtcu6_10 layout-component text-serif-m layout-normal text-serif-m layout-padded\">Siste post p\u00e5 det offisielle programmet er regjeringslunsjen 19. desember p\u00e5 Slottet.<\/p>\n<p>Ordentlig juleferie<\/p>\n<p class=\"_paragraph_o9xde_4 _paragraph_xtcu6_10 layout-component text-serif-m layout-normal text-serif-m layout-padded\">Deretter er det ordentlig juleferie for prinsessen.<\/p>\n<p class=\"_paragraph_o9xde_4 _paragraph_xtcu6_10 layout-component text-serif-m layout-normal text-serif-m layout-padded\">\u2013 Jeg h\u00e5per vi f\u00e5r dratt p\u00e5 hytta. N\u00e5 har jeg kommet hjem og f\u00e5tt sett litt til familie og venner, noe som er veldig hyggelig. Jeg blir hjemme ganske lenge siden vi har en lang ferie, sier hun.<\/p>\n<p class=\"_paragraph_o9xde_4 _paragraph_xtcu6_10 layout-component text-serif-m layout-normal text-serif-m layout-padded\">Her skyter kronprins Haakon inn at det er sommerferie i Australia n\u00e5 og dermed en litt lengre ferie ved juletider enn om sommeren.<\/p>\n<p class=\"_paragraph_o9xde_4 _paragraph_xtcu6_10 layout-component text-serif-m layout-normal text-serif-m layout-padded\">Ingrid Alexandra forteller at hun trives veldig godt i Australia, s\u00e6rlig etter at medietrykket i begynnelsen, ikke minst fra norsk presse, har avtatt noe.<\/p>\n<p class=\"_paragraph_o9xde_4 _paragraph_xtcu6_10 layout-component text-serif-m layout-normal text-serif-m layout-padded\">\u2013 Det var en del i starten, men det har roet seg en del, s\u00e5 det har g\u00e5tt fint, egentlig, sier hun.<\/p>\n<p class=\"_paragraph_o9xde_4 _paragraph_xtcu6_10 layout-component text-serif-m layout-normal text-serif-m layout-padded\">De sportsinteresserte kongelige har enn\u00e5 ikke lagt noen planer n\u00e5r det gjelder fotball-VM neste \u00e5r, men sier det \u00abhadde v\u00e6rt veldig g\u00f8y\u00bb \u00e5 v\u00e6re med p\u00e5 det.<\/p>\n<p class=\"_paragraph_o9xde_4 _paragraph_xtcu6_10 layout-component text-serif-m layout-normal text-serif-m layout-padded\">\u2013 Den avgj\u00f8relsen har vi ikke tatt enn\u00e5, men det er jo veldig g\u00f8y \u00e5 f\u00f8lge dem n\u00e5 og p\u00e5 veien fram mot VM, sier kronprins Haakon, mens datteren istemmer med \u00abveldig kult\u00bb.<\/p>\n<p class=\"_paragraph_o9xde_4 _paragraph_xtcu6_10 layout-component text-serif-m layout-normal layout-padded\"><strong class=\"_strong_o9xde_25\">Les ogs\u00e5:<\/strong> <a href=\"https:\/\/www.vg.no\/i\/bOKXwd\" data-track-element-type=\"Link\" data-track-id=\"link:bOKXwd\" class=\"_link_o9xde_39\" rel=\"nofollow noopener\" target=\"_blank\">Prinsesse Ingrid Alexandra er tilbake i Norge<\/a><\/p>\n","protected":false},"excerpt":{"rendered":"Prinsesse Ingrid Alexandra er hjemme i Norge p\u00e5 juleferie fra studiene i Australia. Denne uken har hun flere&hellip;\n","protected":false},"author":2,"featured_media":108065,"comment_status":"","ping_status":"","sticky":false,"template":"","format":"standard","meta":{"footnotes":""},"categories":[10],"tags":[20,21,24,25,15,22,23,13,30,28,29,14,16,291,26,27],"class_list":{"0":"post-108064","1":"post","2":"type-post","3":"status-publish","4":"format-standard","5":"has-post-thumbnail","7":"category-norge","8":"tag-breaking-news","9":"tag-breakingnews","10":"tag-featured-news","11":"tag-featurednews","12":"tag-headlines","13":"tag-latest-news","14":"tag-latestnews","15":"tag-news","16":"tag-no","17":"tag-norge","18":"tag-norway","19":"tag-nyheter","20":"tag-overskrifter","21":"tag-prinsesse-ingrid-alexandra","22":"tag-top-stories","23":"tag-topstories"},"share_on_mastodon":{"url":"https:\/\/pubeurope.com\/@no\/115688048464820237","error":""},"_links":{"self":[{"href":"https:\/\/www.europesays.com\/no\/wp-json\/wp\/v2\/posts\/108064","targetHints":{"allow":["GET"]}}],"collection":[{"href":"https:\/\/www.europesays.com\/no\/wp-json\/wp\/v2\/posts"}],"about":[{"href":"https:\/\/www.europesays.com\/no\/wp-json\/wp\/v2\/types\/post"}],"author":[{"embeddable":true,"href":"https:\/\/www.europesays.com\/no\/wp-json\/wp\/v2\/users\/2"}],"replies":[{"embeddable":true,"href":"https:\/\/www.europesays.com\/no\/wp-json\/wp\/v2\/comments?post=108064"}],"version-history":[{"count":0,"href":"https:\/\/www.europesays.com\/no\/wp-json\/wp\/v2\/posts\/108064\/revisions"}],"wp:featuredmedia":[{"embeddable":true,"href":"https:\/\/www.europesays.com\/no\/wp-json\/wp\/v2\/media\/108065"}],"wp:attachment":[{"href":"https:\/\/www.europesays.com\/no\/wp-json\/wp\/v2\/media?parent=108064"}],"wp:term":[{"taxonomy":"category","embeddable":true,"href":"https:\/\/www.europesays.com\/no\/wp-json\/wp\/v2\/categories?post=108064"},{"taxonomy":"post_tag","embeddable":true,"href":"https:\/\/www.europesays.com\/no\/wp-json\/wp\/v2\/tags?post=108064"}],"curies":[{"name":"wp","href":"https:\/\/api.w.org\/{rel}","templated":true}]}}