{"id":108068,"date":"2025-12-09T05:58:15","date_gmt":"2025-12-09T05:58:15","guid":{"rendered":"https:\/\/www.europesays.com\/no\/108068\/"},"modified":"2025-12-09T05:58:15","modified_gmt":"2025-12-09T05:58:15","slug":"nytt-trafikknutepunkt-i-alesund-vi-er-frykteleg-stolte","status":"publish","type":"post","link":"https:\/\/www.europesays.com\/no\/108068\/","title":{"rendered":"Nytt trafikknute\u00adpunkt i \u00c5lesund: \u2013 Vi er frykteleg stolte"},"content":{"rendered":"<p>Saka samanfatta:<\/p>\n<ul>\n<li>Ny sykkelveg, kollektivknutepunkt og parkeringshus opna ved \u00c5lesund sjukehus.<\/li>\n<li>Passasjen parkering er universelt utforma og fungerer som hovudinngang mellom busstoppet og sjukehuset.<\/li>\n<li>600 parkeringsplassar er tilgjengelege, med moglegheit for utviding.<\/li>\n<li>Ny busshaldeplass skal gi betre effektivitet og mindre forseinkingar for kollektivtrafikken.<\/li>\n<li>Mesteparten av vegen fr\u00e5 busshaldeplassen til sjukehuset er no under tak, noko som skal forenkle tilkomsten for passasjerar.<\/li>\n<li>Prosjektet er gjennomf\u00f8rt i samarbeid med fleire akt\u00f8rar.<\/li>\n<\/ul>\n<p>Oppsummeringa er laga av ei KI-teneste fr\u00e5 OpenAI. Innhaldet er kvalitetssikra av NRK sine journalistar f\u00f8r publisering.<\/p>\n<p>M\u00e5ndag opna den nye sykkelvegen og knutepunktet for kollektivtrafikk ved \u00c5lesund sjukehus.<\/p>\n<p>For f\u00f8rste gang kunne folk bruke Passasjen parkering, som ogs\u00e5 forbind busstoppet med inngangen til sjukehuset.<\/p>\n<p>P\u00e5 sikt skal ein kunne g\u00e5 t\u00f8rrskodd heilt inn.<\/p>\n<p><strong>\u2013 Dette her skal bli bra, uansett v\u00ear og vind!, seier styreleiar i Sunnm\u00f8re parkering, Berit S\u00f8rland Wennersberg. <\/strong><\/p>\n<p>    <img alt=\"Passasjen parkeringshus ved \u00c5lesund sjukehus skal gjere det enklare \u00e5 parkere ved sjukehuset, og gje kort veg fr\u00e5 busstopp til hovedinngangen ved sjukehuset\"  loading=\"lazy\"\/><img alt=\"Passasjen parkeringshus ved \u00c5lesund sjukehus skal gjere det enklare \u00e5 parkere ved sjukehuset, og gje kort veg fr\u00e5 busstopp til hovedinngangen ved sjukehuset\"  loading=\"lazy\"\/><\/p>\n<p>Vegen mellom busstoppet og parkeringsbygget Passasjen har varmekablar for \u00e5 hindre at det frys. <\/p>\n<p>Foto: \u00d8yvind Sandnes \/ NRK<\/p>\n<p>Sunnm\u00f8re parkering har samarbeidd med fleire andre akt\u00f8rar om \u00e5 realisere prosjektet.<\/p>\n<p><strong>\u2013 Passasjen er universelt forma ut. Her har vi brukt forskjellige fargar og materialar for \u00e5 skilje dette fr\u00e5 parkeringsplassen, seier Wennersberg. <\/strong><\/p>\n<p>No er det lagt opp til 600 parkeringsplassar ved sjukehuset, og Wennersberg seier dei har rigga til to ekstra etasjar dersom det er behov for fleire.<\/p>\n<p><strong>\u2013 Vi er frykteleg stolte av at vi har klart \u00e5 reise dette bygget. <\/strong><\/p>\n<p>    <img alt=\"Ny passasje og kollektivknutepunkt ved \u00c5lesund sjukehus\"  loading=\"lazy\"\/><img alt=\"Ny passasje og kollektivknutepunkt ved \u00c5lesund sjukehus\"  loading=\"lazy\"\/><\/p>\n<p>No g\u00e5r ikkje bussen lengre ned til sjukehuset.<\/p>\n<p>Foto: \u00d8yvind Berge S\u00e6bj\u00f8rnsen \/ NRK<\/p>\n<p>Ny busshaldeplass<\/p>\n<p>Den nye busshaldeplassen vil no heite \u00ab\u00c5lesund sjukehus\u00bb, og ligg ikkje langt unna den nye hovudinngangen til sjukehuset.<\/p>\n<p>Avdelingssjef i Fram, Stig Helle-Tautra, trur det er ein fordel at bussen har f\u00e5tt ny haldeplass.<\/p>\n<p><strong>\u2013 Vi f\u00e5r mindre forseinkingar og det vil bli meir effektivt for oss.<\/strong><\/p>\n<p><img decoding=\"async\"   src=\"data:image\/gif;base64,R0lGODlhAQABAIAAAAAAAP\/\/\/yH5BAEAAAAALAAAAAABAAEAAAIBRAA7\" loading=\"eager\" alt=\"Ny passasje og kollektivknutepunkt ved \u00c5lesund sjukehus\" title=\"Foto: \u00d8yvind Berge S\u00e6bj\u00f8rnsen \/ NRK\"\/><\/p>\n<p class=\"\">Stig Helle-Tautra trur det vil bli f\u00e6rre forseinkingar no. <\/p>\n<p>Foto: \u00d8yvind Berge S\u00e6bj\u00f8rnsen \/ NRK<\/p>\n<p>Inge R\u00f8nstad er r\u00e5dgjevar i transportselskapet Fram, og er positiv til prosjektet.<\/p>\n<p>Han seier at den st\u00f8rste forskjellen for passasjerane blir at mesteparten av vegen til sjukehuset no blir under tak.<\/p>\n<p><strong>\u2013 Den store forskjellen for oss blir at bussane ikkje g\u00e5r ned bakken til sjukehuset lengre. Det er jo ein stor fordel for oss, sidan vi har hatt utfordringar, spesielt p\u00e5 vinteren n\u00e5r bussane st\u00e5r og spinn.<\/strong><\/p>\n<p>Ole Kristian Birkeland er prosjektleiar i Statens vegvesen, og vil rette ein takk til alle som har passert anlegget medan dei har arbeidd.<\/p>\n<p><strong>\u2013 Takk til bilistar, trafikantar og fotgjengarar. Det er jo omstendeleg arbeid, men det har g\u00e5tt bra. <\/strong><\/p>\n<p>Publisert<\/p>\n<p>08.12.2025, kl. 20.01<\/p>\n","protected":false},"excerpt":{"rendered":"Saka samanfatta: Ny sykkelveg, kollektivknutepunkt og parkeringshus opna ved \u00c5lesund sjukehus. Passasjen parkering er universelt utforma og fungerer&hellip;\n","protected":false},"author":2,"featured_media":108069,"comment_status":"","ping_status":"","sticky":false,"template":"","format":"standard","meta":{"footnotes":""},"categories":[10],"tags":[20,21,24,25,15,22,23,13,30,28,29,14,16,26,27],"class_list":{"0":"post-108068","1":"post","2":"type-post","3":"status-publish","4":"format-standard","5":"has-post-thumbnail","7":"category-norge","8":"tag-breaking-news","9":"tag-breakingnews","10":"tag-featured-news","11":"tag-featurednews","12":"tag-headlines","13":"tag-latest-news","14":"tag-latestnews","15":"tag-news","16":"tag-no","17":"tag-norge","18":"tag-norway","19":"tag-nyheter","20":"tag-overskrifter","21":"tag-top-stories","22":"tag-topstories"},"share_on_mastodon":{"url":"https:\/\/pubeurope.com\/@no\/115688079551140239","error":""},"_links":{"self":[{"href":"https:\/\/www.europesays.com\/no\/wp-json\/wp\/v2\/posts\/108068","targetHints":{"allow":["GET"]}}],"collection":[{"href":"https:\/\/www.europesays.com\/no\/wp-json\/wp\/v2\/posts"}],"about":[{"href":"https:\/\/www.europesays.com\/no\/wp-json\/wp\/v2\/types\/post"}],"author":[{"embeddable":true,"href":"https:\/\/www.europesays.com\/no\/wp-json\/wp\/v2\/users\/2"}],"replies":[{"embeddable":true,"href":"https:\/\/www.europesays.com\/no\/wp-json\/wp\/v2\/comments?post=108068"}],"version-history":[{"count":0,"href":"https:\/\/www.europesays.com\/no\/wp-json\/wp\/v2\/posts\/108068\/revisions"}],"wp:featuredmedia":[{"embeddable":true,"href":"https:\/\/www.europesays.com\/no\/wp-json\/wp\/v2\/media\/108069"}],"wp:attachment":[{"href":"https:\/\/www.europesays.com\/no\/wp-json\/wp\/v2\/media?parent=108068"}],"wp:term":[{"taxonomy":"category","embeddable":true,"href":"https:\/\/www.europesays.com\/no\/wp-json\/wp\/v2\/categories?post=108068"},{"taxonomy":"post_tag","embeddable":true,"href":"https:\/\/www.europesays.com\/no\/wp-json\/wp\/v2\/tags?post=108068"}],"curies":[{"name":"wp","href":"https:\/\/api.w.org\/{rel}","templated":true}]}}