{"id":108076,"date":"2025-12-09T06:08:20","date_gmt":"2025-12-09T06:08:20","guid":{"rendered":"https:\/\/www.europesays.com\/no\/108076\/"},"modified":"2025-12-09T06:08:20","modified_gmt":"2025-12-09T06:08:20","slug":"vant-avstemming-klart-ble-manedens-spiller","status":"publish","type":"post","link":"https:\/\/www.europesays.com\/no\/108076\/","title":{"rendered":"Vant avstemming klart \u2013 ble m\u00e5nedens spiller"},"content":{"rendered":"<p>        Mike Egerton &#8211; PA Images\n    <\/p>\n<p class=\"kicker font-weight-bold m-font-weight-bold tertiary color_mobile_tertiary\" style=\"\">NOTISER:<\/p>\n<p>LES OGS\u00c5: Forrige ukes notiser<\/p>\n<p>Mandag 8. desemberAmass vant k\u00e5ring klart<\/p>\n<p>Harry Amass er m\u00e5nedens spiller i Sheffield Wednesday for november, bekrefter klubben.<\/p>\n<p>Det var fansen som stemte, og Amass fikk hele 82% av stemmene. Kaptein Barry Bannan var n\u00e6rmest med 10%.<\/p>\n<p>McClair og McTominay fyller \u00e5r<\/p>\n<p>De to tidligere United-spillerne Brian McClair og Scott McTominay fyller \u00e5r i dag.\u00a0<\/p>\n<p>McClair ble f\u00f8dt i Bellshill i Skottland i 1963, og fyller alts\u00e5 62 \u00e5r i dag. \u00abChoccy\u00bb spilte 471 kamper for United, og scoret 127 m\u00e5l.<\/p>\n<p>Scott McTominay ble f\u00f8dt i Lancaster p\u00e5 McClairs 33-\u00e5rsdag i 1996, og fyller med andre ord 29 \u00e5r. Han spilte 255 kamper for United, og scoret 29 m\u00e5l.<\/p>\n<p>Gratulerer med dagen til begge to!<\/p>\n<p>                <img decoding=\"async\" src=\"https:\/\/www.europesays.com\/no\/wp-content\/uploads\/2025\/12\/1289400.webp\" width=\"480\" height=\"274\" title=\"McTominay etter \u00e5 ha scoret 1-0-m\u00e5let mot Liverpool i 4-3-kampen i mars 2024.\" alt=\"\" loading=\"lazy\" style=\"\"\/><\/p>\n<p>\n            McTominay etter \u00e5 ha scoret 1-0-m\u00e5let mot Liverpool i 4-3-kampen i mars 2024.<br \/>\n            Stu Forster\n        <\/p>\n","protected":false},"excerpt":{"rendered":"Mike Egerton &#8211; PA Images NOTISER: LES OGS\u00c5: Forrige ukes notiser Mandag 8. desemberAmass vant k\u00e5ring klart Harry&hellip;\n","protected":false},"author":2,"featured_media":108077,"comment_status":"","ping_status":"","sticky":false,"template":"","format":"standard","meta":{"footnotes":""},"categories":[59],"tags":[30,28,29,83,82],"class_list":{"0":"post-108076","1":"post","2":"type-post","3":"status-publish","4":"format-standard","5":"has-post-thumbnail","7":"category-sport","8":"tag-no","9":"tag-norge","10":"tag-norway","11":"tag-sport","12":"tag-sports"},"share_on_mastodon":{"url":"https:\/\/pubeurope.com\/@no\/115688118942449810","error":""},"_links":{"self":[{"href":"https:\/\/www.europesays.com\/no\/wp-json\/wp\/v2\/posts\/108076","targetHints":{"allow":["GET"]}}],"collection":[{"href":"https:\/\/www.europesays.com\/no\/wp-json\/wp\/v2\/posts"}],"about":[{"href":"https:\/\/www.europesays.com\/no\/wp-json\/wp\/v2\/types\/post"}],"author":[{"embeddable":true,"href":"https:\/\/www.europesays.com\/no\/wp-json\/wp\/v2\/users\/2"}],"replies":[{"embeddable":true,"href":"https:\/\/www.europesays.com\/no\/wp-json\/wp\/v2\/comments?post=108076"}],"version-history":[{"count":0,"href":"https:\/\/www.europesays.com\/no\/wp-json\/wp\/v2\/posts\/108076\/revisions"}],"wp:featuredmedia":[{"embeddable":true,"href":"https:\/\/www.europesays.com\/no\/wp-json\/wp\/v2\/media\/108077"}],"wp:attachment":[{"href":"https:\/\/www.europesays.com\/no\/wp-json\/wp\/v2\/media?parent=108076"}],"wp:term":[{"taxonomy":"category","embeddable":true,"href":"https:\/\/www.europesays.com\/no\/wp-json\/wp\/v2\/categories?post=108076"},{"taxonomy":"post_tag","embeddable":true,"href":"https:\/\/www.europesays.com\/no\/wp-json\/wp\/v2\/tags?post=108076"}],"curies":[{"name":"wp","href":"https:\/\/api.w.org\/{rel}","templated":true}]}}