{"id":108078,"date":"2025-12-09T06:13:10","date_gmt":"2025-12-09T06:13:10","guid":{"rendered":"https:\/\/www.europesays.com\/no\/108078\/"},"modified":"2025-12-09T06:13:10","modified_gmt":"2025-12-09T06:13:10","slug":"et-vapenkapplop-er-uunngaelig","status":"publish","type":"post","link":"https:\/\/www.europesays.com\/no\/108078\/","title":{"rendered":"\u2013 Et v\u00e5penkappl\u00f8p er uunng\u00e5elig"},"content":{"rendered":"<p>I dag er det seks land som er i besittelse av\u00a0atomub\u00e5ter \u2013 USA, Storbritannia, Frankrike, Russland, India og Kina.<\/p>\n<p data-lab-font_weight=\"font-weight-bold\" class=\"font-weight-bold m-font-weight-bold\">Ett til kan holde p\u00e5 \u00e5 bygge det.<\/p>\n<p data-lab-font_weight=\"\">I mars publiserte KCNA, Nord-Koreas statskontrollerte nyhetsbyr\u00e5, flere bilder av Kim Jong-un p\u00e5 bes\u00f8k hos et skipsverft.\u00a0<\/p>\n<p data-lab-font_weight=\"\"> Bildene viser at han g\u00e5r langs det som skal v\u00e6re skroget til en ub\u00e5t. Den kommer til \u00e5 v\u00e6re atomdrevet, hevder landets regime. <\/p>\n<p>                <img decoding=\"async\" src=\"https:\/\/www.europesays.com\/no\/wp-content\/uploads\/2025\/12\/1318848.webp\" width=\"480\" height=\"274\" title=\"If\u00f8lge analyser gjort av nettavisen NK News er bildet fra mars tatt p\u00e5 et skipsverft i Sinpo p\u00e5 Nord-Koreas \u00f8stkyst.\" alt=\"\" loading=\"lazy\" style=\"\"\/><\/p>\n<p>\n            If\u00f8lge analyser gjort av nettavisen NK News er bildet fra mars tatt p\u00e5 et skipsverft i Sinpo p\u00e5 Nord-Koreas \u00f8stkyst.<br \/>\n            Korean Central News Agency \/ AFP \/ NTB\n        <\/p>\n<p data-lab-font_weight=\"\">N\u00e5r den kan settes i drift, er helt i det bl\u00e5.\u00a0<\/p>\n<p data-lab-font_weight=\"\">Det finnes ingen publiserte bilder av hele ub\u00e5ten. Nordkoreansk presse skriver heller ikke hvor langt utviklingen har kommet.<\/p>\n<p data-lab-font_weight=\"font-weight-bold\" class=\"font-weight-bold m-font-weight-bold\">Nabolandet i s\u00f8r f\u00f8lger n\u00f8ye med.\u00a0<\/p>\n<p data-lab-font_weight=\"\">Trusselen fra Nord-Korea, og etter hvert Kina, er \u00e5rsaken til at S\u00f8r-Korea i flere ti\u00e5r har lekt med tanken om \u00e5 utvikle egne atomub\u00e5ter. N\u00e5 kan det bli en realitet.<\/p>\n<p>\u2013\u00a0Ub\u00e5ter er sv\u00e6rt effektive angrepssystemer. Et v\u00e5penkappl\u00f8p i regionen er uunng\u00e5elig, sier Choi Il, pensjonert ub\u00e5tkaptein i den s\u00f8rkoreanske marinen, til <a href=\"https:\/\/www.reuters.com\/world\/china\/south-koreas-nuclear-submarine-gamble-raises-prospect-underwater-arms-race-asia-2025-12-05\/\" target=\"_blank\" rel=\"nofollow noopener\">Reuters<\/a>.<\/p>\n<p>President Lees b\u00f8nn<\/p>\n<p>I slutten av oktober m\u00f8ttes Donald Trump og Lee Jae-myung i\u00a0Gyeongju i S\u00f8r-Korea.\u00a0<\/p>\n<p>        <a itemprop=\"url\" class=\"\" href=\"https:\/\/www.abcnyheter.no\/nyheter\/sor-koreas-nye-monstermissil-de-har-en-helt-spesiell-strategi\/1264055\" data-k5a-url=\"https:\/\/www.abcnyheter.no\/a\/1264055\" rel=\"nofollow noopener\" target=\"_blank\"><\/p>\n<p>            S\u00f8r-Koreas nye \u00abmonstermissil\u00bb: \u2013 De har en helt spesiell strategi<\/p>\n<p itemprop=\"section\" class=\"section\" data-tag=\"nyheter\">nyheter<\/p>\n<p>        <\/a><\/p>\n<p>President Lee hadde da\u00a0<a href=\"https:\/\/en.yna.co.kr\/view\/AEN20251029009852315\" target=\"_blank\" rel=\"nofollow noopener\">en klar ambisjon<\/a>.<\/p>\n<p>\u2013 Jeg h\u00e5per at du vil bestemme deg for \u00e5 tillate oss drivstoff til atomub\u00e5ter, sa Lee til sin amerikanske motpart under m\u00f8tet.<\/p>\n<p class=\"font-weight-bold m-font-weight-bold\" data-lab-font_weight=\"font-weight-bold\">\u2013 Da kan vi, ved \u00e5 bruke v\u00e5r egen teknologi, bygge flere atomub\u00e5ter med konvensjonelle v\u00e5pen som kan forsvare havomr\u00e5dene rundt Koreahalv\u00f8ya. Det vil til slutt redusere byrden p\u00e5 amerikanske styrker, la S\u00f8r-Koreas president til.<\/p>\n<p>Lee ble h\u00f8rt. Svaret fra USAs president var positivt.<\/p>\n<p>                <img decoding=\"async\" src=\"https:\/\/www.europesays.com\/no\/wp-content\/uploads\/2025\/12\/1321406.webp\" width=\"480\" height=\"274\" title=\"Trump fikk denne kopien av en gammel gullkrone i gave da han nylig bes\u00f8kte S\u00f8r-Korea.\" alt=\"\" loading=\"lazy\" style=\"\"\/><\/p>\n<p>\n            Trump fikk denne kopien av en gammel gullkrone i gave da han nylig bes\u00f8kte S\u00f8r-Korea.<br \/>\n            Mark Schiefelbein \/ AP \/ NTB\n        <\/p>\n<p class=\"font-weight-bold m-font-weight-bold\" data-lab-font_weight=\"font-weight-bold\">\u2013 Milit\u00e6ralliansen v\u00e5r er sterkere enn noen gang f\u00f8r. Basert p\u00e5 det har jeg gitt dem tillatelse til \u00e5 bygge en atomub\u00e5t, istedenfor de gammeldagse og trege dieseldrevne ub\u00e5tene de har n\u00e5, skrev Trump p\u00e5 <a href=\"https:\/\/truthsocial.com\/@realDonaldTrump\/posts\/115459650821125830\" target=\"_blank\" rel=\"nofollow noopener\">Truth Social<\/a> etter m\u00f8tet.<\/p>\n<p data-lab-font_weight=\"\">Klarsignalet kan f\u00e5 f\u00f8lger for hele Asia.<\/p>\n<p>Overrasket Japan<\/p>\n<p data-lab-font_weight=\"\">Det gr\u00f8nne lyset fra Trump skal ha kommet overraskende p\u00e5 Japan, if\u00f8lge nyhetsbyr\u00e5et.<\/p>\n<p data-lab-font_weight=\"font-weight-bold\" class=\"font-weight-bold m-font-weight-bold\">En kilde sier til Reuters at myndighetene i Tokyo ble \u00absjokkert\u00bb over Trumps st\u00f8tte til S\u00f8r-Korea. De s\u00e5 for seg at Japan stod foran S\u00f8r-Korea i atomub\u00e5t-k\u00f8en.<\/p>\n<p data-lab-font_weight=\"\">Som en konsekvens kan Japan bli n\u00f8dt til \u00e5 tenke nytt, sier den s\u00f8rkoreanske politikeren og forsvarseksperten Yu Yong-weon.<\/p>\n<p>                <img decoding=\"async\" src=\"https:\/\/www.europesays.com\/no\/wp-content\/uploads\/2025\/12\/1322502.webp\" width=\"480\" height=\"274\" title=\"Japan har i dag, i likhet med S\u00f8r-Korea, ikke atomub\u00e5ter.\" alt=\"\" loading=\"lazy\" style=\"\"\/><\/p>\n<p>\n            Japan har i dag, i likhet med S\u00f8r-Korea, ikke atomub\u00e5ter.<br \/>\n            Toru Hanai \/ Reuters\n        <\/p>\n<p data-lab-font_weight=\"\">Japans forsvarsdepartement har ikke \u00f8nsket \u00e5 kommentere saken Reuters har skrevet. En japansk tjenesteperson sier at dersom Japan skulle g\u00e5 inn for \u00e5 utvikle atomub\u00e5ter, vil landet be USA om n\u00f8dvendig hjelp.<\/p>\n<p data-lab-font_weight=\"\">Cheong Seong-chang fra den s\u00f8rkoreanske tenketanken Sejong utelukker ikke at S\u00f8r-Korea og Japan kan komme til \u00e5 utvikle slike ub\u00e5ter sammen, med bistand fra USA.<\/p>\n<p>Hva med Kina?<\/p>\n<p>Det er ogs\u00e5 knyttet spenning til hvordan S\u00f8r-Koreas nabo i vest, Kina, vil reagere.<\/p>\n<p>        <a itemprop=\"url\" class=\"\" href=\"https:\/\/www.abcnyheter.no\/nyheter\/kinas-militaere-ambisjoner-pa-sjoen-er-enorme\/1228436\" data-k5a-url=\"https:\/\/www.abcnyheter.no\/a\/1228436\" rel=\"nofollow noopener\" target=\"_blank\"><\/p>\n<p>            \u2013 Kinas milit\u00e6re ambisjoner p\u00e5 sj\u00f8en er enorme<\/p>\n<p itemprop=\"section\" class=\"section\" data-tag=\"nyheter\">nyheter<\/p>\n<p>        <\/a><\/p>\n<p>Kina viser <a href=\"https:\/\/www.abcnyheter.no\/nyheter\/kinas-militaere-ambisjoner-pa-sjoen-er-enorme\/1228436\" target=\"_blank\" rel=\"nofollow noopener\">stadig st\u00f8rre ambisjoner til havs<\/a>.<\/p>\n<p data-lab-font_weight=\"font-weight-bold\" class=\"font-weight-bold m-font-weight-bold\">Kinas ambassad\u00f8r til S\u00f8r-Korea, Dai Bing, sier at Kina h\u00e5per S\u00f8r-Korea vil h\u00e5ndtere saken p\u00e5 en forsvarlig m\u00e5te, med hensyn til alle parters bekymringer, skriver <a href=\"https:\/\/www.bbc.com\/news\/articles\/c620qppzlgwo\" target=\"_blank\" style=\"font-weight: 700;\" rel=\"nofollow noopener\">BBC<\/a>.<\/p>\n<p data-lab-font_weight=\"\">Det har v\u00e6rt v\u00e5penhvile p\u00e5 Koreahalv\u00f8ya siden 1953. Krigen er ikke formelt avsluttet.<\/p>\n","protected":false},"excerpt":{"rendered":"I dag er det seks land som er i besittelse av\u00a0atomub\u00e5ter \u2013 USA, Storbritannia, Frankrike, Russland, India og&hellip;\n","protected":false},"author":2,"featured_media":108079,"comment_status":"","ping_status":"","sticky":false,"template":"","format":"standard","meta":{"footnotes":""},"categories":[12],"tags":[20,21,24,25,15,22,23,13,30,28,29,14,16,26,27,42,43,44,45],"class_list":{"0":"post-108078","1":"post","2":"type-post","3":"status-publish","4":"format-standard","5":"has-post-thumbnail","7":"category-verden","8":"tag-breaking-news","9":"tag-breakingnews","10":"tag-featured-news","11":"tag-featurednews","12":"tag-headlines","13":"tag-latest-news","14":"tag-latestnews","15":"tag-news","16":"tag-no","17":"tag-norge","18":"tag-norway","19":"tag-nyheter","20":"tag-overskrifter","21":"tag-top-stories","22":"tag-topstories","23":"tag-verden","24":"tag-world","25":"tag-world-news","26":"tag-worldnews"},"share_on_mastodon":{"url":"https:\/\/pubeurope.com\/@no\/115688138966955145","error":""},"_links":{"self":[{"href":"https:\/\/www.europesays.com\/no\/wp-json\/wp\/v2\/posts\/108078","targetHints":{"allow":["GET"]}}],"collection":[{"href":"https:\/\/www.europesays.com\/no\/wp-json\/wp\/v2\/posts"}],"about":[{"href":"https:\/\/www.europesays.com\/no\/wp-json\/wp\/v2\/types\/post"}],"author":[{"embeddable":true,"href":"https:\/\/www.europesays.com\/no\/wp-json\/wp\/v2\/users\/2"}],"replies":[{"embeddable":true,"href":"https:\/\/www.europesays.com\/no\/wp-json\/wp\/v2\/comments?post=108078"}],"version-history":[{"count":0,"href":"https:\/\/www.europesays.com\/no\/wp-json\/wp\/v2\/posts\/108078\/revisions"}],"wp:featuredmedia":[{"embeddable":true,"href":"https:\/\/www.europesays.com\/no\/wp-json\/wp\/v2\/media\/108079"}],"wp:attachment":[{"href":"https:\/\/www.europesays.com\/no\/wp-json\/wp\/v2\/media?parent=108078"}],"wp:term":[{"taxonomy":"category","embeddable":true,"href":"https:\/\/www.europesays.com\/no\/wp-json\/wp\/v2\/categories?post=108078"},{"taxonomy":"post_tag","embeddable":true,"href":"https:\/\/www.europesays.com\/no\/wp-json\/wp\/v2\/tags?post=108078"}],"curies":[{"name":"wp","href":"https:\/\/api.w.org\/{rel}","templated":true}]}}