{"id":108080,"date":"2025-12-09T06:14:11","date_gmt":"2025-12-09T06:14:11","guid":{"rendered":"https:\/\/www.europesays.com\/no\/108080\/"},"modified":"2025-12-09T06:14:11","modified_gmt":"2025-12-09T06:14:11","slug":"nyheter-bergen-brann-i-kjellerleilighet-pa-landas","status":"publish","type":"post","link":"https:\/\/www.europesays.com\/no\/108080\/","title":{"rendered":"Nyheter, Bergen | Brann i kjellerleilighet p\u00e5 Land\u00e5s"},"content":{"rendered":"\n<p>Natt til tirsdag ble n\u00f8detatene varslet om r\u00f8yk og flammer fra en leilighet i Erleveien p\u00e5 Land\u00e5s.<\/p>\n<p>Politiet ble varslet om brannen klokken 0318.<\/p>\n<p>\u2013 R\u00f8ykdykkere tok seg inn i bygget og startet slukking, meldte operasjonsleder Steinar Hausvik i Vest politidistrikt.<\/p>\n<p>If\u00f8lge politiet ble 28 personer evakuert.<\/p>\n<p>\u2013 Det har brent i en kjellerleilighet. Det var en person i leiligheten. Beboeren er fraktet til Haukeland sykehus for n\u00e6rmere unders\u00f8kelser. Vedkommende var bevisst og tilsnakkenes. Utover det er skadeomfanget ukjent, opplyste Hausvik.<\/p>\n<p>   <img decoding=\"async\" width=\"3737\" height=\"2218\" fetchpriority=\"low\"  loading=\"lazy\"  src=\"https:\/\/www.europesays.com\/no\/wp-content\/uploads\/2025\/12\/IMG_7391.jpg\" alt=\"\" class=\"brick-c-cFOWSL\" style=\"--brick-image-ratio: 3737 \/ 2218;\"\/><\/p>\n<p>      Synlige skader p\u00e5 den aktuelle leiligheten.<br \/>\n      Foto: Nora Bang Flateby\n    <\/p>\n<p>  Sjekket bygget<\/p>\n<p>Klokken 0356 meldte brannvesenet at brannen er slukket.<\/p>\n<p>\u2013 Vi driver med etterslukking og kontroll. Per n\u00e5 er det en leilighet det har brent i, men vi sjekker bygget for \u00e5 utelukke spredning, informerte vaktleder Stian Kvam ved 110-sentralen til BA.<\/p>\n<p>Brannvesenet startet med utlufting av bygningen.<\/p>\n<p>   <img decoding=\"async\" width=\"5712\" height=\"4284\" fetchpriority=\"low\"  loading=\"lazy\"  src=\"https:\/\/www.europesays.com\/no\/wp-content\/uploads\/2025\/12\/IMG_7397.jpg\" alt=\"\" class=\"brick-c-cFOWSL\" style=\"--brick-image-ratio: 5712 \/ 4284;\"\/><\/p>\n<p>      Beboere ble samlet i dette lokalet tilh\u00f8rende Land\u00e5storget seniorsenter.<br \/>\n      Foto: Nora Bang Flateby\n    <\/p>\n<p>Klokken 0612 meldte politiet at de var ferdig p\u00e5 stedet.<\/p>\n<p>\u2013 Det er totalt tre personer som per n\u00e5 ikke f\u00e5r returnere til leilighetene sine, opplyste Hausvik.<\/p>\n<p>Brannvesenet ble igjen p\u00e5 stedet for utlufting og restverdiredning.<\/p>\n<p>   <img decoding=\"async\" width=\"5712\" height=\"4284\" fetchpriority=\"low\"  loading=\"lazy\"  src=\"https:\/\/www.europesays.com\/no\/wp-content\/uploads\/2025\/12\/IMG_7399.jpg\" alt=\"\" class=\"brick-c-cFOWSL\" style=\"--brick-image-ratio: 5712 \/ 4284;\"\/><\/p>\n<p>      Brannvesenet p\u00e5 stedet tirsdag morgen.<br \/>\n      Foto: Nora Bang Flateby\n    <\/p>\n","protected":false},"excerpt":{"rendered":"Natt til tirsdag ble n\u00f8detatene varslet om r\u00f8yk og flammer fra en leilighet i Erleveien p\u00e5 Land\u00e5s. Politiet&hellip;\n","protected":false},"author":2,"featured_media":108081,"comment_status":"","ping_status":"","sticky":false,"template":"","format":"standard","meta":{"footnotes":""},"categories":[10],"tags":[36,444,1672,20,21,24,25,15,22,23,13,30,28,29,14,16,1510,26,27],"class_list":{"0":"post-108080","1":"post","2":"type-post","3":"status-publish","4":"format-standard","5":"has-post-thumbnail","7":"category-norge","8":"tag-art","9":"tag-bergen","10":"tag-brannvesen","11":"tag-breaking-news","12":"tag-breakingnews","13":"tag-featured-news","14":"tag-featurednews","15":"tag-headlines","16":"tag-latest-news","17":"tag-latestnews","18":"tag-news","19":"tag-no","20":"tag-norge","21":"tag-norway","22":"tag-nyheter","23":"tag-overskrifter","24":"tag-story","25":"tag-top-stories","26":"tag-topstories"},"share_on_mastodon":{"url":"https:\/\/pubeurope.com\/@no\/115688142504462170","error":""},"_links":{"self":[{"href":"https:\/\/www.europesays.com\/no\/wp-json\/wp\/v2\/posts\/108080","targetHints":{"allow":["GET"]}}],"collection":[{"href":"https:\/\/www.europesays.com\/no\/wp-json\/wp\/v2\/posts"}],"about":[{"href":"https:\/\/www.europesays.com\/no\/wp-json\/wp\/v2\/types\/post"}],"author":[{"embeddable":true,"href":"https:\/\/www.europesays.com\/no\/wp-json\/wp\/v2\/users\/2"}],"replies":[{"embeddable":true,"href":"https:\/\/www.europesays.com\/no\/wp-json\/wp\/v2\/comments?post=108080"}],"version-history":[{"count":0,"href":"https:\/\/www.europesays.com\/no\/wp-json\/wp\/v2\/posts\/108080\/revisions"}],"wp:featuredmedia":[{"embeddable":true,"href":"https:\/\/www.europesays.com\/no\/wp-json\/wp\/v2\/media\/108081"}],"wp:attachment":[{"href":"https:\/\/www.europesays.com\/no\/wp-json\/wp\/v2\/media?parent=108080"}],"wp:term":[{"taxonomy":"category","embeddable":true,"href":"https:\/\/www.europesays.com\/no\/wp-json\/wp\/v2\/categories?post=108080"},{"taxonomy":"post_tag","embeddable":true,"href":"https:\/\/www.europesays.com\/no\/wp-json\/wp\/v2\/tags?post=108080"}],"curies":[{"name":"wp","href":"https:\/\/api.w.org\/{rel}","templated":true}]}}