{"id":108082,"date":"2025-12-09T06:15:10","date_gmt":"2025-12-09T06:15:10","guid":{"rendered":"https:\/\/www.europesays.com\/no\/108082\/"},"modified":"2025-12-09T06:15:10","modified_gmt":"2025-12-09T06:15:10","slug":"thailand-kambodsja-thailand-varsler-offensiv-mot-kambodsjanske-styrker","status":"publish","type":"post","link":"https:\/\/www.europesays.com\/no\/108082\/","title":{"rendered":"Thailand, Kambodsja | Thailand varsler offensiv mot kambodsjanske styrker"},"content":{"rendered":"\n<p>Begge sider gir motparten skylden for de nye sammenst\u00f8tene som har satt den skj\u00f8re v\u00e5penhvileavtalen til side. USAs president Donald Trump forhandlet fram v\u00e5penhvilen som gjorde slutt p\u00e5 fem dager med kamper i juli.<\/p>\n<p>I en uttalelse tidlig tirsdag sier Thailands marine at soldater fra Kambodsja er observert p\u00e5 thailandsk side av grensen i kystprovinsen Trat, og at en milit\u00e6roperasjon for \u00e5 drive dem ut er satt i gang. Marinen kommer ikke med noen n\u00e6rmere opplysninger.<\/p>\n<p>Kambodsjas statsminister Hun Manet sa sent mandag at Thailand \u00abikke m\u00e5 bruke milit\u00e6r makt til \u00e5 angripe sivile landsbyer under p\u00e5skudd av \u00e5 gjenopprettet sin suverenitet\u00bb. Tidligere statsminister Hun Sen sier landet har v\u00e6rt t\u00e5lmodig i 24 timer av respekt for v\u00e5penhvilen og for \u00e5 la folk flykte i sikkerhet.<\/p>\n<p>\u2013 Vi begynte \u00e5 gjengjelde i g\u00e5r kveld og i dag morges. V\u00e5re styrker m\u00e5 kjempe p\u00e5 alle steder der fienden har angrepet, skriver den innflytelsesrike eksstatsministeren p\u00e5 Facebook. <\/p>\n<p>Landets forsvarsdepartement sier to sivile ble drept da Thailand skj\u00f8t mot grenseregionen Banteay Meanchey etter midnatt natt til tirsdag. Dermed er seks sivile drept p\u00e5 kambodsjanske side i den siste oppblussingen av konflikten.<\/p>\n<p>Mandagens kamper var de hardeste siden juli. Den gangen ble minst 48 mennesker drept og 300.000 drevet p\u00e5 flukt i l\u00f8pet av fem dager. I mer enn ett \u00e5rhundre har de to landene v\u00e6rt i konflikt om den 817 kilometer lange grensen, inkludert gamle templer som vekker sterke nasjonalistiske f\u00f8lelser og periodevis utl\u00f8ser v\u00e6pnet strid.<\/p>\n","protected":false},"excerpt":{"rendered":"Begge sider gir motparten skylden for de nye sammenst\u00f8tene som har satt den skj\u00f8re v\u00e5penhvileavtalen til side. USAs&hellip;\n","protected":false},"author":2,"featured_media":108083,"comment_status":"","ping_status":"","sticky":false,"template":"","format":"standard","meta":{"footnotes":""},"categories":[5],"tags":[20,21,24,25,15,19,22,23,17,18,13,30,28,29,14,16,26,27],"class_list":{"0":"post-108082","1":"post","2":"type-post","3":"status-publish","4":"format-standard","5":"has-post-thumbnail","7":"category-overskrifter","8":"tag-breaking-news","9":"tag-breakingnews","10":"tag-featured-news","11":"tag-featurednews","12":"tag-headlines","13":"tag-hovedoppslag","14":"tag-latest-news","15":"tag-latestnews","16":"tag-main-news","17":"tag-mainnews","18":"tag-news","19":"tag-no","20":"tag-norge","21":"tag-norway","22":"tag-nyheter","23":"tag-overskrifter","24":"tag-top-stories","25":"tag-topstories"},"share_on_mastodon":{"url":"https:\/\/pubeurope.com\/@no\/115688146392606375","error":""},"_links":{"self":[{"href":"https:\/\/www.europesays.com\/no\/wp-json\/wp\/v2\/posts\/108082","targetHints":{"allow":["GET"]}}],"collection":[{"href":"https:\/\/www.europesays.com\/no\/wp-json\/wp\/v2\/posts"}],"about":[{"href":"https:\/\/www.europesays.com\/no\/wp-json\/wp\/v2\/types\/post"}],"author":[{"embeddable":true,"href":"https:\/\/www.europesays.com\/no\/wp-json\/wp\/v2\/users\/2"}],"replies":[{"embeddable":true,"href":"https:\/\/www.europesays.com\/no\/wp-json\/wp\/v2\/comments?post=108082"}],"version-history":[{"count":0,"href":"https:\/\/www.europesays.com\/no\/wp-json\/wp\/v2\/posts\/108082\/revisions"}],"wp:featuredmedia":[{"embeddable":true,"href":"https:\/\/www.europesays.com\/no\/wp-json\/wp\/v2\/media\/108083"}],"wp:attachment":[{"href":"https:\/\/www.europesays.com\/no\/wp-json\/wp\/v2\/media?parent=108082"}],"wp:term":[{"taxonomy":"category","embeddable":true,"href":"https:\/\/www.europesays.com\/no\/wp-json\/wp\/v2\/categories?post=108082"},{"taxonomy":"post_tag","embeddable":true,"href":"https:\/\/www.europesays.com\/no\/wp-json\/wp\/v2\/tags?post=108082"}],"curies":[{"name":"wp","href":"https:\/\/api.w.org\/{rel}","templated":true}]}}