{"id":108084,"date":"2025-12-09T06:20:10","date_gmt":"2025-12-09T06:20:10","guid":{"rendered":"https:\/\/www.europesays.com\/no\/108084\/"},"modified":"2025-12-09T06:20:10","modified_gmt":"2025-12-09T06:20:10","slug":"krigen-i-ukraina-russisk-droneangrep","status":"publish","type":"post","link":"https:\/\/www.europesays.com\/no\/108084\/","title":{"rendered":"Krigen i Ukraina, Russisk droneangrep"},"content":{"rendered":"\n<p>\u2013 I l\u00f8pet av en halvtime gjennomf\u00f8rte Russland mer enn ti droneangrep mot byen, skriver guvern\u00f8r Oleh Hryhorov p\u00e5 Telegram.<\/p>\n<p>\u2013 Sumy er uten str\u00f8m. Noe kritisk infrastruktur drives p\u00e5 n\u00f8dstr\u00f8mskilder, legger han til.<\/p>\n<p>Hryhorov sier tjenestemenn unders\u00f8ker om det er skadede eller drepte etter angrepet. Han sier str\u00f8mforsyningen blir gjenopprettet s\u00e5 snart det er trygt \u00e5 gj\u00f8re det. <\/p>\n<p>Byen, som hadde rundt 250.000 innbyggere f\u00f8r Russlands fullskalainvasjon i 2022, har v\u00e6rt hyppig m\u00e5l for russiske angrep. I oppkj\u00f8ringen til vinteren har russiske angrep i flere m\u00e5neder v\u00e6rt rettet s\u00e6rlig mot energim\u00e5l.<\/p>\n<p>Tidligere p\u00e5 mandagen opplyste Hryhorov at russiske droner rammet en boligblokk i byen. Sju mennesker ble s\u00e5ret.<\/p>\n","protected":false},"excerpt":{"rendered":"\u2013 I l\u00f8pet av en halvtime gjennomf\u00f8rte Russland mer enn ti droneangrep mot byen, skriver guvern\u00f8r Oleh Hryhorov&hellip;\n","protected":false},"author":2,"featured_media":3844,"comment_status":"","ping_status":"","sticky":false,"template":"","format":"standard","meta":{"footnotes":""},"categories":[12],"tags":[20,21,24,25,15,22,23,13,30,28,29,14,16,26,27,42,43,44,45],"class_list":{"0":"post-108084","1":"post","2":"type-post","3":"status-publish","4":"format-standard","5":"has-post-thumbnail","7":"category-verden","8":"tag-breaking-news","9":"tag-breakingnews","10":"tag-featured-news","11":"tag-featurednews","12":"tag-headlines","13":"tag-latest-news","14":"tag-latestnews","15":"tag-news","16":"tag-no","17":"tag-norge","18":"tag-norway","19":"tag-nyheter","20":"tag-overskrifter","21":"tag-top-stories","22":"tag-topstories","23":"tag-verden","24":"tag-world","25":"tag-world-news","26":"tag-worldnews"},"share_on_mastodon":{"url":"https:\/\/pubeurope.com\/@no\/115688166040834577","error":""},"_links":{"self":[{"href":"https:\/\/www.europesays.com\/no\/wp-json\/wp\/v2\/posts\/108084","targetHints":{"allow":["GET"]}}],"collection":[{"href":"https:\/\/www.europesays.com\/no\/wp-json\/wp\/v2\/posts"}],"about":[{"href":"https:\/\/www.europesays.com\/no\/wp-json\/wp\/v2\/types\/post"}],"author":[{"embeddable":true,"href":"https:\/\/www.europesays.com\/no\/wp-json\/wp\/v2\/users\/2"}],"replies":[{"embeddable":true,"href":"https:\/\/www.europesays.com\/no\/wp-json\/wp\/v2\/comments?post=108084"}],"version-history":[{"count":0,"href":"https:\/\/www.europesays.com\/no\/wp-json\/wp\/v2\/posts\/108084\/revisions"}],"wp:featuredmedia":[{"embeddable":true,"href":"https:\/\/www.europesays.com\/no\/wp-json\/wp\/v2\/media\/3844"}],"wp:attachment":[{"href":"https:\/\/www.europesays.com\/no\/wp-json\/wp\/v2\/media?parent=108084"}],"wp:term":[{"taxonomy":"category","embeddable":true,"href":"https:\/\/www.europesays.com\/no\/wp-json\/wp\/v2\/categories?post=108084"},{"taxonomy":"post_tag","embeddable":true,"href":"https:\/\/www.europesays.com\/no\/wp-json\/wp\/v2\/tags?post=108084"}],"curies":[{"name":"wp","href":"https:\/\/api.w.org\/{rel}","templated":true}]}}