{"id":108091,"date":"2025-12-09T06:30:08","date_gmt":"2025-12-09T06:30:08","guid":{"rendered":"https:\/\/www.europesays.com\/no\/108091\/"},"modified":"2025-12-09T06:30:08","modified_gmt":"2025-12-09T06:30:08","slug":"fotball-rompuben-onsker-a-utvide-skjenketiden-under-vm-jeg-haper-at-politikerne-spiller-pa-lag-med-oss-moss-avis","status":"publish","type":"post","link":"https:\/\/www.europesays.com\/no\/108091\/","title":{"rendered":"Fotball, Rompuben | \u00d8nsker \u00e5 utvide skjenketiden under VM: \u2013 Jeg h\u00e5per at politikerne spiller p\u00e5 lag med oss &#8211; Moss Avis"},"content":{"rendered":"<ol>\n<li><a href=\"https:\/\/news.google.com\/rss\/articles\/CBMiwwFBVV95cUxOT3lrWVpQcTdncVVWT09Ha3U1LXZ0T1pORm1kaXlobHQyblh4NkRtVG5IWDZ5WUtNOEItMjdTMVZsTDlqT3g3MU1YbHBpMkVrWVdDWnB2bUZLcGluSmtsaEhNM3pnUkU4U1M2ZHJTT2FKYTloOFJ6U2J3aW80NG9GY3lQRW9yU1R4ekVka2xUNm1WZkxBZU05S2RmY2ZGM3lDdmVJSEMtT21NcVpWZWtaYVZXdGdxSzlvbEtvejVxOE1aYnM?oc=5\" target=\"_blank\" rel=\"nofollow noopener\">Fotball, Rompuben | \u00d8nsker \u00e5 utvide skjenketiden under VM: \u2013 Jeg h\u00e5per at politikerne spiller p\u00e5 lag med oss<\/a>&nbsp;&nbsp;Moss Avis<\/li>\n<li><a href=\"https:\/\/news.google.com\/rss\/articles\/CBMimgFBVV95cUxQcmU0bGgzZF85eGZYQ2hfa05kWVdpNFV2cGExaFlYNTgweEkyTVI3NGtTa1pWLTd3elZTbVZsMmJfMk1kNVRTUlUxaDd2X3VpUFZQZThFZWh6aUF5OWxzVnItQWtUQ3FwRGhFTDUxMXE1YWNHamluNmJaUGJSV1VsU1VIUkhTUzFIa2N4dktUVkxJLUI3NU9teDFn?oc=5\" target=\"_blank\" rel=\"nofollow noopener\">(+) Norges kampprogram kan \u00f8delegge for VM-fest i Kristiansand: \u2013 Uheldig tidspunkt<\/a>&nbsp;&nbsp;fvn.no<\/li>\n<li><a href=\"https:\/\/news.google.com\/rss\/articles\/CBMijwFBVV95cUxNSjNCZXZGSUJYX2s4Tnh1QWh5UG5mRjluVXBJVG9hSlNBcUFMRUtCLW9HQUhxcWdyTkV5R2lxSzBuYl9OVGVDcEs4RUVrS3lybTJVTkQtanZjZ1FnTnIwdGh4OVp3ZFNsU1ZWdS1MXzJodGdSU1NIX01hREdsTENVc0ozOXlQY21IRGZycURLZw?oc=5\" target=\"_blank\" rel=\"nofollow noopener\">Fotball-VM: Oslo ser p\u00e5 skjenkeendringer<\/a>&nbsp;&nbsp;TV2.no<\/li>\n<li><a href=\"https:\/\/news.google.com\/rss\/articles\/CBMirwFBVV95cUxNeEVjZGZ2ME5seWllRjdKeGZTNlJfdm90NFVGZTBxckF3MDF2QWxjSVRQUEpqdktiQzNVOUtsM3c3VnQzWFpxdzdxVVd0bmo4X3haM3F5SDRNUTM1V0FSZU9vM0hlcDRNdlVTNjhrTkhIdkRHZnp3c0NMUG94RU5BdFEzSV80TWhNQ0pPWlNLb2xaUG43YUQwOE40SmNHdno5R0JTS3Y2YWdFWlphYlIw?oc=5\" target=\"_blank\" rel=\"nofollow noopener\">Steinkjer, Levanger | \u2013 Hvis det g\u00e5r 28 \u00e5r mellom hver gang, er det ikke s\u00e5 farlig \u00e5 legge presedens<\/a>&nbsp;&nbsp;Tr\u00f8nder-Avisa<\/li>\n<li><a href=\"https:\/\/news.google.com\/rss\/articles\/CBMirgFBVV95cUxNUnpqMzhKM0ZyZ2tPUVhZNjcxdTZvRjVlQ1lDX3BDeWY2UU12SjF1YzRYTzRyd0F3M0pEWk5rd0NrTjI2TEk4czg0aXN6enU4T2IzbS1rY2xqV2EwWWFLMEZLRnQ2MF8ySFVFanc5NHBUbF9sVzc4R09yN2F2eEtRVVV4TlVzZHRIZ2VWYldUWXFKZHFLRGQyQUN1UXRsQ1hyS1hOMXcya3ZaZFNoX0E?oc=5\" target=\"_blank\" rel=\"nofollow noopener\">Uenighet om skjenking under VM: \u2013 Hvilke politikere t\u00f8r \u00e5 si nei? \u2013 Fotball-VM 2026<\/a>&nbsp;&nbsp;NRK<\/li>\n<\/ol>\n","protected":false},"excerpt":{"rendered":"Fotball, Rompuben | \u00d8nsker \u00e5 utvide skjenketiden under VM: \u2013 Jeg h\u00e5per at politikerne spiller p\u00e5 lag med&hellip;\n","protected":false},"author":2,"featured_media":108092,"comment_status":"","ping_status":"","sticky":false,"template":"","format":"standard","meta":{"footnotes":""},"categories":[59],"tags":[30,28,29,83,82],"class_list":{"0":"post-108091","1":"post","2":"type-post","3":"status-publish","4":"format-standard","5":"has-post-thumbnail","7":"category-sport","8":"tag-no","9":"tag-norge","10":"tag-norway","11":"tag-sport","12":"tag-sports"},"share_on_mastodon":{"url":"https:\/\/pubeurope.com\/@no\/115688205378981544","error":""},"_links":{"self":[{"href":"https:\/\/www.europesays.com\/no\/wp-json\/wp\/v2\/posts\/108091","targetHints":{"allow":["GET"]}}],"collection":[{"href":"https:\/\/www.europesays.com\/no\/wp-json\/wp\/v2\/posts"}],"about":[{"href":"https:\/\/www.europesays.com\/no\/wp-json\/wp\/v2\/types\/post"}],"author":[{"embeddable":true,"href":"https:\/\/www.europesays.com\/no\/wp-json\/wp\/v2\/users\/2"}],"replies":[{"embeddable":true,"href":"https:\/\/www.europesays.com\/no\/wp-json\/wp\/v2\/comments?post=108091"}],"version-history":[{"count":0,"href":"https:\/\/www.europesays.com\/no\/wp-json\/wp\/v2\/posts\/108091\/revisions"}],"wp:featuredmedia":[{"embeddable":true,"href":"https:\/\/www.europesays.com\/no\/wp-json\/wp\/v2\/media\/108092"}],"wp:attachment":[{"href":"https:\/\/www.europesays.com\/no\/wp-json\/wp\/v2\/media?parent=108091"}],"wp:term":[{"taxonomy":"category","embeddable":true,"href":"https:\/\/www.europesays.com\/no\/wp-json\/wp\/v2\/categories?post=108091"},{"taxonomy":"post_tag","embeddable":true,"href":"https:\/\/www.europesays.com\/no\/wp-json\/wp\/v2\/tags?post=108091"}],"curies":[{"name":"wp","href":"https:\/\/api.w.org\/{rel}","templated":true}]}}