{"id":108094,"date":"2025-12-09T06:41:14","date_gmt":"2025-12-09T06:41:14","guid":{"rendered":"https:\/\/www.europesays.com\/no\/108094\/"},"modified":"2025-12-09T06:41:14","modified_gmt":"2025-12-09T06:41:14","slug":"handball-vm-nora-mork-grusomme-nyheter-mork-og-reistad-i-sjokk","status":"publish","type":"post","link":"https:\/\/www.europesays.com\/no\/108094\/","title":{"rendered":"H\u00e5ndball-VM, Nora M\u00f8rk | Grusomme nyheter: M\u00f8rk og Reistad i sjokk"},"content":{"rendered":"\n<p>   <img decoding=\"async\" width=\"1500\" height=\"440\" fetchpriority=\"low\"  loading=\"lazy\"  src=\"https:\/\/www.europesays.com\/no\/wp-content\/uploads\/2025\/12\/1765262471_75_HerErVi_Sport_1+person.jpg\" alt=\"\" class=\"brick-c-cFOWSL\" style=\"--brick-image-ratio: 1500 \/ 440;\"\/><\/p>\n<p>DORTMUND, TYSKLAND (Nettavisen): Det var en sm\u00f8rblid norsk gjeng som m\u00f8tte pressen mandag morgen, etter en ny storseier i VM.<\/p>\n<p>Brasil var aldri i n\u00e6rheten i den siste hovedrundekampen i Dortmund, og m\u00e5tte se seg sl\u00e5tt med 19 m\u00e5l.<\/p>\n<p>Men for to av Norges st\u00f8rste stjerner var det ikke bare smil \u00e5 spore etter s\u00f8ndagens kamper.<\/p>\n<p>For n\u00e5 kommer det fryktelige nyheter om en av deres lagvenninner i Esbjerg.<\/p>\n<p><b>Les ogs\u00e5<\/b>: <a rel=\"Follow nofollow noopener\" href=\"https:\/\/www.nettavisen.no\/sport\/mork-og-reistad-under-vm-noe-man-ikke-snakker-om\/s\/5-95-2766146\" target=\"_blank\">Norge-stjernene: \u2013 Noe man ikke snakker om<\/a><\/p>\n<p>    Vil du se neste video?<\/p>\n<p>    <a href=\"https:\/\/www.nettavisen.no\/nyheter\/ukrainske-spesialstyrker-skal-ha-tatt-ut-russiske-mal-pa-krim-halvoya\/v\/5-95-2764466\" class=\"recommend-poster\" data-adp-clicklabel=\"video-recommend\" data-adp-clickvalue=\"poster\" rel=\"nofollow noopener\" target=\"_blank\"><br \/>\n      <img decoding=\"async\" width=\"200\" height=\"200\" loading=\"lazy\" src=\"https:\/\/www.europesays.com\/no\/wp-content\/uploads\/2025\/12\/KAMPFLY+BREDDE.jpg\" alt=\"\" class=\"brick-c-cFOWSL\" style=\"--brick-image-ratio: 200 \/ 200;\"\/><\/p>\n<p>Tar ut russisk kampfly p\u00e5 Krim0:24<\/p>\n<p>    <\/a><\/p>\n<p>        Lagkameratene p\u00e5 landslaget krangler n\u00e6rmest om keeperkjempen.<br \/>\n        Sveits-trener: \u2013 Forferdelig<\/p>\n<p>Sveitsiske Tabea Schmid, et av verdens st\u00f8rste talenter, gikk nemlig i bakken under s\u00f8ndagens kamp mot Romania og ble liggende.<\/p>\n<p>De desperate skrikene som rullet over skjermen var ikke til \u00e5 ta feil av.<\/p>\n<p>\u2013 Hun er i store smerter, kom det fra Viaplays engelske kommentator.<\/p>\n<p>Strekspilleren m\u00e5tte hjelpes av banen, og etter kampen kunne Sveits&#8217; norske trener, Knut Ove Joa, fortelle at det mest sannsynlig handlet om en alvorlig kneskade.<\/p>\n<p><b>Les ogs\u00e5: <\/b><a rel=\"Follow nofollow noopener\" href=\"https:\/\/www.nettavisen.no\/sport\/sjokkert-av-norge-i-vm-tror-det-ikke\/s\/5-95-2767516\" target=\"_blank\">Danmark reagerer: \u2013 Uhyggelig<\/a><\/p>\n<p>   <img decoding=\"async\" width=\"2849\" height=\"1602\" fetchpriority=\"low\"  loading=\"lazy\"  src=\"https:\/\/www.europesays.com\/no\/wp-content\/uploads\/2025\/12\/NTB_AbOj7CkKqmk.jpg\" alt=\"\" class=\"brick-c-cFOWSL\" style=\"--brick-image-ratio: 2849 \/ 1602;\"\/><\/p>\n<p>      TALENT: Tabea Schmid er den neste store strekspilleren i internasjonale kvinneh\u00e5ndball.<br \/>\n      Foto: Fabrice Coffrini (AFP)\n    <\/p>\n<p>Mandag snakket Nettavisen med j\u00e6rbuen.<\/p>\n<p>\u2013 Det er helt forferdelig, og spesielt fordi det skjer p\u00e5 en helt uforst\u00e5elig m\u00e5te. Veldig, veldig trist for Tabea, og selvf\u00f8lgelig for oss som lag.<\/p>\n<p>\u2013 Hun skal ta en MR i Sveits i l\u00f8pet av dagen. Ingenting er sikkert, men ut ifra testene vi gjorde i hallen i g\u00e5r er mistanken dessverre at korsb\u00e5ndet er r\u00f8ket.<\/p>\n<p>Det vil i s\u00e5 fall bety minimum et \u00e5r ute av spill for den sv\u00e6rt talentfulle sveitseren.<\/p>\n<p>Sent mandag kveld hadde det fortsatt ikke kommet noen svar p\u00e5 bildene.<\/p>\n<p>   <img decoding=\"async\" width=\"4455\" height=\"2506\" fetchpriority=\"low\"  loading=\"lazy\"  src=\"https:\/\/www.europesays.com\/no\/wp-content\/uploads\/2025\/12\/NTB_wBXtN0pyk1U.jpg\" alt=\"\" class=\"brick-c-cFOWSL\" style=\"--brick-image-ratio: 4455 \/ 2506;\"\/><\/p>\n<p>      TRENER SVEITS: Norske Knut Ove Joa har hatt ansvaret for det sveitsiske landslaget siden 2023.<br \/>\n      Foto: Beate Oma Dahle (NTB)\n    <\/p>\n<p>  M\u00f8rk og Reistad fortviler<\/p>\n<p>Da Nettavisen konfronterer Nora M\u00f8rk, lagvenninne med Schmid i Esbjerg, varsler Norge-stjernen at hun vil ta kontakt.<\/p>\n<p>\u2013 Det var noen p\u00e5 laget som sa det, men jeg har ikke snakket med henne. Jeg tenkte jeg skulle skrive til henne i dag. Hvis det er snakk om en alvorlig kneskade, er det jo bare trist. Det er klart at det ikke er noe hyggelig \u00e5 h\u00f8re.<\/p>\n<p>M\u00f8rk har som kjent v\u00e6rt gjennom flere alvorlige kneskader selv.<\/p>\n<p>\u2013 Jeg f\u00e5r skrive til henne. Hun er ung og allerede en sinnssyk god strekspiller. Det er veldig kjedelig hvis det er tilfellet.<\/p>\n<p><b>Les ogs\u00e5: <\/b><a rel=\"Follow nofollow noopener\" href=\"https:\/\/www.nettavisen.no\/sport\/rystet-handballverden-norge-sjokkert\/s\/5-95-2766143\" target=\"_blank\">Rystet h\u00e5ndballverden: \u2013 Sjokkert<\/a><\/p>\n<p>   <img decoding=\"async\" width=\"5925\" height=\"3333\" fetchpriority=\"low\"  loading=\"lazy\"  src=\"https:\/\/www.europesays.com\/no\/wp-content\/uploads\/2025\/12\/1765262473_879_DSC_0281.JPG\" alt=\"\" class=\"brick-c-cFOWSL\" style=\"--brick-image-ratio: 5925 \/ 3333;\"\/><\/p>\n<p>      F\u00c5R VONDT: Henny Reistad og Nora M\u00f8rk f\u00f8ler virkelig med lagvenninnen Tabea Schmid.<br \/>\n      Foto: Daniel Austerheim (Nettavisen)\n    <\/p>\n<p>Henny Reistad forteller at hun fikk med seg den stygge situasjonen, men at hun ikke har f\u00e5tt svar fra lagvenninnen mandag morgen.<\/p>\n<p>\u2013 Det er jo veldig synd hvis det er skade som skal ta lang tid. Hun har v\u00e6rt veldig god for oss denne sesongen. Det er ikke noe hyggelig i det hele tatt.<\/p>\n<p>Schmid er toppscorer for Esbjerg i den danske ligaen denne sesongen, og har v\u00e6rt en sv\u00e6rt viktig spiller. Laget har derimot slitt, og n\u00e5 kan det se ut til at oppgaven med \u00e5 snu trenden blir enda t\u00f8ffere.<\/p>\n","protected":false},"excerpt":{"rendered":"DORTMUND, TYSKLAND (Nettavisen): Det var en sm\u00f8rblid norsk gjeng som m\u00f8tte pressen mandag morgen, etter en ny storseier&hellip;\n","protected":false},"author":2,"featured_media":108095,"comment_status":"","ping_status":"","sticky":false,"template":"","format":"standard","meta":{"footnotes":""},"categories":[59],"tags":[30,28,29,83,82],"class_list":{"0":"post-108094","1":"post","2":"type-post","3":"status-publish","4":"format-standard","5":"has-post-thumbnail","7":"category-sport","8":"tag-no","9":"tag-norge","10":"tag-norway","11":"tag-sport","12":"tag-sports"},"share_on_mastodon":{"url":"https:\/\/pubeurope.com\/@no\/115688248813510942","error":""},"_links":{"self":[{"href":"https:\/\/www.europesays.com\/no\/wp-json\/wp\/v2\/posts\/108094","targetHints":{"allow":["GET"]}}],"collection":[{"href":"https:\/\/www.europesays.com\/no\/wp-json\/wp\/v2\/posts"}],"about":[{"href":"https:\/\/www.europesays.com\/no\/wp-json\/wp\/v2\/types\/post"}],"author":[{"embeddable":true,"href":"https:\/\/www.europesays.com\/no\/wp-json\/wp\/v2\/users\/2"}],"replies":[{"embeddable":true,"href":"https:\/\/www.europesays.com\/no\/wp-json\/wp\/v2\/comments?post=108094"}],"version-history":[{"count":0,"href":"https:\/\/www.europesays.com\/no\/wp-json\/wp\/v2\/posts\/108094\/revisions"}],"wp:featuredmedia":[{"embeddable":true,"href":"https:\/\/www.europesays.com\/no\/wp-json\/wp\/v2\/media\/108095"}],"wp:attachment":[{"href":"https:\/\/www.europesays.com\/no\/wp-json\/wp\/v2\/media?parent=108094"}],"wp:term":[{"taxonomy":"category","embeddable":true,"href":"https:\/\/www.europesays.com\/no\/wp-json\/wp\/v2\/categories?post=108094"},{"taxonomy":"post_tag","embeddable":true,"href":"https:\/\/www.europesays.com\/no\/wp-json\/wp\/v2\/tags?post=108094"}],"curies":[{"name":"wp","href":"https:\/\/api.w.org\/{rel}","templated":true}]}}