{"id":108096,"date":"2025-12-09T06:51:16","date_gmt":"2025-12-09T06:51:16","guid":{"rendered":"https:\/\/www.europesays.com\/no\/108096\/"},"modified":"2025-12-09T06:51:16","modified_gmt":"2025-12-09T06:51:16","slug":"stjalne-pakker-skjonner-at-folk-er-usikre","status":"publish","type":"post","link":"https:\/\/www.europesays.com\/no\/108096\/","title":{"rendered":"Stj\u00e5lne pakker: &#8211; Skj\u00f8nner at folk er usikre"},"content":{"rendered":"<p>    Kort fortalt<\/p>\n<p lang=\"nb-NO\">Natt til mandag ble 150 pakker stj\u00e5let fra pakkesentralen Polaris i Stj\u00f8rdal.<\/p>\n<p lang=\"nb-NO\">Politiet fant senere samme dag flere av de stj\u00e5lne pakkene etter tips fra publikum.<\/p>\n<p lang=\"nb-NO\">HeltHjem og politiet oppfordrer til sikrere leveringsmetoder for \u00e5 unng\u00e5 tyveri.<\/p>\n<p lang=\"nb-NO\">Forbrukerr\u00e5det mottar jevnlig henvendelser om pakketyveri fra postkasser.<\/p>\n<p class=\"italic ai-disclaimer\" data-lab-italic=\"italic\">Sammendraget er laget av ChatGPT og godkjent av DinSide.<\/p>\n<p>      Vis mer<br \/>\n      Vis mindre<\/p>\n<p>Natt til mandag ble et stort antall pakker stj\u00e5let fra pakkesentralen Polaris i Stj\u00f8rdal, som er en del av HeltHjem.\u00a0<\/p>\n<p>Senere samme dag meldte politiet i Tr\u00f8ndelag at de hadde tatt seg inn p\u00e5 en adresse i Stj\u00f8rdal, <a href=\"https:\/\/www.dagbladet.no\/nyheter\/juledrama-150-pakker-stjalet\/83952494\" target=\"_blank\" rel=\"nofollow noopener\">hvor de fant en rekke gjenstander som kan v\u00e6re de stj\u00e5lne pakkene<\/a>. <\/p>\n<p>Det var et tips fra publikum som f\u00f8rte politiet til adressen der to personer ble siktet i saken.<\/p>\n<p>HeltHjem opplyser til Dagbladet at rundt 150 pakker skal v\u00e6re stj\u00e5let fra n\u00e6ringsbygget.\u00a0<\/p>\n<p>    <a itemprop=\"url\" href=\"https:\/\/dinside.dagbladet.no\/reise\/tida-renner-ut\/83899708\" rel=\"nofollow noopener\" target=\"_blank\"><\/p>\n<p>        <img loading=\"lazy\" decoding=\"async\" src=\"https:\/\/www.europesays.com\/no\/wp-content\/uploads\/2025\/12\/83907508.webp\" width=\"147\" height=\"98\" title=\"Tida renner ut\" alt=\"\" class=\"lazyload\" style=\"--aspect-ratio-image: 1.50; \"\/><\/p>\n<p>        Tida renner ut<\/p>\n<p>    <\/a><\/p>\n<p>Dette er imidlertid ikke det eneste tilfellet av pakketyveri og postkasseraid den siste tida.\u00a0<\/p>\n<p>Forrige helg opplevde flere personer tyveri fra postkasser p\u00e5 \u00f8ya B\u00f8mlo i Vestland, if\u00f8lge lokalavisa <a href=\"https:\/\/www.sunnhordland.no\/nyhende\/n\/n1Rzzo\/fann-restar-av-post-no-har-politiet-eit-raad-til-publikum\" target=\"_blank\" rel=\"nofollow noopener\">Sunnhordland<\/a>.<\/p>\n<p>Ogs\u00e5 denne helga ble det funnet flere \u00e5pnede pakker og post <a href=\"https:\/\/www.sunnhordland.no\/nyhende\/n\/Ar2vKn\/politiet-fekk-melding-om-pakkeraid\" target=\"_blank\" rel=\"nofollow noopener\">langs veien i et nabolag<\/a>. Seinere samme dag fikk politiet igjen en melding om at flere pakker ved et postmottak ved tettstedet Folder\u00f8yhamn p\u00e5 \u00f8ya var funnet revet opp, skriver <a href=\"https:\/\/www.bomlo-nytt.no\/nyhende\/n\/OknoVb\/nye-funn-av-opna-pakkar-paa-bremnes-politiet-ber-folk-sjekka-om-dei-manglar-noko\" target=\"_blank\" rel=\"nofollow noopener\">B\u00f8mlo-Nytt<\/a>. <\/p>\n<p>Flere av disse tilfellene skal gjelde pakker som er sendt med HeltHjem.\u00a0<\/p>\n<p>    <a itemprop=\"url\" href=\"https:\/\/dinside.dagbladet.no\/bolig\/enorme-konsekvenser\/83949845\" rel=\"nofollow noopener\" target=\"_blank\"><\/p>\n<p>        <img loading=\"lazy\" decoding=\"async\" src=\"https:\/\/www.europesays.com\/no\/wp-content\/uploads\/2025\/12\/83949914.webp\" width=\"147\" height=\"98\" title=\"- Enorme konsekvenser\" alt=\"\" class=\"lazyload\" style=\"--aspect-ratio-image: 1.50; \"\/><\/p>\n<p>        &#8211; Enorme konsekvenser<\/p>\n<p>    <\/a><\/p>\n<p>&#8211; En utfordring\t<\/p>\n<p>&#8211; Vi tar dette veldig alvorlig,\u00a0sier kommunikasjonssjef i HeltHjem, Marius Evensen, til DinSide, om hendelsen som skjedde i Stj\u00f8rdal natt til mandag.\u00a0<\/p>\n<p>        <img loading=\"lazy\" decoding=\"async\" itemprop=\"image\" src=\"https:\/\/www.europesays.com\/no\/wp-content\/uploads\/2025\/12\/83954283.webp\" width=\"180\" height=\"180\" alt=\"&lt;br&gt;Marius Evensen\"\/><\/p>\n<p>Marius Evensen<br \/>\n            <br \/>Marius<br \/>\n            Evensen        <\/p>\n<p>Kommunikasjonssjef i HeltHjem<\/p>\n<p>Han forklarer at den type tilfeller h\u00f8rer til sjeldenhetene, men at situasjoner der pakker blir stj\u00e5let fra postkasser eller d\u00f8rmatter, slik som tilfellene p\u00e5 B\u00f8mlo, ikke er noe nytt.\u00a0<\/p>\n<p>&#8211; Hele bransjen opplever tyveri av pakker. Det er en utfordring som vi m\u00e5 se p\u00e5.\u00a0<\/p>\n<p>        \u00d8DELEGGER S\u00d8VN: Det kan godt hende at du drikker for mye vann enn du egentlig trenger. Video: Embla Hjort-Larsen \/ Storyblocks<\/p>\n<p> HeltHjem leverer som regel pakker i l\u00f8pet av natta. Mange bruker ogs\u00e5 leveringsmetoden for \u00e5 sende pakker mellom to privatpersoner. <\/p>\n<p>Evensen mener ikke at leveringsm\u00e5te eller -tid har noe \u00e5 si for tyveritilfellene.\u00a0<\/p>\n<p>    <a itemprop=\"url\" href=\"https:\/\/dinside.dagbladet.no\/fritid\/jubler-etter-lok-drama\/83942695\" rel=\"nofollow noopener\" target=\"_blank\"><\/p>\n<p>        <img loading=\"lazy\" decoding=\"async\" src=\"https:\/\/www.europesays.com\/no\/wp-content\/uploads\/2025\/12\/83942933.webp\" width=\"980\" height=\"441\" title=\"Jubler etter l\u00f8k-drama\" alt=\"\" class=\"lazyload\" style=\"--aspect-ratio-image: 2.22; \"\/><\/p>\n<p>        Jubler etter l\u00f8k-drama<\/p>\n<p>    <\/a><\/p>\n<p>&#8211; Vi har en del statistikk fra rundt i Europa n\u00e5r det gjelder daglevering mot nattlevering. Det er ingenting i de tallene som vi kan se at tyder p\u00e5 en forskjell n\u00e5r det gjelder tyverier, noe som gj\u00f8r at vi ikke justerer m\u00e5ten vi leverer p\u00e5 generelt sett, sier han og fortsetter:\u00a0<\/p>\n<p>&#8211; Men det er klart at i enkelte omr\u00e5der, s\u00e5 m\u00e5 vi jobbe mer med \u00e5 finne ut om vi heller skal levere til et utleveringssted og gj\u00f8re vurderinger lokalt. Vi m\u00e5 f\u00f8lge med p\u00e5 det.<\/p>\n<p>    <a itemprop=\"url\" href=\"https:\/\/dinside.dagbladet.no\/fritid\/stappfullt-helt-crazy\/83916279\" rel=\"nofollow noopener\" target=\"_blank\"><\/p>\n<p>        <img loading=\"lazy\" decoding=\"async\" src=\"https:\/\/www.europesays.com\/no\/wp-content\/uploads\/2025\/12\/1765263072_320_83916934.webp\" width=\"147\" height=\"98\" title=\"Frister med 10 000 kroner\" alt=\"\" class=\"lazyload\" style=\"--aspect-ratio-image: 1.50; \"\/><\/p>\n<p>        Frister med 10 000 kroner<\/p>\n<p>    <\/a><\/p>\n<p> Posten forteller imidlertid til DinSide at de sv\u00e6rt sjelden opplever tilfeller med pakketyveri. <\/p>\n<p>&#8211; Vi f\u00e5r veldig f\u00e5 henvendelser av kunder som blir ber\u00f8rt av dette. V\u00e5re kunder f\u00e5r pakkene levert p\u00e5 dagtid, sier pressesjef Kenneth Tj\u00f8nndal Pettersen til DinSide.\u00a0<\/p>\n<p>&#8211; Skjer relativt ofte\t<\/p>\n<p> Operasjonsleder i Tr\u00f8ndelag politidistrikt, Trond Volden, forklarer at post- og pakketyverier er noks\u00e5 vanlig i omr\u00e5det.\u00a0<\/p>\n<p>&#8211; Det at folk bryter seg inn p\u00e5 pakkesentraler og stjeler pakker derfra, er ganske sjeldent. Men at folk tar pakker p\u00e5 morgenen, etter at de er levert og f\u00f8r folk f\u00e5r hentet dem inn fra postkassen sin, det skjer relativt ofte og hyppig.\u00a0<\/p>\n<p>Uten at han har tall p\u00e5 det selv, forklarer han at tilfellene kan \u00f8ke n\u00e5 som vi er inne p\u00e5 den tida av \u00e5ret der det er flere pakker som sendes &#8211; b\u00e5de med tanke p\u00e5 de store handlebegivenhetene som kom p\u00e5 l\u00f8pende b\u00e5nd i november, og f\u00f8rjulstida.\u00a0<\/p>\n<p>&#8211; Da \u00f8ker jo markedet for de som har til hensikt \u00e5 ta de pakkene.\u00a0<\/p>\n<p>    <a itemprop=\"url\" href=\"https:\/\/dinside.dagbladet.no\/fritid\/gjorde-skrekkfunn-skvatt-skikkelig\/83943686\" rel=\"nofollow noopener\" target=\"_blank\"><\/p>\n<p>        <img loading=\"lazy\" decoding=\"async\" src=\"https:\/\/www.europesays.com\/no\/wp-content\/uploads\/2025\/12\/1765263073_544_83943719.webp\" width=\"980\" height=\"441\" title=\"- Ekkelt og ubehagelig\" alt=\"\" class=\"lazyload\" style=\"--aspect-ratio-image: 2.22; \"\/><\/p>\n<p>        &#8211; Ekkelt og ubehagelig<\/p>\n<p>    <\/a><\/p>\n<p>Volden oppfordrer folk til \u00e5 v\u00e6re p\u00e5 hugget om man vet at man har pakker p\u00e5 vei.\u00a0<\/p>\n<p>&#8211; Det er jo en fordel at man er v\u00e5ken n\u00e5r budet kommer, og kan f\u00e5 tatt inn pakken med en gang. Men man vet jo ikke alltid n\u00e5r den kommer, og ofte kan det v\u00e6re p\u00e5 natta, men da er det jo tryggere \u00e5 f\u00e5 de levert i butikk eller henteboks.\u00a0<\/p>\n<p>    <a itemprop=\"url\" href=\"https:\/\/dinside.dagbladet.no\/fritid\/julegavene-stjalet-fra-dormatta\/82345546\" rel=\"nofollow noopener\" target=\"_blank\"><\/p>\n<p>        <img loading=\"lazy\" decoding=\"async\" src=\"https:\/\/www.europesays.com\/no\/wp-content\/uploads\/2025\/12\/82348776.webp\" width=\"147\" height=\"100\" title=\"Julegavene stj\u00e5let fra d\u00f8rmatta\" alt=\"\" class=\"lazyload\" style=\"--aspect-ratio-image: 1.47; \"\/><\/p>\n<p>        Julegavene stj\u00e5let fra d\u00f8rmatta<\/p>\n<p>    <\/a><\/p>\n<p>Det samme gj\u00f8r seksjonsleder ved Stord politistasjon, Kim Nedrehegg.\u00a0<\/p>\n<p>&#8211; Oppfordringen er \u00e5 f\u00e5 det levert p\u00e5 en annen m\u00e5te, s\u00e5nn at det ikke blir hengende ute og ubeskyttet p\u00e5 postkassen eller adressen til folk. For \u00e5 v\u00e6re sikker p\u00e5 at du skal f\u00e5 pakken din, kan det v\u00e6re tryggere \u00e5 f\u00e5 den levert til en pakkeboks eller utleveringssted, sier Nedrehegg.\u00a0<\/p>\n<p>I tilfellene som skjedde p\u00e5 B\u00f8mlo i helga skal gjenstandene bare ha hengt ute i et par timer p\u00e5 morgenen.\u00a0<\/p>\n<p>&#8211; Slike pakker blir jo ofte levert p\u00e5 natta eller tidlig p\u00e5 morgenen. Her framst\u00e5r det som at det er noen som har v\u00e6rt aktivt ute og leitet.\u00a0<\/p>\n<p>        GAVETRIKS: At man har litt for lite papir til en gave man skal pakke inn er typisk at skjer. Heldigvis finnes det r\u00e5d! Video: Dennis Appelong Hagbru \/ H\u00e5vard Bj\u00f8rnerem. <\/p>\n<p> Heller ikke i deres politidistrikt er dette uvanlig. <\/p>\n<p>&#8211; Dette er et modus vi har sett tidligere, at pakker som blir levert og hengt p\u00e5 d\u00f8ra eller postkassen, blir tatt av uvedkommende i h\u00e5p om at det er gjenstander som de \u00f8nsker, sier Nedrehegg.\u00a0<\/p>\n<p>Samtidig er ikke trenden de har sett de to siste helgene, med flere tilfeller p\u00e5 kort tid, typisk.\u00a0<\/p>\n<p>&#8211; At det er s\u00e5 mange som blir frastj\u00e5let pakker p\u00e5 den m\u00e5ten er ikke vanlig. Her virker det litt som at noen har tatt og \u00e5pnet tilfeldige pakker, og sett om det er innhold av interesse. De som ikke har v\u00e6rt det har blitt funnet igjen str\u00f8dd i en gr\u00f8ftekant. Vi har f\u00e5tt inn en del gods, men problemet er at det kan ligge en plass, og selve pakken en annen.\u00a0<\/p>\n<p>    <a itemprop=\"url\" href=\"https:\/\/dinside.dagbladet.no\/fritid\/solgt-enormt\/83944594\" rel=\"nofollow noopener\" target=\"_blank\"><\/p>\n<p>        <img loading=\"lazy\" decoding=\"async\" src=\"https:\/\/www.europesays.com\/no\/wp-content\/uploads\/2025\/12\/1765263074_200_83944911.webp\" width=\"147\" height=\"98\" title=\"- Solgt enormt\" alt=\"\" class=\"lazyload\" style=\"--aspect-ratio-image: 1.50; \"\/><\/p>\n<p>        &#8211; Solgt enormt<\/p>\n<p>    <\/a><\/p>\n<p>F\u00e5r jevnlig henvendelser\t<\/p>\n<p>Evensen i HeltHjem mener det ikke er grunn til bekymring.<\/p>\n<p>&#8211; Men det er klart at i noen omr\u00e5der hvor det har v\u00e6rt tvil, s\u00e5 skj\u00f8nner jeg at folk er usikre. Det smarteste da, er \u00e5 kontakte oss, og s\u00e5 kan vi justere leveringssted.<\/p>\n<p>Han oppfordrer blant annet ogs\u00e5 folk til \u00e5 hente inn pakkene s\u00e5 raskt som mulig samme dag som du f\u00e5r den, og heller velge utleveringspunkt om du vet at du er bortreist.\u00a0<\/p>\n<p>    <a itemprop=\"url\" href=\"https:\/\/dinside.dagbladet.no\/fritid\/bryllupssjokk-pa-svenskegrensa-12-tonn\/83940256\" rel=\"nofollow noopener\" target=\"_blank\"><\/p>\n<p>        <img loading=\"lazy\" decoding=\"async\" src=\"https:\/\/www.europesays.com\/no\/wp-content\/uploads\/2025\/12\/83940274.webp\" width=\"980\" height=\"441\" title=\"Tatt p\u00e5 fersken\" alt=\"\" class=\"lazyload\" style=\"--aspect-ratio-image: 2.22; \"\/><\/p>\n<p>        Tatt p\u00e5 fersken<\/p>\n<p>    <\/a><\/p>\n<p>HeltHjem jobber mandag formiddag med \u00e5 f\u00e5 oversikt over hvilke pakker som er hele, og hvilke som er \u00e5pnet og \u00f8delagte, etter hendelsen i Stj\u00f8rdal.\u00a0<\/p>\n<p>&#8211; De som havner i den siste kategorien og ikke kan leveres ut, vil vi ta kontakt med og erstatte innholdet.\u00a0<\/p>\n<p>    <a itemprop=\"url\" href=\"https:\/\/dinside.dagbladet.no\/reise\/klar-oppfordring-mot-opp\/83911943\" rel=\"nofollow noopener\" target=\"_blank\"><\/p>\n<p>        <img loading=\"lazy\" decoding=\"async\" src=\"https:\/\/www.europesays.com\/no\/wp-content\/uploads\/2025\/12\/83913600.webp\" width=\"147\" height=\"100\" title=\"Klar oppfordring: - M\u00f8t opp\" alt=\"\" class=\"lazyload\" style=\"--aspect-ratio-image: 1.47; \"\/><\/p>\n<p>        Klar oppfordring: &#8211; M\u00f8t opp<\/p>\n<p>    <\/a><\/p>\n<p>Forbrukerr\u00e5det f\u00e5r ogs\u00e5 inn henvendelser fra folk som opplever lignende.\u00a0<\/p>\n<p>&#8211; Det er alltid kjedelig n\u00e5r pakker med verdifullt innhold, enten m\u00e5lt i penger eller affeksjonsverdi, blir borte.\u00a0Forbrukerr\u00e5dets veiledningstjeneste h\u00f8rer med jevne mellomrom fra forbrukere som har opplevd tyveri fra postkassene sine, sier forbrukerjurist i Forbrukerr\u00e5det Nora Wennberg Gl\u00f8ersen.\u00a0<\/p>\n<p>        <img loading=\"lazy\" decoding=\"async\" itemprop=\"image\" src=\"https:\/\/www.europesays.com\/no\/wp-content\/uploads\/2025\/12\/83954445.webp\" width=\"180\" height=\"180\" alt=\"&lt;br&gt;Nora Wennberg Gl\u00f8ersen\"\/><\/p>\n<p>Nora Wennberg Gl\u00f8ersen<br \/>\n            <br \/>Nora<br \/>\n            Wennberg Gl\u00f8ersen        <\/p>\n<p>Forbrukerjurist i Forbrukerr\u00e5det<\/p>\n<p>Forbrukerjuristen forklarer at det er ulike ting du b\u00f8r tenke p\u00e5 ved pakkesending, avhengig av m\u00e5ten den skal sendes p\u00e5.\u00a0<\/p>\n<p>    Dette m\u00e5 du vite:<\/p>\n<p class=\"font-weight-black m-font-weight-black\" data-lab-font_weight=\"font-weight-black\">Netthandel<\/p>\n<ul>\n<li class=\"lab-bodytext-line\">Hvis du har handlet p\u00e5 nett og kj\u00f8pt en vare inkludert levering, er selger ansvarlig for pakken frem til den er levert til deg.\u00a0<\/li>\n<li class=\"lab-bodytext-line\">Hvis varen blir skadet eller stj\u00e5let underveis i frakten, kan du kreve en ny vare fra butikken.\u00a0<\/li>\n<li class=\"lab-bodytext-line\">N\u00e5r pakken er forsvarlig levert til deg, for eksempel i postkassen din, er det i utgangspunktet du som er ansvarlig for pakken. Blir den stj\u00e5let p\u00e5 det tidspunktet, er det snakk om et tyveri som kan anmeldes til politiet.<\/li>\n<li class=\"lab-bodytext-line\">Hvis du har kj\u00f8pt noe dyrt som du er redd for at kan bli stj\u00e5let fra postkassen din, b\u00f8r du unders\u00f8ke om det er mulig \u00e5 velge at pakken heller skal bli levert til n\u00e6rmeste hentested for post.<\/li>\n<\/ul>\n<p class=\"font-weight-black m-font-weight-black\" data-lab-font_weight=\"font-weight-black\">Sende pakker mellom privatpersoner<\/p>\n<ul>\n<li class=\"lab-bodytext-line\">Noen fraktselskaper, som for eksempel HeltHjem, tilbyr forbrukere \u00e5 sende pakker mellom to privatboliger. Da kan pakken bli liggende en stund p\u00e5 d\u00f8rmatten eller i postkassen til b\u00e5de avsender og mottaker. F\u00f8r man bruker denne type tjeneste, er det viktig at man setter seg grundig inn i vilk\u00e5rene som gjelder &#8211; b\u00e5de hva slags varer som kan sendes, og hvordan de m\u00e5 v\u00e6re pakket inn.\u00a0<\/li>\n<li class=\"lab-bodytext-line\">Fraktselskapet tar normalt ansvar for pakken fra den er registrert som hentet av budet, frem til den er utlevert til mottakeren av pakken. Blir pakken skadet eller borte i dette tidsrommet, vil du kunne kreve erstatning.\u00a0<\/li>\n<li class=\"lab-bodytext-line\">N\u00e5r pakken er hos deg, er den ditt ansvar. Blir den stj\u00e5let fra postkassen eller d\u00f8rmatten din, er dette et tyveri du kan anmelde til politiet.\u00a0<\/li>\n<li class=\"lab-bodytext-line\">Hvis du skal sende noe av h\u00f8y verdi, eller noe som betyr ekstra mye for deg, b\u00f8r du velge en annen fraktmetode. Det vil alltid v\u00e6re tryggest \u00e5 velge en fraktmetode der du selv leverer pakken inn til et postkontor eller annet innleveringssted. Da vet du at fraktselskapet har ansvaret for pakken fra den er levert inn, og pakken blir ikke liggende alene utend\u00f8rs.\u00a0<\/li>\n<\/ul>\n<p class=\"italic m-italic\" data-lab-italic=\"italic\">Kilde: Nora Wennberg Gl\u00f8ersen, Forbrukerjurist i Forbrukerr\u00e5det\u00a0<\/p>\n<p>      Vis mer<br \/>\n      Vis mindre<\/p>\n","protected":false},"excerpt":{"rendered":"Kort fortalt Natt til mandag ble 150 pakker stj\u00e5let fra pakkesentralen Polaris i Stj\u00f8rdal. Politiet fant senere samme&hellip;\n","protected":false},"author":2,"featured_media":108097,"comment_status":"","ping_status":"","sticky":false,"template":"","format":"standard","meta":{"footnotes":""},"categories":[10],"tags":[20,21,24,25,728,15,13401,5593,11599,22,23,13,30,28,29,14,16,2498,26,27,270],"class_list":{"0":"post-108096","1":"post","2":"type-post","3":"status-publish","4":"format-standard","5":"has-post-thumbnail","7":"category-norge","8":"tag-breaking-news","9":"tag-breakingnews","10":"tag-featured-news","11":"tag-featurednews","12":"tag-fritid","13":"tag-headlines","14":"tag-helthjem","15":"tag-jul","16":"tag-julegaver","17":"tag-latest-news","18":"tag-latestnews","19":"tag-news","20":"tag-no","21":"tag-norge","22":"tag-norway","23":"tag-nyheter","24":"tag-overskrifter","25":"tag-posten","26":"tag-top-stories","27":"tag-topstories","28":"tag-trondelag"},"share_on_mastodon":{"url":"https:\/\/pubeurope.com\/@no\/115688288404164024","error":""},"_links":{"self":[{"href":"https:\/\/www.europesays.com\/no\/wp-json\/wp\/v2\/posts\/108096","targetHints":{"allow":["GET"]}}],"collection":[{"href":"https:\/\/www.europesays.com\/no\/wp-json\/wp\/v2\/posts"}],"about":[{"href":"https:\/\/www.europesays.com\/no\/wp-json\/wp\/v2\/types\/post"}],"author":[{"embeddable":true,"href":"https:\/\/www.europesays.com\/no\/wp-json\/wp\/v2\/users\/2"}],"replies":[{"embeddable":true,"href":"https:\/\/www.europesays.com\/no\/wp-json\/wp\/v2\/comments?post=108096"}],"version-history":[{"count":0,"href":"https:\/\/www.europesays.com\/no\/wp-json\/wp\/v2\/posts\/108096\/revisions"}],"wp:featuredmedia":[{"embeddable":true,"href":"https:\/\/www.europesays.com\/no\/wp-json\/wp\/v2\/media\/108097"}],"wp:attachment":[{"href":"https:\/\/www.europesays.com\/no\/wp-json\/wp\/v2\/media?parent=108096"}],"wp:term":[{"taxonomy":"category","embeddable":true,"href":"https:\/\/www.europesays.com\/no\/wp-json\/wp\/v2\/categories?post=108096"},{"taxonomy":"post_tag","embeddable":true,"href":"https:\/\/www.europesays.com\/no\/wp-json\/wp\/v2\/tags?post=108096"}],"curies":[{"name":"wp","href":"https:\/\/api.w.org\/{rel}","templated":true}]}}