{"id":108098,"date":"2025-12-09T06:53:10","date_gmt":"2025-12-09T06:53:10","guid":{"rendered":"https:\/\/www.europesays.com\/no\/108098\/"},"modified":"2025-12-09T06:53:10","modified_gmt":"2025-12-09T06:53:10","slug":"det-tror-jeg-ikke-mye-pa","status":"publish","type":"post","link":"https:\/\/www.europesays.com\/no\/108098\/","title":{"rendered":"\u2013 Det tror jeg ikke mye p\u00e5"},"content":{"rendered":"\n<p class=\"_lead_o9xde_2 _lead_xtcu6_50 layout-component text-serif-m layout-normal text-serif-l layout-component layout-wide layout-padded _wide_17hqh_1 layout-padded\">Det er kanskje ikke rart Alvar Myhlback (19) blir kalt Sveriges utgave av Petter Northug.<\/p>\n<p><img alt=\"Alvar Myhlback, her etter tredjeplassen i verdenscupsprinten i Gran\u00e5sen fredag. Foto: MAXIM THORE \/ BILDBYR\u00c5N\" class=\"_image_qp4xg_65 layout-component layout-wide\" data-fullscreen- data-track-element-type=\"Article image fullscreen\" data-track-name=\"ImageFullscreen\" fetchpriority=\"high\" decoding=\"sync\" loading=\"eager\" height=\"4181\" itemprop=\"image\"  src=\"https:\/\/www.europesays.com\/no\/wp-content\/uploads\/2025\/12\/ba51d733-ef33-4359-b549-b90027d53082\"  style=\"object-position:0% 0%\" width=\"6000\"\/>Alvar Myhlback, her etter tredjeplassen i verdenscupsprinten i Gran\u00e5sen fredag. Foto: MAXIM THORE \/ BILDBYR\u00c5N<\/p>\n<ul aria-hidden=\"true\" class=\"_images_ntbth_112\">\n<li><a class=\"_link_ntbth_117\" href=\"https:\/\/www.vg.no\/forfatter\/mikal-aaserud\" style=\"z-index:1\" title=\"Mikal Emil Aaserud\" rel=\"nofollow noopener\" target=\"_blank\"><img alt=\"Bilde av Mikal Emil Aaserud\" class=\"_image_ntbth_93\" fetchpriority=\"low\" loading=\"lazy\" decoding=\"async\" itemprop=\"image\"  src=\"https:\/\/www.europesays.com\/no\/wp-content\/uploads\/2025\/12\/1765263189_891_1f4bb18c-b7b1-46ba-9b49-79ae6afd7bbd\"  width=\"480\"\/><\/a><\/li>\n<\/ul>\n<p>Gran\u00e5sen, Trondheim Oppdatert tirsdag 9. desember kl. 07:12    <\/p>\n<ul class=\"_list_o9xde_3 _list_64s2r_85 _unordered_o9xde_106 text-sans-m\">\n<li class=\"_item_o9xde_30\">Svenske Alvar Myhlback (19) omtales som Sveriges Petter Northug grunnet sine kontroversielle utsagn og prestasjoner.<\/li>\n<li class=\"_item_o9xde_30\">Myhlback ble tidenes yngste vinner av Vasaloppet, og imponerte nylig i verdenscupsprint i Gran\u00e5sen.<\/li>\n<li class=\"_item_o9xde_30\">Selv om OL ikke er hans hovedm\u00e5l, \u00f8nsker han \u00e5 fokusere p\u00e5 Ski Classics og langl\u00f8p.<\/li>\n<\/ul>\n<p>Vis mer <\/p>\n<p class=\"_paragraph_o9xde_4 _paragraph_xtcu6_10 layout-component text-serif-m layout-normal text-serif-m layout-padded\">Listen over den svenske 19-\u00e5ringens krasse og knallharde utspill er lang.<\/p>\n<p class=\"_paragraph_o9xde_4 _paragraph_xtcu6_10 layout-component text-serif-m layout-normal text-serif-m layout-padded\">Om alt fra \u00abkukregler\u00bb n\u00e5r han diskes i skirenn til \u00e5 kalle eksperter for \u00abidioter\u00bb.<\/p>\n<p class=\"_paragraph_o9xde_4 _paragraph_xtcu6_10 layout-component text-serif-m layout-normal text-serif-m layout-padded\">Men han er ogs\u00e5 en veldig god ski-l\u00f8per.<\/p>\n<p class=\"_paragraph_o9xde_4 _paragraph_xtcu6_10 layout-component text-serif-m layout-normal text-serif-m layout-padded\">\u2013 Det er vondt. Han er s\u00e5 ung at det er helt utrolig, sier landslagsprofil Erik Valnes om hvordan det var \u00e5 bli sl\u00e5tt av svensken i Gran\u00e5sen fredag forrige uke.<\/p>\n<p class=\"_paragraph_o9xde_4 _paragraph_xtcu6_10 layout-component text-serif-m layout-normal text-serif-m layout-padded\">Myhlback er nemlig et enormt utholdenhetstalent.<\/p>\n<p class=\"_paragraph_o9xde_4 _paragraph_xtcu6_10 layout-component text-serif-m layout-normal text-serif-m layout-padded\">Slik gikk det da Myhlback gikk verdenscup tilbake i 2023:<\/p>\n<p class=\"_paragraph_o9xde_4 _paragraph_xtcu6_10 layout-component text-serif-m layout-normal text-serif-m layout-padded\">Sist vinter \u2013 som 18-\u00e5ring \u2013 ble han<a href=\"https:\/\/www.vg.no\/sport\/i\/W02aXd\/alvar-myhlback-18-ble-tidenes-yngste-vinner-av-vasaloppet\" data-track-element-type=\"Link\" data-track-id=\"link:W02aXd\" class=\"_link_o9xde_39\" rel=\"nofollow noopener\" target=\"_blank\"> tidenes yngste vinner av det 90 kilometer lange Vasaloppet<\/a>.<\/p>\n<p class=\"_paragraph_o9xde_4 _paragraph_xtcu6_10 layout-component text-serif-m layout-normal text-serif-m layout-padded\">I Trondheim viste han at han kan ogs\u00e5 i tradisjonell langrenn.<\/p>\n<p class=\"_paragraph_o9xde_4 _paragraph_xtcu6_10 layout-component text-serif-m layout-normal text-serif-m layout-padded\">Da spurtet han seg forbi nevnte Valnes og tok tredjeplassen bak <a href=\"https:\/\/www.vg.no\/tag\/johannes-hoesflot-klaebo?utm_source=vg-article&amp;utm_medium=auto-tagger&amp;utm_campaign=d4dwzq\" class=\"_link_o9xde_39\" rel=\"nofollow noopener\" target=\"_blank\">Johannes H\u00f8sflot Kl\u00e6bo<\/a> og Oskar Opstad Vike i verdenscupsprinten fredag.<\/p>\n<p class=\"_paragraph_o9xde_4 _paragraph_xtcu6_10 layout-component text-serif-m layout-normal text-serif-m layout-padded\">Myhlback gikk sprinten p\u00e5 s\u00e5kalte blanke skiblanke skiBlanke ski betyr at ut\u00f8veren g\u00e5r uten festesmurning, som er normalt n\u00e5r man g\u00e5r klassisk. Feste er avgj\u00f8rende for \u00e5 g\u00e5 diagonalgang-teknikk., staket hele l\u00f8ypa og p\u00e5 oppl\u00f8pet i finalen var bare Johannes H\u00f8sflot Kl\u00e6bo og Oskar Opstad Vike bedre.<\/p>\n<p><img alt=\"IMPONERTE: Alvar Myhlback (venstre) jubler for tredjeplass p\u00e5 fredagens sprint i Trondheim.  Foto: MAXIM THORE \/ BILDBYR\u00c5N\" class=\"_image_qp4xg_65 layout-component layout-normal\" data-fullscreen- data-track-element-type=\"Article image fullscreen\" data-track-name=\"ImageFullscreen\" decoding=\"async\" loading=\"lazy\" height=\"2473\" itemprop=\"image\"  src=\"https:\/\/www.europesays.com\/no\/wp-content\/uploads\/2025\/12\/27bb8657-9944-49d5-95a0-2b07139a7fe3\"  style=\"object-position:0% 0%\" width=\"3609\"\/>IMPONERTE: Alvar Myhlback (venstre) jubler for tredjeplass p\u00e5 fredagens sprint i Trondheim.  Foto: MAXIM THORE \/ BILDBYR\u00c5N<\/p>\n<p class=\"_paragraph_o9xde_4 _paragraph_xtcu6_10 layout-component text-serif-m layout-normal text-serif-m layout-padded\">N\u00e5 er sp\u00f8rsm\u00e5let om Myhlback \u2013 i et svensk herrelag som skriker etter gode prestasjoner \u2013 kommer til \u00e5 reise til OL i Italia.<\/p>\n<p class=\"_paragraph_o9xde_4 _paragraph_xtcu6_10 layout-component text-serif-m layout-normal text-serif-m layout-padded\">19-\u00e5ringen selv har sagt at det ikke er noen selvf\u00f8lge (se faktaboks).<\/p>\n<p class=\"_paragraph_o9xde_4 _paragraph_xtcu6_10 layout-component text-serif-m layout-normal text-serif-m layout-padded\">\u2013 At han ikke skal til OL, det tror jeg ikke mye p\u00e5. Han er den desidert beste svensken, sier Ansgar Evensen, som tok sjetteplassen i finaleheatet i Trondheim.<\/p>\n<p>Myhlbacks mange kontroverser:Nei til OL:<\/p>\n<p class=\"_paragraph_o9xde_4 _paragraph_xtcu6_10 _paragraph_16v91_10 layout-component text-serif-m layout-normal text-sans-m layout-padded\" itemprop=\"text\">Myhlback g\u00e5r sine hele egne veier. V\u00e5ren 2025 takket han for eksempel nei til landslaget for \u00e5 satse p\u00e5 langl\u00f8p. Derfor har han ogs\u00e5 uttalt at han ikke satser mot OL i Italia i februar.<\/p>\n<p>Unik og Northug-sammenligningen:<\/p>\n<p class=\"_paragraph_o9xde_4 _paragraph_xtcu6_10 _paragraph_16v91_10 layout-component text-serif-m layout-normal text-sans-m layout-padded\" itemprop=\"text\">Kommentator i <a href=\"https:\/\/www.dn.se\/sport\/johan-esk-det-finns-ett-stort-missforstand-kring-alvar-myhlback\/\" class=\"_link_o9xde_39\" rel=\"nofollow noopener\" target=\"_blank\">Dagens Nyheter<\/a>, Johan Esk, mener det aldri har v\u00e6rt noen som Myhlback i svensk skisport. Han mener han er \u00abs\u00f6ta brors\u00bb versjon av Petter Northug.<\/p>\n<p>\u00abK**regler\u00bb<\/p>\n<p class=\"_paragraph_o9xde_4 _paragraph_xtcu6_10 _paragraph_16v91_10 layout-component text-serif-m layout-normal text-sans-m layout-padded\" itemprop=\"text\">Men Myhlback g\u00e5r noe tradisjonell langrenn. Men det startet d\u00e5rlig denne sesongen.<\/p>\n<p class=\"_paragraph_o9xde_4 _paragraph_xtcu6_10 _paragraph_16v91_10 layout-component text-serif-m layout-normal text-sans-m layout-padded\" itemprop=\"text\">I den svenske \u00e5pningen i slutten av november ble han disket. En tyvstart gjorde at han fikk sitt andre gule kort. Det f\u00f8rste gule kortet fikk han i et rulleskirenn i sommer for \u00e5 g\u00e5 uten briller. Myhlback kalte det for \u00abkukregler\u00bb, if\u00f8lge <a href=\"https:\/\/www.expressen.se\/sport\/langdskidor\/vill-andra-reglerna-efter-myhlbacks-diskning\/\" class=\"_link_o9xde_39\" rel=\"nofollow noopener\" target=\"_blank\">Expressen<\/a>.<\/p>\n<p>Eksperter og idioter:<\/p>\n<p class=\"_paragraph_o9xde_4 _paragraph_xtcu6_10 _paragraph_16v91_10 layout-component text-serif-m layout-normal text-sans-m layout-padded\" itemprop=\"text\">Dagen etter kom han p\u00e5 pallen i et distanserenn. Etter konkurransen uttalte Myhlback at \u00abViaplay er noen idioter\u00bb, if\u00f8lge <a href=\"https:\/\/www.expressen.se\/sport\/langdskidor\/alvar-myhlback-rasar-mot-viaplay-javla-fjantar\/\" class=\"_link_o9xde_39\" rel=\"nofollow noopener\" target=\"_blank\">Expressen.<\/a> Han likte nemlig d\u00e5rlig at eksperter i den svenske rettighetshaveren mente han burde satse mot OL.<\/p>\n<p class=\"_paragraph_o9xde_4 _paragraph_xtcu6_10 layout-component text-serif-m layout-normal text-serif-m layout-padded\">S\u00e5 VG stiller seg i rekken og sp\u00f8r Myhlback om han har endret mening etter en pallplass i verdenscupen:<\/p>\n<p class=\"_paragraph_o9xde_4 _paragraph_xtcu6_10 layout-component text-serif-m layout-normal text-serif-m layout-padded\">\u2013 Vi f\u00e5r se. Det hadde v\u00e6rt kult. Men det er ikke m\u00e5let eller planen. M\u00e5let er \u00e5 vinne gul tr\u00f8ye i Ski Classics og kjempe i de l\u00f8pene der. Det er noen som ikke forst\u00e5r at det g\u00e5r an \u00e5 satse p\u00e5 det ogs\u00e5, virker det som, sier han.<\/p>\n<p class=\"_paragraph_o9xde_4 _paragraph_xtcu6_10 layout-component text-serif-m layout-normal text-serif-m layout-padded\">Han p\u00e5peker at han har g\u00e5tt b\u00e5de verdenscup og langl\u00f8p \u2013 der konklusjonen er at det er et utrolig h\u00f8yt niv\u00e5 p\u00e5 langl\u00f8pssirkuset.<\/p>\n<p class=\"_paragraph_o9xde_4 _paragraph_xtcu6_10 layout-component text-serif-m layout-normal text-serif-m layout-padded\">\u2013 Det er der mitt hjerte ligger, i hvert fall n\u00e5, sier 19-\u00e5ringen.<\/p>\n<p class=\"_paragraph_o9xde_4 _paragraph_xtcu6_10 layout-component text-serif-m layout-normal text-serif-m layout-padded\"><strong class=\"_strong_o9xde_25\">\u2013 Hva har du \u00e5 si til dem som sier det er litt rart?<\/strong><\/p>\n<p class=\"_paragraph_o9xde_4 _paragraph_xtcu6_10 layout-component text-serif-m layout-normal text-serif-m layout-padded\">\u2013 Jeg tror de aldri har testet det, s\u00e5 det synes jeg ingenting om.<\/p>\n<p><img alt=\"Foto: MAXIM THORE \/ BILDBYR\u00c5N\" class=\"_image_qp4xg_65 layout-component layout-normal\" data-fullscreen- data-track-element-type=\"Article image fullscreen\" data-track-name=\"ImageFullscreen\" decoding=\"async\" loading=\"lazy\" height=\"4000\" itemprop=\"image\"  src=\"https:\/\/www.europesays.com\/no\/wp-content\/uploads\/2025\/12\/3223e899-8229-4ca9-af1a-22a5a5f74606\"  style=\"object-position:0% 0%\" width=\"6000\"\/>Foto: MAXIM THORE \/ BILDBYR\u00c5N<\/p>\n<p class=\"_paragraph_o9xde_4 _paragraph_xtcu6_10 layout-component text-serif-m layout-normal text-serif-m layout-padded\"><strong class=\"_strong_o9xde_25\">\u2013 Hvordan har du opplevd den debatten om du skal satse tradisjonell langrenn eller langl\u00f8p?<\/strong><\/p>\n<p class=\"_paragraph_o9xde_4 _paragraph_xtcu6_10 layout-component text-serif-m layout-normal text-serif-m layout-padded\">\u2013 Det har v\u00e6rt t\u00f8ft for meg. Jeg synes ikke folk skal legge seg oppi det. Jeg gj\u00f8r det jeg vil til slutt uansett. S\u00e5 det er bare helt un\u00f8dvendig, synes jeg.<\/p>\n<p class=\"_paragraph_o9xde_4 _paragraph_xtcu6_10 layout-component text-serif-m layout-normal text-serif-m layout-padded\"><strong class=\"_strong_o9xde_25\">\u2013 Men du synes det er kjipt?<\/strong><\/p>\n<p class=\"_paragraph_o9xde_4 _paragraph_xtcu6_10 layout-component text-serif-m layout-normal text-serif-m layout-padded\">\u2013 Ja, jeg vil helst ha st\u00f8tte i det jeg gj\u00f8r. Men det kan man ikke alltid forvente at man f\u00e5r. Jeg vil bare g\u00e5 p\u00e5 ski, ha det g\u00f8y og konkurrere.<\/p>\n<p class=\"_paragraph_o9xde_4 _paragraph_xtcu6_10 layout-component text-serif-m layout-normal text-serif-m layout-padded\">Det ble dramatisk for andre enn Myhlback p\u00e5 fredagens sprint:<\/p>\n<p class=\"_paragraph_o9xde_4 _paragraph_xtcu6_10 layout-component text-serif-m layout-normal text-serif-m layout-padded\"><strong class=\"_strong_o9xde_25\">\u2013 Du har litt kort lunte p\u00e5 dette temaet\u2026<\/strong><\/p>\n<p class=\"_paragraph_o9xde_4 _paragraph_xtcu6_10 layout-component text-serif-m layout-normal text-serif-m layout-padded\">\u2013 Ja, men n\u00e5r du har f\u00e5tt det samme sp\u00f8rsm\u00e5let 150 ganger, da er det ikke like kult \u00e5 svare p\u00e5 det.<\/p>\n<p class=\"_paragraph_o9xde_4 _paragraph_xtcu6_10 layout-component text-serif-m layout-normal text-serif-m layout-padded\">Ogs\u00e5 Johannes H\u00f8sflot Kl\u00e6bo er imponert over svensken.<\/p>\n<p class=\"_paragraph_o9xde_4 _paragraph_xtcu6_10 layout-component text-serif-m layout-normal text-serif-m layout-padded\">\u2013 Det er ikke mange som hadde staket fortere enn han gj\u00f8r her. Han er god p\u00e5 det, trener mye p\u00e5 det og tar den muligheten n\u00e5r det ikke er stakefri sone.<\/p>\n<p><img alt=\"SEIERSPALLEN: Johannes H\u00f8sflot Kl\u00e6bo vant klassisksprinten i Trondheim foran Oskar Opstad Vike (venstre) og Alvar Myhlback.  Foto: Geir Olsen \/ NTB\" class=\"_image_qp4xg_65 layout-component layout-normal\" data-fullscreen- data-track-element-type=\"Article image fullscreen\" data-track-name=\"ImageFullscreen\" decoding=\"async\" loading=\"lazy\" height=\"5112\" itemprop=\"image\"  src=\"https:\/\/www.europesays.com\/no\/wp-content\/uploads\/2025\/12\/1a988eec-0c04-40f7-96cc-a149751f9dde\"  style=\"object-position:0% 0%\" width=\"7706\"\/>SEIERSPALLEN: Johannes H\u00f8sflot Kl\u00e6bo vant klassisksprinten i Trondheim foran Oskar Opstad Vike (venstre) og Alvar Myhlback.  Foto: Geir Olsen \/ NTB<\/p>\n<p class=\"_paragraph_o9xde_4 _paragraph_xtcu6_10 layout-component text-serif-m layout-normal text-serif-m layout-padded\">N\u00e5 29 \u00e5r gamle Kl\u00e6bo var selv ung en gang, slo gjennom tidlig og mange mente mye om ham.<\/p>\n<p class=\"_paragraph_o9xde_4 _paragraph_xtcu6_10 layout-component text-serif-m layout-normal text-serif-m layout-padded\">Da VG sp\u00f8r ski-stjernen om han kjenner seg igjen i Myhlbacks situasjon, svarer han slik:<\/p>\n<p class=\"_paragraph_o9xde_4 _paragraph_xtcu6_10 layout-component text-serif-m layout-normal text-serif-m layout-padded\">\u2013 Det m\u00e5 han bare bruke som motivasjon og kan tr\u00f8ste seg med at det er ganske mye kjipere om ingen mener noen verdens ting. Det er bare \u00e5 bite i seg, sier tr\u00f8nderen og gliser. <\/p>\n<p class=\"_paragraph_o9xde_4 _paragraph_xtcu6_10 layout-component text-serif-m layout-normal text-serif-m layout-padded\">Damefinalen ble kjempedramatisk, med et ungt norsk sprinth\u00e5p i en av hovedrollene:<\/p>\n","protected":false},"excerpt":{"rendered":"Det er kanskje ikke rart Alvar Myhlback (19) blir kalt Sveriges utgave av Petter Northug. Alvar Myhlback, her&hellip;\n","protected":false},"author":2,"featured_media":108099,"comment_status":"","ping_status":"","sticky":false,"template":"","format":"standard","meta":{"footnotes":""},"categories":[59],"tags":[711,398,30,28,29,13402,83,82,399],"class_list":{"0":"post-108098","1":"post","2":"type-post","3":"status-publish","4":"format-standard","5":"has-post-thumbnail","7":"category-sport","8":"tag-johannes-hosflot-klaebo","9":"tag-langrenn","10":"tag-no","11":"tag-norge","12":"tag-norway","13":"tag-ski-classics","14":"tag-sport","15":"tag-sports","16":"tag-vintersport"},"share_on_mastodon":{"url":"https:\/\/pubeurope.com\/@no\/115688296145171350","error":""},"_links":{"self":[{"href":"https:\/\/www.europesays.com\/no\/wp-json\/wp\/v2\/posts\/108098","targetHints":{"allow":["GET"]}}],"collection":[{"href":"https:\/\/www.europesays.com\/no\/wp-json\/wp\/v2\/posts"}],"about":[{"href":"https:\/\/www.europesays.com\/no\/wp-json\/wp\/v2\/types\/post"}],"author":[{"embeddable":true,"href":"https:\/\/www.europesays.com\/no\/wp-json\/wp\/v2\/users\/2"}],"replies":[{"embeddable":true,"href":"https:\/\/www.europesays.com\/no\/wp-json\/wp\/v2\/comments?post=108098"}],"version-history":[{"count":0,"href":"https:\/\/www.europesays.com\/no\/wp-json\/wp\/v2\/posts\/108098\/revisions"}],"wp:featuredmedia":[{"embeddable":true,"href":"https:\/\/www.europesays.com\/no\/wp-json\/wp\/v2\/media\/108099"}],"wp:attachment":[{"href":"https:\/\/www.europesays.com\/no\/wp-json\/wp\/v2\/media?parent=108098"}],"wp:term":[{"taxonomy":"category","embeddable":true,"href":"https:\/\/www.europesays.com\/no\/wp-json\/wp\/v2\/categories?post=108098"},{"taxonomy":"post_tag","embeddable":true,"href":"https:\/\/www.europesays.com\/no\/wp-json\/wp\/v2\/tags?post=108098"}],"curies":[{"name":"wp","href":"https:\/\/api.w.org\/{rel}","templated":true}]}}