{"id":108106,"date":"2025-12-09T07:00:10","date_gmt":"2025-12-09T07:00:10","guid":{"rendered":"https:\/\/www.europesays.com\/no\/108106\/"},"modified":"2025-12-09T07:00:10","modified_gmt":"2025-12-09T07:00:10","slug":"varsler-glimt-invasjon-til-norges-vm-kamp-jeg-elsker-nordlendinger","status":"publish","type":"post","link":"https:\/\/www.europesays.com\/no\/108106\/","title":{"rendered":"Varsler Glimt-invasjon til Norges VM-kamp: \u2013 Jeg elsker nordlendinger"},"content":{"rendered":"\n<p class=\"_lead_o9xde_2 _lead_xtcu6_50 layout-component text-serif-m layout-normal text-serif-l layout-component layout-wide layout-padded _wide_17hqh_1 layout-padded\">Over 4000 Glimt-supportere er p\u00e5 vei til Dortmund for \u00e5 f\u00f8lge laget i Champions League. Mange skal varme opp med norsk kvartfinale i h\u00e5ndball-VM.<\/p>\n<ul class=\"_gallery_1qa3s_23\" tabindex=\"0\">\n<li class=\"_item_1qa3s_37\" data-index=\"0\"><img fetchpriority=\"high\" decoding=\"async\" class=\"_image_foru8_23 _introGallery_foru8_43\" data-fullscreen- width=\"4976\" height=\"3317\" itemprop=\"image\" loading=\"eager\"  src=\"https:\/\/www.europesays.com\/no\/wp-content\/uploads\/2025\/12\/df44f02b-4a38-4130-96c9-7b2224000041\"  style=\"object-position:50% 50%;aspect-ratio:var(--gallery-aspect-ratio, 16 \/ 9)\"\/>Henny Reistad og Norge forbereder seg til kvartfinale i h\u00e5ndball-VM. Tirsdag f\u00e5r de st\u00f8tte av fotballsupporterne i byen ogs\u00e5.<br \/>\nFoto: Beate Oma Dahle \/ NTB<\/li>\n<li class=\"_item_1qa3s_37\" data-index=\"1\"><img decoding=\"async\" class=\"_image_foru8_23 _introGallery_foru8_43\" data-fullscreen- width=\"6449\" height=\"4299\" itemprop=\"image\" loading=\"lazy\"  src=\"https:\/\/www.europesays.com\/no\/wp-content\/uploads\/2025\/12\/d14d6e67-fb7e-4bab-89a5-7e583605b481\"  style=\"object-position:50% 50%;aspect-ratio:var(--gallery-aspect-ratio, 16 \/ 9)\"\/>Maren Aardahl forventer \u00e5 se mange Glimt-supportere i Norges VM-kvartfinale mot Montenegro.<br \/>\nFoto: Beate Oma Dahle \/ NTB<\/li>\n<\/ul>\n<p>Henny Reistad og Norge forbereder seg til kvartfinale i h\u00e5ndball-VM. Tirsdag f\u00e5r de st\u00f8tte av fotballsupporterne i byen ogs\u00e5.<br \/>\nFoto: Beate Oma Dahle \/ NTB<\/p>\n<ul aria-hidden=\"true\" class=\"_images_ntbth_112\">\n<li><a class=\"_link_ntbth_117\" href=\"https:\/\/www.vg.no\/forfatter\/ntb\" style=\"z-index:1\" title=\"NTB\" rel=\"nofollow noopener\" target=\"_blank\"><img alt=\"Bilde av NTB\" class=\"_image_ntbth_93\" fetchpriority=\"low\" loading=\"lazy\" decoding=\"async\" itemprop=\"image\"  src=\"https:\/\/www.europesays.com\/no\/wp-content\/uploads\/2025\/12\/1765263610_913_c33980b0-5d07-4027-84a1-813f90a7c8d6\"  width=\"480\"\/><\/a><\/li>\n<\/ul>\n<p> Oppdatert tirsdag 9. desember kl. 07:02     <\/p>\n<p class=\"_paragraph_o9xde_4 _paragraph_xtcu6_10 layout-component text-serif-m layout-normal text-serif-m layout-padded\">Medieansvarlig Simen Pedersen i Glimt opplyser til NTB at han kjenner til at mange supportere skal f\u00e5 med seg kampen i Westfalenhalle.<\/p>\n<p class=\"_paragraph_o9xde_4 _paragraph_xtcu6_10 layout-component text-serif-m layout-normal text-serif-m layout-padded\">Over 4400 Glimt-supportere har kj\u00f8pt billett til Champions League-kampen mot Borussia Dortmund onsdag, forteller han til NTB. Dagen f\u00f8r blir det alts\u00e5 h\u00e5ndball p\u00e5 menyen for mange.<\/p>\n<p class=\"_paragraph_o9xde_4 _paragraph_xtcu6_10 layout-component text-serif-m layout-normal text-serif-m layout-padded\">\u2013 De har jo tid til det! De kan ta et lite vorspiel med kampen v\u00e5r. Vi skal love god underholdning. Jeg forventer egentlig at noen av dem tar turen, forteller Maren Aardahl til NTB.<\/p>\n<p class=\"_paragraph_o9xde_4 _paragraph_xtcu6_10 layout-component text-serif-m layout-normal text-serif-m layout-padded\">Forsvarskjempen er klar p\u00e5 at Glimt-supporterne b\u00f8r ha prioritetene i orden mens de er i byen.<\/p>\n<p class=\"_paragraph_o9xde_4 _paragraph_xtcu6_10 layout-component text-serif-m layout-normal text-serif-m layout-padded\">\u2013 N\u00e5r de f\u00f8rst er i Dortmund, hva skal de gj\u00f8re? Det er ikke noe annet \u00e5 gj\u00f8re enn \u00e5 se p\u00e5 sport. S\u00e5 det er en stor oppfordring fra meg, sier hun.<\/p>\n<p class=\"_paragraph_o9xde_4 _paragraph_xtcu6_10 layout-component text-serif-m layout-normal text-serif-m layout-padded\">\u2013 Jeg elsker nordlendinger og har masse slekt der. De skaper alltid god stemning, s\u00e5 det blir bra, sier tr\u00f8nderen.<\/p>\n<p class=\"_paragraph_o9xde_4 _paragraph_xtcu6_10 layout-component text-serif-m layout-normal text-serif-m layout-padded\">Norge har spilt tre kamper s\u00e5 langt i Dortmund og vunnet med kalassifre hver gang. I Westfalenhalle, som ligger en langpasning unna Borussia Dortmunds hjemmearena, er det plass til 10.500 tilskuere.<\/p>\n<p class=\"_paragraph_o9xde_4 _paragraph_xtcu6_10 layout-component text-serif-m layout-normal text-serif-m layout-padded\">Enn s\u00e5 lenge har den store folkefesten latt vente p\u00e5 seg for h\u00e5ndballjentene. Kaptein Henny Reistad h\u00e5per det tar seg opp tirsdag. <\/p>\n<p class=\"_paragraph_o9xde_4 _paragraph_xtcu6_10 layout-component text-serif-m layout-normal text-serif-m layout-padded\">Da spiller vertsnasjon Tyskland i forkant, men ikke minst med tanke p\u00e5 alle Glimt-supporterne som er i byen. De er velkommen \u2013 selv om de ikke er \u00abriktig antrukket\u00bb.<\/p>\n<p class=\"_paragraph_o9xde_4 _paragraph_xtcu6_10 layout-component text-serif-m layout-normal text-serif-m layout-padded\">\u2013 Det hadde v\u00e6rt veldig g\u00f8y. Gult er kjempebra! sier Reistad til NTB.<\/p>\n<p class=\"_paragraph_o9xde_4 _paragraph_xtcu6_10 layout-component text-serif-m layout-normal text-serif-m layout-padded\">Kampstart mot Montenegro er klokken 20.30 tirsdag kveld.<\/p>\n","protected":false},"excerpt":{"rendered":"Over 4000 Glimt-supportere er p\u00e5 vei til Dortmund for \u00e5 f\u00f8lge laget i Champions League. Mange skal varme&hellip;\n","protected":false},"author":2,"featured_media":108107,"comment_status":"","ping_status":"","sticky":false,"template":"","format":"standard","meta":{"footnotes":""},"categories":[59],"tags":[30,28,29,83,82],"class_list":{"0":"post-108106","1":"post","2":"type-post","3":"status-publish","4":"format-standard","5":"has-post-thumbnail","7":"category-sport","8":"tag-no","9":"tag-norge","10":"tag-norway","11":"tag-sport","12":"tag-sports"},"share_on_mastodon":{"url":"https:\/\/pubeurope.com\/@no\/115688323480391573","error":""},"_links":{"self":[{"href":"https:\/\/www.europesays.com\/no\/wp-json\/wp\/v2\/posts\/108106","targetHints":{"allow":["GET"]}}],"collection":[{"href":"https:\/\/www.europesays.com\/no\/wp-json\/wp\/v2\/posts"}],"about":[{"href":"https:\/\/www.europesays.com\/no\/wp-json\/wp\/v2\/types\/post"}],"author":[{"embeddable":true,"href":"https:\/\/www.europesays.com\/no\/wp-json\/wp\/v2\/users\/2"}],"replies":[{"embeddable":true,"href":"https:\/\/www.europesays.com\/no\/wp-json\/wp\/v2\/comments?post=108106"}],"version-history":[{"count":0,"href":"https:\/\/www.europesays.com\/no\/wp-json\/wp\/v2\/posts\/108106\/revisions"}],"wp:featuredmedia":[{"embeddable":true,"href":"https:\/\/www.europesays.com\/no\/wp-json\/wp\/v2\/media\/108107"}],"wp:attachment":[{"href":"https:\/\/www.europesays.com\/no\/wp-json\/wp\/v2\/media?parent=108106"}],"wp:term":[{"taxonomy":"category","embeddable":true,"href":"https:\/\/www.europesays.com\/no\/wp-json\/wp\/v2\/categories?post=108106"},{"taxonomy":"post_tag","embeddable":true,"href":"https:\/\/www.europesays.com\/no\/wp-json\/wp\/v2\/tags?post=108106"}],"curies":[{"name":"wp","href":"https:\/\/api.w.org\/{rel}","templated":true}]}}