{"id":108110,"date":"2025-12-09T07:07:12","date_gmt":"2025-12-09T07:07:12","guid":{"rendered":"https:\/\/www.europesays.com\/no\/108110\/"},"modified":"2025-12-09T07:07:12","modified_gmt":"2025-12-09T07:07:12","slug":"litauen-erklaerer-unntakstilstand","status":"publish","type":"post","link":"https:\/\/www.europesays.com\/no\/108110\/","title":{"rendered":"Litauen erkl\u00e6rer unntakstilstand"},"content":{"rendered":"\n<p class=\"_lead_o9xde_2 _lead_xtcu6_50 layout-component text-serif-m layout-normal text-serif-l layout-component layout-wide layout-padded _wide_17hqh_1 layout-padded\">\u00abDen beste l\u00f8sningen n\u00e5\u00bb, sier regjeringen, som mener smuglerballonger fra Belarus truer sikkerheten.<\/p>\n<p><img alt=\"Dette utdaterte bildet skal vise et tidligere tilfelle av smuglerballong i Litauen. Her unders\u00f8kes ballongen av litauisk grensepoliti. Foto: Foto: Litauisk grensepoliti \/ AP \/ NTB\" class=\"_image_qp4xg_65 layout-component layout-wide\" data-fullscreen- data-track-element-type=\"Article image fullscreen\" data-track-name=\"ImageFullscreen\" fetchpriority=\"high\" decoding=\"sync\" loading=\"eager\" height=\"720\" itemprop=\"image\"  src=\"https:\/\/www.europesays.com\/no\/wp-content\/uploads\/2025\/12\/7afa9a73-ae29-41c1-a898-3979c38af62c\"  style=\"object-position:0% 0%\" width=\"1080\"\/>Dette utdaterte bildet skal vise et tidligere tilfelle av smuglerballong i Litauen. Her unders\u00f8kes ballongen av litauisk grensepoliti. Foto: Foto: Litauisk grensepoliti \/ AP \/ NTB<\/p>\n<ul aria-hidden=\"true\" class=\"_images_ntbth_112\">\n<li><a class=\"_link_ntbth_117\" href=\"https:\/\/www.vg.no\/forfatter\/bendik-hansen\" style=\"z-index:1\" title=\"Bendik Hansen\" rel=\"nofollow noopener\" target=\"_blank\"><img alt=\"Bilde av Bendik Hansen\" class=\"_image_ntbth_93\" fetchpriority=\"low\" loading=\"lazy\" decoding=\"async\" itemprop=\"image\"  src=\"https:\/\/www.europesays.com\/no\/wp-content\/uploads\/2025\/12\/1765264030_622_236bc5a3-2236-4046-b957-81f29d024aa6\"  width=\"480\"\/><\/a><\/li>\n<\/ul>\n<p> Oppdatert tirsdag 9. desember kl. 08:06     <\/p>\n<p class=\"_paragraph_o9xde_4 _paragraph_xtcu6_10 layout-component text-serif-m layout-normal text-serif-m layout-padded\">SmuglerballongerSmuglerballongerV\u00e6rballonger som blir brukt til \u00e5 transportere smuglervarer over grensen. har flere ganger <a href=\"https:\/\/www.vg.no\/nyheter\/i\/n1RmXn\/ballongkaos-i-litauen-stenger-flyplass-igjen\" data-track-element-type=\"Link\" data-track-id=\"link:n1RmXn\" class=\"_link_o9xde_39\" rel=\"nofollow noopener\" target=\"_blank\">skapt problemer for flyplassen i Litauens hovedstad<\/a> Vilnius, og for flyplassen i Kaunas.<\/p>\n<p class=\"_paragraph_o9xde_4 _paragraph_xtcu6_10 layout-component text-serif-m layout-normal text-serif-m layout-padded\">Ballongene kommer inn i litausk luftrom fra Belarus, og flyr opptil ti kilometer h\u00f8yt. De har tidligere blitt brukt til \u00e5 smugle sigaretter inn i <a href=\"https:\/\/www.vg.no\/tag\/litauen?utm_source=vg-article&amp;utm_medium=auto-tagger&amp;utm_campaign=zOL6kr\" class=\"_link_o9xde_39\" rel=\"nofollow noopener\" target=\"_blank\">Litauen<\/a>.Vilnius ligger omtrent 40 kilometer fra grensen til Belarus. <\/p>\n<p class=\"_paragraph_o9xde_4 _paragraph_xtcu6_10 layout-component text-serif-m layout-normal text-serif-m layout-padded\"><strong class=\"_strong_o9xde_25\">Hittil i \u00e5r er det meldt om over 500 tilfeller av smuglerballonger. I fjor ble det registrert nesten 1000 ballonger. <\/strong><\/p>\n<p>Aktiver kart<\/p>\n<p class=\"_paragraph_o9xde_4 _paragraph_xtcu6_10 layout-component text-serif-m layout-normal text-serif-m layout-padded\">\u2013 Innf\u00f8ringen av unntakstilstand i hele landet vil ikke for\u00e5rsake ulemper for offentligheten, ettersom tiltaktene som iverksettes vil v\u00e5re m\u00e5lrettede og utelukkende fokusere p\u00e5 gjerningspersonene av ulovlige aktiviteter, sier Litauens innenriksdepartement i en uttalelse, if\u00f8lge rikskringkasteren <a href=\"https:\/\/www.lrt.lt\/naujienos\/lietuvoje\/2\/2770044\/del-kontrabandiniu-balionu-krizes-lietuvoje-paskelbta-ekstremalioji-situacija\" class=\"_link_o9xde_39\" rel=\"nofollow noopener\" target=\"_blank\">LRT<\/a>.<\/p>\n<p class=\"_paragraph_o9xde_4 _paragraph_xtcu6_10 layout-component text-serif-m layout-normal text-serif-m layout-padded\">Unntakstilstanden ble varslet i forrige uke. <\/p>\n<p class=\"_paragraph_o9xde_4 _paragraph_xtcu6_10 layout-component text-serif-m layout-normal text-serif-m layout-padded\"><strong class=\"_strong_o9xde_25\">If\u00f8lge statsminister Inga Ruginiene er dette \u00abden beste l\u00f8sningen akkurat n\u00e5\u00bb.<\/strong><\/p>\n<p><img decoding=\"async\" alt=\"Bilde av Inga Ruginiene\" class=\"_image_ygndg_42\" height=\"27\" itemprop=\"image\" loading=\"lazy\"  src=\"https:\/\/www.europesays.com\/no\/wp-content\/uploads\/2025\/12\/895a84dd-1109-4338-9a30-20d513a2ac0c\"  width=\"40\"\/><strong class=\"_name_ygndg_51 title-serif-xs\">Inga Ruginiene<\/strong><\/p>\n<p class=\"_paragraph_o9xde_4 text-sans-m _description_ygndg_56\">Statsminister i Litauen.<\/p>\n<p class=\"_paragraph_o9xde_4 _paragraph_xtcu6_10 layout-component text-serif-m layout-normal text-serif-m layout-padded\">Litauens regjering forklarer at ballongene utgj\u00f8r en trussel mot litauisk sivil luftfart og at de forstyrrer driften av Vilnius lufthavn. <\/p>\n<p class=\"_paragraph_o9xde_4 _paragraph_xtcu6_10 layout-component text-serif-m layout-normal text-serif-m layout-padded\">Videre f\u00f8rer ballongene til betydelige \u00f8konomiske tap og et skadet omd\u00f8mme, if\u00f8lge innenriksdepartementet.<\/p>\n<p class=\"_paragraph_o9xde_4 _paragraph_xtcu6_10 layout-component text-serif-m layout-normal layout-padded\"><strong class=\"_strong_o9xde_25\">Les ogs\u00e5:<\/strong> <a href=\"https:\/\/www.vg.no\/i\/n1RmXn\" data-track-element-type=\"Link\" data-track-id=\"link:n1RmXn\" class=\"_link_o9xde_39\" rel=\"nofollow noopener\" target=\"_blank\">Ballongkaos i Litauen stengte flyplass<\/a><\/p>\n<p>Vil skyte ned<\/p>\n<p class=\"_paragraph_o9xde_4 _paragraph_xtcu6_10 layout-component text-serif-m layout-normal text-serif-m layout-padded\">Litauens statsminister Inga Ruginiene har tidligere sagt at landet skal begynne \u00e5 skyte ned ballongene som g\u00e5r inni deres luftrom.<\/p>\n<p class=\"_paragraph_o9xde_4 _paragraph_xtcu6_10 layout-component text-serif-m layout-normal text-serif-m layout-padded\"><strong class=\"_strong_o9xde_25\">If\u00f8lge LRT vil unntakstilstanden blant annet gj\u00f8re det mulig \u00e5 innhente st\u00f8tte fra milit\u00e6re enheter, for \u00e5 f\u00e5 bukt med ballong-problemet. <\/strong><\/p>\n<p class=\"_paragraph_o9xde_4 _paragraph_xtcu6_10 layout-component text-serif-m layout-normal text-serif-m layout-padded\">EU-kommisjonens president Ursula von der Leyen har tidligere omtalt ballongene som en hybrid trussel.<\/p>\n<p class=\"_paragraph_o9xde_4 _paragraph_xtcu6_10 layout-component text-serif-m layout-normal text-serif-m layout-padded\">\u2013 Dette er provokasjon. Vi kaller det vet sitt rette navn: En hybrid trussel. Vi vil ikke tolerere det, skrev hun i en uttalelse p\u00e5 X i slutten av oktober.<\/p>\n<p>    <img decoding=\"async\" alt=\"Tips oss illustrasjon\" src=\"https:\/\/www.europesays.com\/no\/wp-content\/uploads\/2025\/10\/pssst-small.webp.webp\"\/>    <\/p>\n<p class=\"title-serif-s\">Har du tips?<\/p>\n<p class=\"text-sans-m\">Send oss informasjon, bilder eller video.<\/p>\n<p>  <a href=\"https:\/\/www.vg.no\/tips-oss\" rel=\"nofollow noopener\" target=\"_blank\"> Tips oss <\/a>      <\/p>\n","protected":false},"excerpt":{"rendered":"\u00abDen beste l\u00f8sningen n\u00e5\u00bb, sier regjeringen, som mener smuglerballonger fra Belarus truer sikkerheten. Dette utdaterte bildet skal vise&hellip;\n","protected":false},"author":2,"featured_media":108111,"comment_status":"","ping_status":"","sticky":false,"template":"","format":"standard","meta":{"footnotes":""},"categories":[5],"tags":[1065,31,20,21,24,25,15,19,22,23,8156,17,18,13,30,28,29,14,16,26,27],"class_list":{"0":"post-108110","1":"post","2":"type-post","3":"status-publish","4":"format-standard","5":"has-post-thumbnail","7":"category-overskrifter","8":"tag-belarus","9":"tag-breaking","10":"tag-breaking-news","11":"tag-breakingnews","12":"tag-featured-news","13":"tag-featurednews","14":"tag-headlines","15":"tag-hovedoppslag","16":"tag-latest-news","17":"tag-latestnews","18":"tag-litauen","19":"tag-main-news","20":"tag-mainnews","21":"tag-news","22":"tag-no","23":"tag-norge","24":"tag-norway","25":"tag-nyheter","26":"tag-overskrifter","27":"tag-top-stories","28":"tag-topstories"},"share_on_mastodon":{"url":"https:\/\/pubeurope.com\/@no\/115688351272924792","error":""},"_links":{"self":[{"href":"https:\/\/www.europesays.com\/no\/wp-json\/wp\/v2\/posts\/108110","targetHints":{"allow":["GET"]}}],"collection":[{"href":"https:\/\/www.europesays.com\/no\/wp-json\/wp\/v2\/posts"}],"about":[{"href":"https:\/\/www.europesays.com\/no\/wp-json\/wp\/v2\/types\/post"}],"author":[{"embeddable":true,"href":"https:\/\/www.europesays.com\/no\/wp-json\/wp\/v2\/users\/2"}],"replies":[{"embeddable":true,"href":"https:\/\/www.europesays.com\/no\/wp-json\/wp\/v2\/comments?post=108110"}],"version-history":[{"count":0,"href":"https:\/\/www.europesays.com\/no\/wp-json\/wp\/v2\/posts\/108110\/revisions"}],"wp:featuredmedia":[{"embeddable":true,"href":"https:\/\/www.europesays.com\/no\/wp-json\/wp\/v2\/media\/108111"}],"wp:attachment":[{"href":"https:\/\/www.europesays.com\/no\/wp-json\/wp\/v2\/media?parent=108110"}],"wp:term":[{"taxonomy":"category","embeddable":true,"href":"https:\/\/www.europesays.com\/no\/wp-json\/wp\/v2\/categories?post=108110"},{"taxonomy":"post_tag","embeddable":true,"href":"https:\/\/www.europesays.com\/no\/wp-json\/wp\/v2\/tags?post=108110"}],"curies":[{"name":"wp","href":"https:\/\/api.w.org\/{rel}","templated":true}]}}