{"id":108112,"date":"2025-12-09T07:08:15","date_gmt":"2025-12-09T07:08:15","guid":{"rendered":"https:\/\/www.europesays.com\/no\/108112\/"},"modified":"2025-12-09T07:08:15","modified_gmt":"2025-12-09T07:08:15","slug":"pa-vei-mot-katastrofe","status":"publish","type":"post","link":"https:\/\/www.europesays.com\/no\/108112\/","title":{"rendered":"&#8211; P\u00e5 vei mot katastrofe"},"content":{"rendered":"<p>  Ny kritikk av FIFA-president Gianni Infantino: &#8211; Han ser ut til \u00e5 tro at han er en slags komiker, raser kommentator.<\/p>\n<p>\n    INNE I VARMEN: Gianni Infantino figurerte p\u00e5 VIP-tribunen med f\u00f8rstedame Melania Trump under VM-trekningen. Foto: NTB\n  <\/p>\n<p>DORTMUND (Dagbladet): Denne uka starter Champions League opp igjen etter VM-trekningen i Washington. Onsdag spiller Bod\u00f8\/Glimt mot Borussia Dortmund foran 80.000 tilskuere p\u00e5 Signal Iduna Park.<\/p>\n<p>Men verden har enn\u00e5 ikke kommet til hektene etter VM-trekningen fredag. FIFA-president Gianni Infantino sjokkerte med \u00e5 dele ut en fredspris til Donald Trump, en fredspris Norge vanligvis har patent p\u00e5.<\/p>\n<p>Spesielt i England er reaksjonene sterke. Infantino har f\u00e5tt det glatte lag i flere dager. N\u00e5 kaster en ny stemme seg p\u00e5.<\/p>\n<p>        <img loading=\"lazy\" decoding=\"async\" src=\"https:\/\/www.europesays.com\/no\/wp-content\/uploads\/2025\/12\/1765264091_661_83956975.webp\" width=\"686\" height=\"494\" title=\"SMISK: Gianni Infantino gj\u00f8r alt for \u00e5 innynde seg hos Mr. President. Foto: NTB\" alt=\"\" class=\"\" style=\"--aspect-ratio-image: 1.39; \"\/><\/p>\n<p>\n        SMISK: Gianni Infantino gj\u00f8r alt for \u00e5 innynde seg hos Mr. President. Foto: NTB\n    <\/p>\n<p>&#8211; Seremonien i Washington var s\u00e5 pinlig og ynkelig at fotballfans lengtet tilbake til tida med Sepp Blatter (tidligere FIFA-president). Det var forferdelig, var det ikke? melder Aaron Timms, kommentator i <a href=\"https:\/\/www.theguardian.com\/football\/2025\/dec\/08\/gianni-infantino-world-cup-draw-2026-trump\" rel=\"nofollow noopener\" target=\"_blank\">The Guardian<\/a>.<\/p>\n<p>&#8211; Hvis dette var en forsmak p\u00e5 neste sommer, er VM-sluttspill nummer 23 p\u00e5 vei mot en katastrofe, hevder Timms.\u00a0<\/p>\n<p>Han peker p\u00e5 oppf\u00f8rselen til Infantino og hans notoriske slisking med Trump.<\/p>\n<p>    <a itemprop=\"url\" href=\"https:\/\/www.dagbladet.no\/sport\/rapporter-om-endringer\/83951914\" rel=\"nofollow noopener\" target=\"_blank\"><\/p>\n<p>        <img loading=\"lazy\" decoding=\"async\" src=\"https:\/\/www.europesays.com\/no\/wp-content\/uploads\/2025\/12\/1765264092_374_83951920.webp\" width=\"980\" height=\"441\" title=\"Rapporter om endringer\" alt=\"\" class=\"lazyload\" style=\"--aspect-ratio-image: 2.22; \"\/><\/p>\n<p>        Rapporter om endringer<\/p>\n<p>    <\/a><\/p>\n<p>&#8211; Infantino ser oppriktig ut til \u00e5 tro at han er en slags komiker. Men latteren han framkalte hos publikum virket p\u00e5tvunget. Det krever et sjeldent talent \u00e5 f\u00e5 fotballfans til \u00e5 lengte etter Sepp Blatter, sier Timms.<\/p>\n<p>&#8211; FIFA-presidenten er s\u00e5 insisterende ubehagelig &#8211; en merkelig, fuktig liten mann &#8211; at han f\u00e5r sin ber\u00f8mte og korrupte forgjenger til \u00e5 framst\u00e5 som positiv elegant og med glitrende \u00f8yne.<\/p>\n<p>        <img loading=\"lazy\" decoding=\"async\" src=\"https:\/\/www.europesays.com\/no\/wp-content\/uploads\/2025\/12\/1765264093_966_83956977.webp\" width=\"686\" height=\"618\" title=\"\u00d8YEBLIKKET: Donald Trump mottar \u00abfredsprisen\u00bb fra Gianni Infantino. Det inneb\u00e6rer ogs\u00e5 en medalje rundt halsen. Foto: NTB\" alt=\"\" class=\"\" style=\"--aspect-ratio-image: 1.11; \"\/><\/p>\n<p>\n        \u00d8YEBLIKKET: Donald Trump mottar \u00abfredsprisen\u00bb fra Gianni Infantino. Det inneb\u00e6rer ogs\u00e5 en medalje rundt halsen. Foto: NTB\n    <\/p>\n<p>Han mener Infantino kr\u00f8p for han som \u00f8nsker \u00e5 v\u00e6re \u00abAmerikas konge\u00bb.<\/p>\n<p>&#8211; Infantino trenger ikke et rom i presidentboligen. Han har tatt direkte bolig i lomma til Trump. Gjennom alle maktens pr\u00f8velser og tilbakeslag m\u00e5 det v\u00e6re betryggende for Trump \u00e5 v\u00e5kne hver morgen og gli rett inn i Gianni-buksene. Han vet at lederen av verdens st\u00f8rste idrett &#8211; det h\u00e5rl\u00f8se hodet fra hoftelomma &#8211; vil heie p\u00e5 ham uansett.<\/p>\n<p>        St\u00e5le Solbakken kom smilende ut til reporterne etter VM-trekningen. Video: Edward Stenlund.<\/p>\n<p>Ogs\u00e5 akt\u00f8rene fra Norges Fotballforbund er kritiske til det som skjedde i Kennedy Center i Washington. N\u00e5r Dagbladet sp\u00f8r landslagstrener St\u00e5le Solbakken om han var blant dem som klappet for det skjedde p\u00e5 scenen, svarer han:<\/p>\n<p>&#8211; Jeg var nok blant dem som tok det roligst i salen gjennom det hele.<\/p>\n<p>Fotballpresident Lise Klaveness sier:<\/p>\n<p>&#8211; Vi er kritiske til at en fredspris deles ut av FIFA. Det har ikke v\u00e6rt styrebehandlet, og det er ingen objektive kriterier. Den mangler legitimitet.<\/p>\n<p>        <img loading=\"lazy\" decoding=\"async\" src=\"https:\/\/www.europesays.com\/no\/wp-content\/uploads\/2025\/12\/1765264094_147_83956982.webp\" width=\"686\" height=\"529\" title=\"VAR TIL STEDE: Fotballpresident Lise Klaveness og generalsekret\u00e6r Karl-Petter L\u00f8ken er begge kritiske til det som skjedde under VM-trekningen. Foto: Tore Ulrik Bratland\" alt=\"\" class=\"\" style=\"--aspect-ratio-image: 1.30; \"\/><\/p>\n<p>\n        VAR TIL STEDE: Fotballpresident Lise Klaveness og generalsekret\u00e6r Karl-Petter L\u00f8ken er begge kritiske til det som skjedde under VM-trekningen. Foto: Tore Ulrik Bratland\n    <\/p>\n<p>Flere akt\u00f8rer sier til Dagbladet at dette var et \u00absolol\u00f8p fra Infantino\u00bb. Showet varte i halvannen time f\u00f8r selve VM-trekningen kom i gang.<\/p>\n<p>&#8211; Dette burde handlet om fotball, som det tross alt dreier seg om. Jeg fikk litt reaksjoner fra folk hjemmefra. De synes at det ble langtekkelig, forteller generalsekret\u00e6r Karl-Petter L\u00f8ken.<\/p>\n<p>&#8211; BBC hadde en god overskrift. De lurte p\u00e5 om trekningen ville bli ferdig til f\u00f8rste VM-kamp. Men &#8211; for all del: Vi gleder oss over \u00e5 v\u00e6re med, sier L\u00f8ken til Dagbladet.<\/p>\n<p>        <img loading=\"lazy\" decoding=\"async\" src=\"https:\/\/www.europesays.com\/no\/wp-content\/uploads\/2025\/12\/1765264095_720_83956984.webp\" width=\"686\" height=\"453\" title=\"TRYKKOKER: Et elektrisk Signal Iduna Park i Dortmund venter Bod\u00f8\/Glimt onsdag. Foto: NTB\" alt=\"\" class=\"\" style=\"--aspect-ratio-image: 1.51; \"\/><\/p>\n<p>\n        TRYKKOKER: Et elektrisk Signal Iduna Park i Dortmund venter Bod\u00f8\/Glimt onsdag. Foto: NTB\n    <\/p>\n<p>Ogs\u00e5 tyskerne har v\u00e6rt kritiske i omtalen av FIFA-presidenten. Skulle han vise seg p\u00e5 kampen mellom Borussia Dortmund og Bod\u00f8\/Glimt onsdag, blir reaksjonene neppe positive.<\/p>\n<p>&#8211; Fredsprisen til Donald Trump omdefinerer FIFAs prioriteringer. Under Gianni Infantino handler det om makt og penger. Enhver ydmykelse er akseptabel, skriver S\u00fcddeutche Zeitung.<\/p>\n<p>Infantino har ikke kommentert kritikken etter trekningen.<\/p>\n","protected":false},"excerpt":{"rendered":"Ny kritikk av FIFA-president Gianni Infantino: &#8211; Han ser ut til \u00e5 tro at han er en slags&hellip;\n","protected":false},"author":2,"featured_media":108113,"comment_status":"","ping_status":"","sticky":false,"template":"","format":"standard","meta":{"footnotes":""},"categories":[59],"tags":[92,4145,30,28,29,83,82],"class_list":{"0":"post-108112","1":"post","2":"type-post","3":"status-publish","4":"format-standard","5":"has-post-thumbnail","7":"category-sport","8":"tag-fotball","9":"tag-herrelandslaget","10":"tag-no","11":"tag-norge","12":"tag-norway","13":"tag-sport","14":"tag-sports"},"share_on_mastodon":{"url":"https:\/\/pubeurope.com\/@no\/115688354922188230","error":""},"_links":{"self":[{"href":"https:\/\/www.europesays.com\/no\/wp-json\/wp\/v2\/posts\/108112","targetHints":{"allow":["GET"]}}],"collection":[{"href":"https:\/\/www.europesays.com\/no\/wp-json\/wp\/v2\/posts"}],"about":[{"href":"https:\/\/www.europesays.com\/no\/wp-json\/wp\/v2\/types\/post"}],"author":[{"embeddable":true,"href":"https:\/\/www.europesays.com\/no\/wp-json\/wp\/v2\/users\/2"}],"replies":[{"embeddable":true,"href":"https:\/\/www.europesays.com\/no\/wp-json\/wp\/v2\/comments?post=108112"}],"version-history":[{"count":0,"href":"https:\/\/www.europesays.com\/no\/wp-json\/wp\/v2\/posts\/108112\/revisions"}],"wp:featuredmedia":[{"embeddable":true,"href":"https:\/\/www.europesays.com\/no\/wp-json\/wp\/v2\/media\/108113"}],"wp:attachment":[{"href":"https:\/\/www.europesays.com\/no\/wp-json\/wp\/v2\/media?parent=108112"}],"wp:term":[{"taxonomy":"category","embeddable":true,"href":"https:\/\/www.europesays.com\/no\/wp-json\/wp\/v2\/categories?post=108112"},{"taxonomy":"post_tag","embeddable":true,"href":"https:\/\/www.europesays.com\/no\/wp-json\/wp\/v2\/tags?post=108112"}],"curies":[{"name":"wp","href":"https:\/\/api.w.org\/{rel}","templated":true}]}}