{"id":108114,"date":"2025-12-09T07:15:16","date_gmt":"2025-12-09T07:15:16","guid":{"rendered":"https:\/\/www.europesays.com\/no\/108114\/"},"modified":"2025-12-09T07:15:16","modified_gmt":"2025-12-09T07:15:16","slug":"naeringsliv-shmil-na-blir-det-dyrere-a-fa-tomt-sopla-ingen-liker-at-prisene-gar-opp-isandnessjoen","status":"publish","type":"post","link":"https:\/\/www.europesays.com\/no\/108114\/","title":{"rendered":"N\u00e6ringsliv, SHMIL | N\u00e5 blir det dyrere \u00e5 f\u00e5 t\u00f8mt s\u00f8pla: \u2013 Ingen liker at prisene g\u00e5r opp &#8211; iSandnessj\u00f8en"},"content":{"rendered":"<ol>\n<li><a href=\"https:\/\/news.google.com\/rss\/articles\/CBMirgFBVV95cUxQVTRmWjBMTFctb2NTOXF4RmlVWU91dm44MWl4SDUtLVJ2cldTekJGbS1YTTRuSllkU21RUXNCYnlieGxxcURBRzJ6R29iaEo3VFRCUzhvWkhqS3A2T1RfRTA0NzFmSVpCWFZXQnpQQXUxMFhZa2FoT00xZTZMbnB6aE1Sa3FSVGVySDg4OENrMXJXTmRxUlhuaWRLQ2FzNVJlaWVaMTNTakc5Sy1ia2c?oc=5\" target=\"_blank\" rel=\"nofollow noopener\">N\u00e6ringsliv, SHMIL | N\u00e5 blir det dyrere \u00e5 f\u00e5 t\u00f8mt s\u00f8pla: \u2013 Ingen liker at prisene g\u00e5r opp<\/a>&nbsp;&nbsp;iSandnessj\u00f8en<\/li>\n<li><a href=\"https:\/\/news.google.com\/rss\/articles\/CBMihwFBVV95cUxOZWJQSkxTTVlfb21TZ2hETXF6blU5b0otZHVQMTFuZVJjVGZielRZLUZVb01SU1VueGNFY3V6WUl4R1VCdDRQbUw4b0RWX0tCZXFpVlNkaHY5OWVuM0laUnZndXMyUGRIMUsyakp1aDNoTThwM2ZVeFdNQng2WjZvUW1zTGczeFk?oc=5\" target=\"_blank\" rel=\"nofollow noopener\">SHMIL vil \u00f8ke gebyrene kraftig neste \u00e5r<\/a>&nbsp;&nbsp;banett.no<\/li>\n<li><a href=\"https:\/\/news.google.com\/rss\/articles\/CBMihgFBVV95cUxQS3p3ZHZ6dU5UT0w3SldqSldnbm5WZnQzVHBIc0R5ZFdBbnFKNFZ2a2VhZEd4RGhkQ003VkV4M1VwcW9tc3pGeW1jRTY4eEVpbllYYTlydW1kZlh0LS1jb0JsU0p4MEw2MnJZc3h6YUxwVGNvOGc1aDlDVGh1QVU1RU5xWGxYZw?oc=5\" target=\"_blank\" rel=\"nofollow noopener\">Renovasjonsgebyr, BIR | Blir dyrere \u00e5 bo(sse) i Bergen: \u2013 Selvsagt ikke bra<\/a>&nbsp;&nbsp;Bergensavisen<\/li>\n<li><a href=\"https:\/\/news.google.com\/rss\/articles\/CBMipAFBVV95cUxPOGRHU2kyMVhydGl1a092SHduV25TQk1MOWlnUVozazBXbHVsMDVmeExETGZuM0VxU0U1dHJlU3plN3ZVSHlSVVZFdEFBN0syY0o3MU00ZzJTc1NBNjcwZWhEcjlocVJBQ2NwY3dfeGY1Y3JpbzhQUTFSbFhMVFVHT3BJcHp1bGp6dlc2VXlGM3ppVEZTUGtDUWlEN2J1Nmp1MDV3cw?oc=5\" target=\"_blank\" rel=\"nofollow noopener\">Auke i renovasjonsgebyr &#8211; hytteeigarar f\u00e5r den st\u00f8rste smellen<\/a>&nbsp;&nbsp;fjuken.no<\/li>\n<li><a href=\"https:\/\/news.google.com\/rss\/articles\/CBMiwAFBVV95cUxNM3k1alU5aFNSVmRCYU9zSk4xdjhGVFNYTmtVUU1MNl9XU2xNbzZLT0dJVWwyQ2lnMnhBM1o5YUhRS2dkODhhazhXSUdYNEZzSWdOSHMwNVJmTGZMeUhXWlg5LWRIQ3lJLVM3OHJTZlplV0JYY3V6RkZUYkdFQ1h2bFlGQllUWVZWXzdtNmlMazlCdk9pN3JjcGtrUUliQjFJU3phWnNBYUJIbXVmY3lGdDBnenV0X3lxLTRFVEdWeHk?oc=5\" target=\"_blank\" rel=\"nofollow noopener\">Voss herad, BIR Voss Hardanger | Selskapet vil auka kraftig gebyret for innbyggjarane \u2013 politikarane er splitta<\/a>&nbsp;&nbsp;Hordaland<\/li>\n<\/ol>\n","protected":false},"excerpt":{"rendered":"N\u00e6ringsliv, SHMIL | N\u00e5 blir det dyrere \u00e5 f\u00e5 t\u00f8mt s\u00f8pla: \u2013 Ingen liker at prisene g\u00e5r opp&nbsp;&nbsp;iSandnessj\u00f8en&hellip;\n","protected":false},"author":2,"featured_media":108115,"comment_status":"","ping_status":"","sticky":false,"template":"","format":"standard","meta":{"footnotes":""},"categories":[5],"tags":[20,21,24,25,15,19,22,23,17,18,13,30,28,29,14,16,26,27],"class_list":{"0":"post-108114","1":"post","2":"type-post","3":"status-publish","4":"format-standard","5":"has-post-thumbnail","7":"category-overskrifter","8":"tag-breaking-news","9":"tag-breakingnews","10":"tag-featured-news","11":"tag-featurednews","12":"tag-headlines","13":"tag-hovedoppslag","14":"tag-latest-news","15":"tag-latestnews","16":"tag-main-news","17":"tag-mainnews","18":"tag-news","19":"tag-no","20":"tag-norge","21":"tag-norway","22":"tag-nyheter","23":"tag-overskrifter","24":"tag-top-stories","25":"tag-topstories"},"share_on_mastodon":{"url":"https:\/\/pubeurope.com\/@no\/115688382383155948","error":""},"_links":{"self":[{"href":"https:\/\/www.europesays.com\/no\/wp-json\/wp\/v2\/posts\/108114","targetHints":{"allow":["GET"]}}],"collection":[{"href":"https:\/\/www.europesays.com\/no\/wp-json\/wp\/v2\/posts"}],"about":[{"href":"https:\/\/www.europesays.com\/no\/wp-json\/wp\/v2\/types\/post"}],"author":[{"embeddable":true,"href":"https:\/\/www.europesays.com\/no\/wp-json\/wp\/v2\/users\/2"}],"replies":[{"embeddable":true,"href":"https:\/\/www.europesays.com\/no\/wp-json\/wp\/v2\/comments?post=108114"}],"version-history":[{"count":0,"href":"https:\/\/www.europesays.com\/no\/wp-json\/wp\/v2\/posts\/108114\/revisions"}],"wp:featuredmedia":[{"embeddable":true,"href":"https:\/\/www.europesays.com\/no\/wp-json\/wp\/v2\/media\/108115"}],"wp:attachment":[{"href":"https:\/\/www.europesays.com\/no\/wp-json\/wp\/v2\/media?parent=108114"}],"wp:term":[{"taxonomy":"category","embeddable":true,"href":"https:\/\/www.europesays.com\/no\/wp-json\/wp\/v2\/categories?post=108114"},{"taxonomy":"post_tag","embeddable":true,"href":"https:\/\/www.europesays.com\/no\/wp-json\/wp\/v2\/tags?post=108114"}],"curies":[{"name":"wp","href":"https:\/\/api.w.org\/{rel}","templated":true}]}}