{"id":108116,"date":"2025-12-09T07:16:15","date_gmt":"2025-12-09T07:16:15","guid":{"rendered":"https:\/\/www.europesays.com\/no\/108116\/"},"modified":"2025-12-09T07:16:15","modified_gmt":"2025-12-09T07:16:15","slug":"johan-olav-botn-takker-kjaeresten-karoline-simpson-larsen-etter-en-fantastisk-start-pa-sesongen","status":"publish","type":"post","link":"https:\/\/www.europesays.com\/no\/108116\/","title":{"rendered":"Johan-Olav Botn takker kj\u00e6resten Karoline Simpson-Larsen etter en fantastisk start p\u00e5 sesongen"},"content":{"rendered":"<p data-lab-font_weight=\"\">\u2013 Det er ganske enkel logikk som viser at etter vi ble sammen, begynte jeg \u00e5 ta steg, sier Botn om kj\u00e6resten Karoline Simpson-Larsen.\u00a0<\/p>\n<p data-lab-font_weight=\"\">Paret er i toppen i hver sin idrett: skiskyting og langrenn.\u00a0<\/p>\n<p data-lab-font_weight=\"\">Det blir mye tid borte fra hverandre:<\/p>\n<p data-lab-font_weight=\"\">\u2013 Det er ikke kult \u00e5 ha ti dager sammen fra august til jula, innr\u00f8mmer Simpson-Larsen.\u00a0<\/p>\n<p>        <img class=\"image__img lazyload\" itemprop=\"image\" title=\"Foto: Privat\" alt=\"P\u00c5 TOPPEN: Botn og Simpson-Larsen m\u00f8ttes p\u00e5 en motbakkeintervall. \u2013 Vi diskuterer enn\u00e5 hvem som var best p\u00e5 den intervallen, sier sistnevnte. Foto: Privat\" width=\"675\" height=\"635\" bad-src=\"https:\/\/www.europesays.com\/no\/wp-content\/uploads\/2025\/12\/18361853.webp\" fetchpriority=\"auto\" \/><\/p>\n<p>      P\u00c5 TOPPEN: Botn og Simpson-Larsen m\u00f8ttes p\u00e5 en motbakkeintervall. \u2013 Vi diskuterer enn\u00e5 hvem som var best p\u00e5 den intervallen, sier sistnevnte.<br \/>\n         Foto: Privat<\/p>\n<p data-lab-font_weight=\"\">Hun er i skrivende stund \u00e5ttende beste langrennsl\u00f8per i verden. Han er verdens beste skiskytter.<\/p>\n<p data-lab-font_weight=\"\" class=\"italic m-italic\" data-lab-italic=\"italic\">\u2013 Er dere Norges nye superpar?<\/p>\n<p data-lab-font_weight=\"\">\u2013 Jeg vet ikke om noen av oss har lyst \u00e5 ha den statusen, sier Simpson-Larsen og ler.<\/p>\n<p data-lab-font_weight=\"\" class=\"italic m-italic\" data-lab-italic=\"italic\">\u2013 Norges sprekeste par m\u00e5 dere jo v\u00e6re!?<\/p>\n<p data-lab-font_weight=\"\" class=\"no_italic m-no_italic\" data-lab-italic=\"\">\u2013 Det b\u00f8r ligge til rette for gode avkom!<\/p>\n<p data-lab-font_weight=\"\" class=\"no_italic m-no_italic\" data-lab-italic=\"\">Samboeren, som nettopp har sikret en ny pallplass i \u00d6stersund, er enig:<\/p>\n<p data-lab-font_weight=\"\" class=\"no_italic m-no_italic\" data-lab-italic=\"\">\u2013 Et O2-opptak som kan bli fryktelig bra, sier Botn.<\/p>\n<p data-lab-font_weight=\"\">De fant hverandre for fem \u00e5r siden. Flere har\u00a0\u00abventet\u00bb p\u00e5 at Botn skal dominere p\u00e5 det aller h\u00f8yeste niv\u00e5et.<\/p>\n<p data-lab-font_weight=\"\">Men f\u00f8rst i \u00e5r har Botn klatret helt til topps.<\/p>\n<p data-lab-font_weight=\"\">\u2013 Det har v\u00e6rt mye greier p\u00e5 upassende tidspunkt, bekrefter kj\u00e6resten.\u00a0<\/p>\n<p data-lab-font_weight=\"\">Sykdom har \u00f8delagt mye etter at Botn ble nummer tre p\u00e5 verdenscupsprinten i Soldier Hollow i 2024.<\/p>\n<p data-lab-font_weight=\"\">\u2013 Han er ikke den som snakker h\u00f8yest. Jeg tror han har hatt det kjipere enn hva jeg har hatt inntrykk av.\u00a0<\/p>\n<p class=\"bold m-bold\" data-lab-font_weight=\"bold\">18. oktober, Italia.<\/p>\n<p>Johan-Olav Botn har nettopp vunnet et testl\u00f8p mot resten av rekruttgutta i Lavaz\u00e8.<\/p>\n<p>\u2013 Er det noen der ute som har noen tusenlapper p\u00e5 bok, s\u00e5 er det ledig plass p\u00e5 b\u00f8rsa mi, sa han da.\u00a0<\/p>\n<p>        <img class=\"image__img lazyload\" itemprop=\"image\" title=\"Foto: Rudi Jakobsen \/ TV 2\" alt=\"ITALIA: Johan-Olav Botn har v\u00e6rt mye i h\u00f8yden i jakten p\u00e5 suksess. Foto: Rudi Jakobsen \/ TV 2\" width=\"675\" height=\"466\" bad-src=\"https:\/\/www.europesays.com\/no\/wp-content\/uploads\/2025\/12\/18361730.webp\" fetchpriority=\"auto\" \/><\/p>\n<p>      ITALIA: Johan-Olav Botn har v\u00e6rt mye i h\u00f8yden i jakten p\u00e5 suksess.<br \/>\n         Foto: Rudi Jakobsen \/ TV 2<\/p>\n<p>M\u00e5tte punge ut<\/p>\n<p>Botn var tydelig p\u00e5 at livet bak de beste ikke er lukrativt.<\/p>\n<p>De siste \u00e5rene har han, i tillegg til h\u00f8ydeopphold med laget, betalt for to samlinger av egen lomme.\u00a0\u00a0<\/p>\n<p>Da Botn ble syk p\u00e5 et h\u00f8ydeopphold i jula i fjor, m\u00e5tte han selv bla opp for et nytt bosted for \u00e5 unng\u00e5 \u00e5 smitte samboeren.<\/p>\n<p>\u2013 Det var 30.000 man kastet ut av vinduet. Det var jo litt moro, kommenterte han syrlig.<\/p>\n<p>\u2013 Det er ikke s\u00e5nn at jeg g\u00e5r rundt med millioner i banken. Jeg bruker alt jeg har p\u00e5 skiskyting. Og da blir s\u00e5nne utgifter ekstra sure. Det er t\u00f8ft, men jeg liker \u00e5 tro at jeg kan f\u00e5 det ganske bra om noen \u00e5r.\u00a0<\/p>\n<p>To m\u00e5neder senere er alt snudd p\u00e5 hodet.\u00a0<\/p>\n<p>To av tre mulige seire. Leder av verdenscupen.\u00a0<\/p>\n<p>26-\u00e5ringen fra Nordfjordeid har stilt seg fremst i k\u00f8a for \u00e5 overta tronen etter Johannes Thingnes B\u00f8.\u00a0<\/p>\n<p>\u2013 Jeg f\u00f8ler ikke jeg ofrer s\u00e5 mye. Jeg elsker denne livsstilen, s\u00e6rlig n\u00e5 n\u00e5r jeg f\u00e5r inn nok penger til \u00e5 overleve. Da f\u00f8ler jeg ikke jeg at jeg ofrer noe som helst, sier han til TV 2 n\u00e5.<\/p>\n<p>        <img class=\"image__img lazyload\" itemprop=\"image\" title=\"Foto: Mathias Bergeld \/ BILDBYR\u00c5N\" alt=\"GULT ER KULT: Bare sp\u00f8r Johan-Olav Botn. Foto: Mathias Bergeld \/ BILDBYR\u00c5N\" width=\"675\" height=\"527\" bad-src=\"https:\/\/www.europesays.com\/no\/wp-content\/uploads\/2025\/12\/1765264573_465_18361595.webp\" fetchpriority=\"auto\" \/><\/p>\n<p>      GULT ER KULT: Bare sp\u00f8r Johan-Olav Botn.<br \/>\n         Foto: Mathias Bergeld \/ BILDBYR\u00c5N<\/p>\n<p>\u00d8konomisk byks<\/p>\n<p>If\u00f8lge skattelistene tjente Botn 269.351 kroner i fjor.<\/p>\n<p>En seier i verdenscupen gir 20.000 euro. To triumfer betyr at han allerede f\u00f8r s\u00f8ndagens renn hadde passert fjor\u00e5rets inntjening.\u00a0<\/p>\n<p>Legger du til premiepengene etter jaktstarten, er det totale bel\u00f8pet opp i 53.000 euro. Over 627.000 norske kroner.<\/p>\n<p>        <img class=\"image__img lazyload\" itemprop=\"image\" title=\"Foto: Mathias Bergeld \/ BILDBYR\u00c5N\" alt=\"I FORM: Johan-Olav Botn kan br\u00f8le hele veien til banken. Foto: Mathias Bergeld \/ BILDBYR\u00c5N\" width=\"675\" height=\"540\" bad-src=\"https:\/\/www.europesays.com\/no\/wp-content\/uploads\/2025\/12\/18349188.webp\" fetchpriority=\"auto\" \/><\/p>\n<p>      I FORM: Johan-Olav Botn kan br\u00f8le hele veien til banken.<br \/>\n         Foto: Mathias Bergeld \/ BILDBYR\u00c5N<\/p>\n<p>Og da er ikke inntekten fra tredjeplassen p\u00e5 miksstafetten eller bel\u00f8nningen for \u00e5 g\u00e5 med den gule ledertr\u00f8ya medregnet.<\/p>\n<p>\u2013 Det er morsomt \u00e5 komme seg over minstel\u00f8nn en gang i livet. Vi f\u00e5r se hva det blir til slutt. Det er mye penger. Det blir en ny \u00f8konomisk situasjon for min del, innr\u00f8mmer Botn.<\/p>\n<p class=\"italic m-italic\" data-lab-italic=\"italic\">\u2013 Er plassen p\u00e5 b\u00f8rsa di tatt?<\/p>\n<p>\u2013 Nei, jeg har alt ledig. Det er bare \u00e5 ringe!\u00a0<\/p>\n","protected":false},"excerpt":{"rendered":"\u2013 Det er ganske enkel logikk som viser at etter vi ble sammen, begynte jeg \u00e5 ta steg,&hellip;\n","protected":false},"author":2,"featured_media":108117,"comment_status":"","ping_status":"","sticky":false,"template":"","format":"standard","meta":{"footnotes":""},"categories":[59],"tags":[30,28,29,83,82],"class_list":{"0":"post-108116","1":"post","2":"type-post","3":"status-publish","4":"format-standard","5":"has-post-thumbnail","7":"category-sport","8":"tag-no","9":"tag-norge","10":"tag-norway","11":"tag-sport","12":"tag-sports"},"share_on_mastodon":{"url":"https:\/\/pubeurope.com\/@no\/115688386256243503","error":""},"_links":{"self":[{"href":"https:\/\/www.europesays.com\/no\/wp-json\/wp\/v2\/posts\/108116","targetHints":{"allow":["GET"]}}],"collection":[{"href":"https:\/\/www.europesays.com\/no\/wp-json\/wp\/v2\/posts"}],"about":[{"href":"https:\/\/www.europesays.com\/no\/wp-json\/wp\/v2\/types\/post"}],"author":[{"embeddable":true,"href":"https:\/\/www.europesays.com\/no\/wp-json\/wp\/v2\/users\/2"}],"replies":[{"embeddable":true,"href":"https:\/\/www.europesays.com\/no\/wp-json\/wp\/v2\/comments?post=108116"}],"version-history":[{"count":0,"href":"https:\/\/www.europesays.com\/no\/wp-json\/wp\/v2\/posts\/108116\/revisions"}],"wp:featuredmedia":[{"embeddable":true,"href":"https:\/\/www.europesays.com\/no\/wp-json\/wp\/v2\/media\/108117"}],"wp:attachment":[{"href":"https:\/\/www.europesays.com\/no\/wp-json\/wp\/v2\/media?parent=108116"}],"wp:term":[{"taxonomy":"category","embeddable":true,"href":"https:\/\/www.europesays.com\/no\/wp-json\/wp\/v2\/categories?post=108116"},{"taxonomy":"post_tag","embeddable":true,"href":"https:\/\/www.europesays.com\/no\/wp-json\/wp\/v2\/tags?post=108116"}],"curies":[{"name":"wp","href":"https:\/\/api.w.org\/{rel}","templated":true}]}}