{"id":108126,"date":"2025-12-09T07:30:10","date_gmt":"2025-12-09T07:30:10","guid":{"rendered":"https:\/\/www.europesays.com\/no\/108126\/"},"modified":"2025-12-09T07:30:10","modified_gmt":"2025-12-09T07:30:10","slug":"fotball-vm-2026-kongefamilien-kronprins-haakon-apner-for-vm-tur-til-usa","status":"publish","type":"post","link":"https:\/\/www.europesays.com\/no\/108126\/","title":{"rendered":"Fotball-VM 2026, Kongefamilien | Kronprins Haakon \u00e5pner for VM-tur til USA"},"content":{"rendered":"\n<p>Det forteller kronprins Haakon til NTB. Han sier at det enn\u00e5 ikke er bestemt om representanter fra kongehuset skal reise til USA for \u00e5 f\u00f8lge de norske fotballherrene til sommeren.<\/p>\n<p>\u2013 Det hadde v\u00e6rt veldig g\u00f8y. Den avgj\u00f8relsen har vi ikke tatt helt enn\u00e5, men det hadde v\u00e6rt veldig morsomt, ja, sier kronprinsen og legger til:<\/p>\n<p>\u2013 Det er g\u00f8y \u00e5 f\u00f8lge dem n\u00e5, alts\u00e5. Og fram mot VM og i VM, det kommer til \u00e5 bli veldig g\u00f8y.<\/p>\n<p><b>Les ogs\u00e5: <a rel=\"Follow nofollow noopener\" href=\"https:\/\/www.nettavisen.no\/sport\/vrede-fra-tribunen-mot-jorgen-strand-larsen-har-ingen-hoy-stjerne\/s\/5-95-2769994\" target=\"_blank\">Vrede mot Strand Larsen<\/a><\/b><\/p>\n<p>    Vil du se neste video?<\/p>\n<p>    <a href=\"https:\/\/www.nettavisen.no\/nyheter\/ukrainske-spesialstyrker-skal-ha-tatt-ut-russiske-mal-pa-krim-halvoya\/v\/5-95-2764466\" class=\"recommend-poster\" data-adp-clicklabel=\"video-recommend\" data-adp-clickvalue=\"poster\" rel=\"nofollow noopener\" target=\"_blank\"><br \/>\n      <img decoding=\"async\" width=\"200\" height=\"200\" loading=\"lazy\" src=\"https:\/\/www.europesays.com\/no\/wp-content\/uploads\/2025\/12\/KAMPFLY+BREDDE.jpg\" alt=\"\" class=\"brick-c-cFOWSL\" style=\"--brick-image-ratio: 200 \/ 200;\"\/><\/p>\n<p>Tar ut russisk kampfly p\u00e5 Krim0:24<\/p>\n<p>    <\/a><\/p>\n<p>Stolt prinsesse<\/p>\n<p>Kronprins Haakon deltok mandag p\u00e5 Havforskningsinstituttets brislingtokt sammen med datteren Ingrid Alexandra. Ogs\u00e5 prinsessen synes det er stas at Erling Braut Haaland og co. har spilt seg til VM.<\/p>\n<p>\u2013 Ja. Vi er stolte, sier hun.<\/p>\n<p><b>Les ogs\u00e5: <a href=\"https:\/\/www.nettavisen.no\/sport\/kraftige-reaksjoner-etter-united-scoring-rot-tull-og-toys\/s\/5-95-2769943\" rel=\"Follow nofollow noopener\" target=\"_blank\">Sjokkert etter United-kamp: \u2013 Skrekkelig<\/a><\/b><\/p>\n<p>   <img decoding=\"async\" width=\"5709\" height=\"3807\" fetchpriority=\"low\"  loading=\"lazy\"  src=\"https:\/\/www.europesays.com\/no\/wp-content\/uploads\/2025\/12\/haakon+ingrid_1.jpg\" alt=\"Horten 20251208. &#10;Kronprins Haakon og prinsesse Ingrid Alexandra deltar p\u00e5 et brislingtokt i Oslofjorden, sammen med forskere fra Havforskningsinstituttet, om bord p\u00e5 kystforskningsfart\u00f8yet \u201cPrinsesse Ingrid Alexandra\u201d.&#10;Foto: Heiko Junge \/ NTB \/ POOL\" class=\"brick-c-cFOWSL\" style=\"--brick-image-ratio: 5709 \/ 3807;\"\/><\/p>\n<p>      FORN\u00d8YDE: Kronprins Haakon og prinsesse Ingrid Alexandra gleder seg over landslagets suksess.<br \/>\n      Foto: Heiko Junge (NTB)\n    <\/p>\n<p>  Kamper i USA<\/p>\n<p>Norge starter gruppespillet i VM 16. juni og skal spille sine kamper der i Foxborough (Boston) og East Rutherford (New York\/New Jersey) p\u00e5 den amerikanske \u00f8stkysten.<\/p>\n<p>Frankrike og Senegal er klare som norske motstandere. Det siste laget blir enten Bolivia, Irak eller Surinam. Det avgj\u00f8res i mars.<\/p>\n<p><b>Les ogs\u00e5: <a href=\"https:\/\/www.nettavisen.no\/norsk-debatt\/ernst-a-lersveen-salah-bortskjemt-guttunge\/o\/5-95-2769785\" rel=\"Follow nofollow noopener\" target=\"_blank\">Ernst A. Lersveen: Salah, bortskjemt guttunge<\/a><\/b><\/p>\n<p>(\u00a9NTB)<\/p>\n","protected":false},"excerpt":{"rendered":"Det forteller kronprins Haakon til NTB. Han sier at det enn\u00e5 ikke er bestemt om representanter fra kongehuset&hellip;\n","protected":false},"author":2,"featured_media":108127,"comment_status":"","ping_status":"","sticky":false,"template":"","format":"standard","meta":{"footnotes":""},"categories":[59],"tags":[30,28,29,83,82],"class_list":{"0":"post-108126","1":"post","2":"type-post","3":"status-publish","4":"format-standard","5":"has-post-thumbnail","7":"category-sport","8":"tag-no","9":"tag-norge","10":"tag-norway","11":"tag-sport","12":"tag-sports"},"share_on_mastodon":{"url":"https:\/\/pubeurope.com\/@no\/115688441403854206","error":""},"_links":{"self":[{"href":"https:\/\/www.europesays.com\/no\/wp-json\/wp\/v2\/posts\/108126","targetHints":{"allow":["GET"]}}],"collection":[{"href":"https:\/\/www.europesays.com\/no\/wp-json\/wp\/v2\/posts"}],"about":[{"href":"https:\/\/www.europesays.com\/no\/wp-json\/wp\/v2\/types\/post"}],"author":[{"embeddable":true,"href":"https:\/\/www.europesays.com\/no\/wp-json\/wp\/v2\/users\/2"}],"replies":[{"embeddable":true,"href":"https:\/\/www.europesays.com\/no\/wp-json\/wp\/v2\/comments?post=108126"}],"version-history":[{"count":0,"href":"https:\/\/www.europesays.com\/no\/wp-json\/wp\/v2\/posts\/108126\/revisions"}],"wp:featuredmedia":[{"embeddable":true,"href":"https:\/\/www.europesays.com\/no\/wp-json\/wp\/v2\/media\/108127"}],"wp:attachment":[{"href":"https:\/\/www.europesays.com\/no\/wp-json\/wp\/v2\/media?parent=108126"}],"wp:term":[{"taxonomy":"category","embeddable":true,"href":"https:\/\/www.europesays.com\/no\/wp-json\/wp\/v2\/categories?post=108126"},{"taxonomy":"post_tag","embeddable":true,"href":"https:\/\/www.europesays.com\/no\/wp-json\/wp\/v2\/tags?post=108126"}],"curies":[{"name":"wp","href":"https:\/\/api.w.org\/{rel}","templated":true}]}}