{"id":108134,"date":"2025-12-09T07:37:14","date_gmt":"2025-12-09T07:37:14","guid":{"rendered":"https:\/\/www.europesays.com\/no\/108134\/"},"modified":"2025-12-09T07:37:14","modified_gmt":"2025-12-09T07:37:14","slug":"julesnakk-med-vita-og-wanda-mashadi","status":"publish","type":"post","link":"https:\/\/www.europesays.com\/no\/108134\/","title":{"rendered":"\u00abJulesnakk\u00bb med Vita og Wanda Mashadi:"},"content":{"rendered":"<p>De juleglade influensertvillingene Vita og Wanda Mashadi (33) har v\u00e6rt \u00e5 se i \u00e5rets \u00abRampenissen\u00bb p\u00e5 TV 2 Play, og legger bak seg nok et \u00e5r med nye realitydeltakelser.\u00a0<\/p>\n<p>I v\u00e5res ble det klart at Vita <a href=\"https:\/\/www.tv2.no\/underholdning\/man-blir-vant-til-a-lyve\/17779115\/\" target=\"_blank\" rel=\"nofollow noopener\">vant sesong to<\/a>\u00a0av \u00abKokkeskolen\u00bb, etter \u00e5 ha st\u00e5tt i finalen mot komiker Robert Stoltenberg (60).<\/p>\n<p>\u2013 Endelig har jeg f\u00e5tt til noe, for jeg har alltid tullet med at jeg ikke har noen talenter, og at jeg ikke kan noe. N\u00e5 har jeg f\u00e5tt til noe helt alene uten Wanda og klarte noe selv, sa hun til TV 2 den gang.<\/p>\n<p>I september var det Wanda som skulle f\u00e5 bryne seg p\u00e5 den samme utfordringen. Hun ble blant de fire finalistene, men det var til slutt komiker Terje Sporsem (49) som stakk av med seieren i den tredje sesongen.<\/p>\n<p>Tvillingene er allerede klare for \u00e5rets julesesong, og var tidlig ute med julepynten.<\/p>\n<p>        <img class=\"image__img lazyload\" itemprop=\"image\" title=\"Foto: Ingvill Sunnby \/ TV 2\" alt=\"JULESNAKK: Tvillingene svarer p\u00e5 en rekke julesp\u00f8rsm\u00e5l fra TV 2. Foto: Ingvill Sunnby \/ TV 2\" width=\"978\" height=\"551\" bad-src=\"https:\/\/www.europesays.com\/no\/wp-content\/uploads\/2025\/12\/18354502.webp\" fetchpriority=\"auto\" \/><\/p>\n<p>      JULESNAKK: Tvillingene svarer p\u00e5 en rekke julesp\u00f8rsm\u00e5l fra TV 2.<br \/>\n         Foto: Ingvill Sunnby \/ TV 2<\/p>\n<p class=\"italic m-italic\" data-lab-italic=\"italic\">\u2013 Hva skal dere gj\u00f8re i julen?<\/p>\n<p>\u2013 Vi skal feire jul hjemme i leiligheten, sammen med pappa, sier Vita.<\/p>\n<p>\u2013 Vi pyntet til jul for noen uker siden, s\u00e5 vi er klare tidlig, legger Wanda til.<\/p>\n<p class=\"italic m-italic\" data-lab-italic=\"italic\">\u2013 Hva klarer dere dere ikke uten, om dere skal ha en riktig god jul?\u00a0<\/p>\n<p>\u2013 Julebrus, svarer de raskt i kor.<\/p>\n<p>\u2013 Vi begynte s\u00e5 tidlig som i slutten av september eller starten av oktober. Det er som \u00e5 banne i kirken, men det driter jeg i, sier Vita f\u00f8r Wanda skyter inn:<\/p>\n<p>\u2013 Vi liker julen, og julesesongen er s\u00e5 kort. S\u00e5 man m\u00e5 ta vare p\u00e5 den s\u00e5 lenge man kan.<\/p>\n<p class=\"italic m-italic\" data-lab-italic=\"italic\">\u2013 Savner dere noen kj\u00e6re i jula?<\/p>\n<p class=\"no_italic m-no_italic\" data-lab-italic=\"\">\u2013 Vi m\u00e5 bytte p\u00e5 mellom mor og far, s\u00e5 i \u00e5r kommer vi til \u00e5 savne mamma, sier Wanda.<\/p>\n<p>        <img class=\"image__img lazyload\" itemprop=\"image\" title=\"Foto: Erik Monrad-Hansen \/ TV 2\" alt=\"ELLE-GALLAEN: I fjor dukket influenserne opp p\u00e5 ELLE-gallaen i matchende antrekk. Foto: Erik Monrad-Hansen \/ TV 2\" width=\"978\" height=\"551\" bad-src=\"https:\/\/www.europesays.com\/no\/wp-content\/uploads\/2025\/12\/18354519.webp\" fetchpriority=\"auto\" \/><\/p>\n<p>      ELLE-GALLAEN: I fjor dukket influenserne opp p\u00e5 ELLE-gallaen i matchende antrekk.<br \/>\n         Foto: Erik Monrad-Hansen \/ TV 2<\/p>\n<p>\u2013\u00a0 Vi er en veldig liten familie, s\u00e5 man kjenner av og til p\u00e5 det presset n\u00e5r folk legger ut b\u00e5de julefrokost en, to og tre, ogs\u00e5 sitter vi der p\u00e5 juleaften og egentlig er litt ferdig med jula, sier Vita.<\/p>\n<p class=\"italic m-italic\" data-lab-italic=\"italic\">\u2013 Hvem kunne dere ikke tenke dere \u00e5 feire uten?<\/p>\n<p>\u2013 Hverandre, svarer Wanda raskt.<\/p>\n<p>\u2013 Ja, hverandre, sier Vita.\u00a0<\/p>\n<p class=\"italic m-italic\" data-lab-italic=\"italic\">\u2013 Hva er den rareste\/mest spesielle\/mest dramatiske julen dere har hatt?<\/p>\n<p>\u2013 Vi har egentlig ganske vanlig og \u00abkjedelig\u00bb julefeiring, sier Wanda f\u00f8r Vita legger til:<\/p>\n<p>\u2013 Det er veldig deilig for oss, men jeg tror mange ville tenkt at det var en kjedelig jul.<\/p>\n<p class=\"italic m-italic\" data-lab-italic=\"italic\">\u2013 Hva er den verste julegaven dere har f\u00e5tt?<\/p>\n<p>\u2013 Det glemmer jeg aldri. Pappa hadde en forferdelig ekskj\u00e6reste, som var som en stemor man ser p\u00e5 film. Hun ga meg og Wanda hver v\u00e5r serviett-ring, og vi fikk \u00e9n hver. S\u00e5 det var ikke snakk om \u00e5 f\u00e5 ett sett som vi kunne bruke, og vi bodde ogs\u00e5 fortsatt hjemme hos mamma. S\u00e5 det fikk vi, mens pappa hadde kj\u00f8pt Playstation til s\u00f8nnene hennes, forteller Vita.<\/p>\n<p class=\"italic m-italic\" data-lab-italic=\"italic\">\u2013 Hva tenker dere om det \u00f8konomiske presset mange kjenner p\u00e5 i forbindelse med julegaver?<\/p>\n<p>\u2013 Vi kj\u00f8per ikke julegaver, og dette blir vel det syvende \u00e5ret vi ikke gj\u00f8r det. Ikke til venner heller, det er tullete. Man kan heller legge inn det man har, og ha en hyggelig middag sammen eller gj\u00f8re ett eller annet sosialt, sier Wanda.<\/p>\n<p>        <img class=\"image__img lazyload\" itemprop=\"image\" title=\"Foto: Goran Jorganovich  \/ TV 2\" alt=\"JULEGAVEPRESS: Tvillingene er imot julegavepresset, og synes heller man b\u00f8r legge energien et annet sted i julen. Foto: Goran Jorganovich  \/ TV 2\" width=\"978\" height=\"551\" bad-src=\"https:\/\/www.europesays.com\/no\/wp-content\/uploads\/2025\/12\/18354580.webp\" fetchpriority=\"auto\" \/><\/p>\n<p>      JULEGAVEPRESS: Tvillingene er imot julegavepresset, og synes heller man b\u00f8r legge energien et annet sted i julen.<br \/>\n         Foto: Goran Jorganovich  \/ TV 2<\/p>\n<p>\u2013 Jeg synes ikke at julen skal handle om gaver. De som har muligheten, og lyst, kan gjerne f\u00e5 kj\u00f8pe gaver hvis de vil, men vi er helt imot det gavepresset. De fleste kan kj\u00f8pe det de har lyst p\u00e5, s\u00e5 jeg vil heller at julen skal handle om kj\u00e6rlighet og omsorg, legger Vita til.<\/p>\n<p class=\"italic m-italic\" data-lab-italic=\"italic\">\u2013 Hva har v\u00e6rt det beste med dette \u00e5ret?<\/p>\n<p>\u2013 Det m\u00e5 v\u00e6re da jeg vant \u00abKokkeskolen\u00bb. Det var jo i fjor, men det kom p\u00e5 TV i \u00e5r, sier Vita.<\/p>\n<p>        <img class=\"image__img lazyload\" itemprop=\"image\" title=\"Foto: Jan Helge Rambj\u00f8r \/ TV 2\" alt=\"VANT: Vita Mashadi vant sesong 2 av \u00abKokkeskolen\u00bb, som ble vist p\u00e5 TV-skjermen tidligere i \u00e5r. Foto: Jan Helge Rambj\u00f8r \/ TV 2\" width=\"978\" height=\"551\" bad-src=\"https:\/\/www.europesays.com\/no\/wp-content\/uploads\/2025\/12\/18354504.webp\" fetchpriority=\"auto\" \/><\/p>\n<p>      VANT: Vita Mashadi vant sesong 2 av \u00abKokkeskolen\u00bb, som ble vist p\u00e5 TV-skjermen tidligere i \u00e5r.<br \/>\n         Foto: Jan Helge Rambj\u00f8r \/ TV 2<\/p>\n<p>\u2013 Jeg synes \u00abKokkeskolen\u00bb jeg ogs\u00e5, selv om jeg ikke fikk seier, svarer Wanda.<\/p>\n<p>\u2013 Hva er dere klare for \u00e5 legge bak dere etter i \u00e5r? <\/p>\n<p>\u2013 Alle dager frem til n\u00e5, vil jeg si, svarer Wanda.<\/p>\n<p>\u2013 Jeg skal legge hele 2025 bak meg. Jeg synes dette har v\u00e6rt et skikkelig dritt\u00e5r. Det har v\u00e6rt mye greier, og partalls\u00e5r er ikke mine \u00e5r, har jeg funnet ut n\u00e5. S\u00e5 2026 blir et dritbra \u00e5r, avslutter Vita.<\/p>\n<p>\u00c5rets 2025 kickstartet med en offentlig storm mot s\u00f8strene, etter at de i januar\u00a0brukte en ekstern lyskilde til \u00e5 ta bilder p\u00e5 restauranten Grotto i Oslo.\u00a0<\/p>\n<p>Debatten rundt 33-\u00e5ringene og den aktuelle restauranten\u00a0<a href=\"https:\/\/www.tv2.no\/underholdning\/kjendiskokk-reagerer-fremstar-som-tullebukker\/17355226\/\" rel=\"nofollow noopener\" target=\"_blank\">ble omtalt ved flere anledninger<\/a>\u00a0i noen av landets st\u00f8rste aviser.\u00a0<\/p>\n<p>S\u00f8strene har siden <a href=\"https:\/\/www.tv2.no\/underholdning\/ble-sykemeldt-i-flere-maneder-heftig\/17873166\/\" rel=\"nofollow noopener\" target=\"_blank\">snakket ut<\/a>\u00a0om \u00e5 ha blitt ropt etter p\u00e5 \u00e5pen gate, mottatt trusler og mistet b\u00e5de jobb og tusenvis av f\u00f8lgere.<\/p>\n<p>\u2013 Det var en heftig periode, vi ble sykemeldt i flere m\u00e5neder, sier en av tvillings\u00f8strene i en podkast-episode av\u00a0<a href=\"https:\/\/podimo.com\/no\/shows\/730-no?pc=no_730_creator_trial&amp;utm_source=Creator_Affiliate&amp;utm_campaign=no_730_creator_trial&amp;wpsrc=Creator_Affiliate&amp;wpcn=no_730_creator_trial\" rel=\"nofollow noopener\" target=\"_blank\">\u00ab730.no\u00bb<\/a>.<\/p>\n<p>I juni r\u00f8pet ogs\u00e5 Vita <a href=\"https:\/\/www.tv2.no\/nyheter\/roper-brudd\/17818009\/\" rel=\"nofollow noopener\" target=\"_blank\">brudd<\/a> med kj\u00e6resten.<\/p>\n","protected":false},"excerpt":{"rendered":"De juleglade influensertvillingene Vita og Wanda Mashadi (33) har v\u00e6rt \u00e5 se i \u00e5rets \u00abRampenissen\u00bb p\u00e5 TV 2&hellip;\n","protected":false},"author":2,"featured_media":108135,"comment_status":"","ping_status":"","sticky":false,"template":"","format":"standard","meta":{"footnotes":""},"categories":[59],"tags":[30,28,29,83,82],"class_list":{"0":"post-108134","1":"post","2":"type-post","3":"status-publish","4":"format-standard","5":"has-post-thumbnail","7":"category-sport","8":"tag-no","9":"tag-norge","10":"tag-norway","11":"tag-sport","12":"tag-sports"},"share_on_mastodon":{"url":"https:\/\/pubeurope.com\/@no\/115688468846874035","error":""},"_links":{"self":[{"href":"https:\/\/www.europesays.com\/no\/wp-json\/wp\/v2\/posts\/108134","targetHints":{"allow":["GET"]}}],"collection":[{"href":"https:\/\/www.europesays.com\/no\/wp-json\/wp\/v2\/posts"}],"about":[{"href":"https:\/\/www.europesays.com\/no\/wp-json\/wp\/v2\/types\/post"}],"author":[{"embeddable":true,"href":"https:\/\/www.europesays.com\/no\/wp-json\/wp\/v2\/users\/2"}],"replies":[{"embeddable":true,"href":"https:\/\/www.europesays.com\/no\/wp-json\/wp\/v2\/comments?post=108134"}],"version-history":[{"count":0,"href":"https:\/\/www.europesays.com\/no\/wp-json\/wp\/v2\/posts\/108134\/revisions"}],"wp:featuredmedia":[{"embeddable":true,"href":"https:\/\/www.europesays.com\/no\/wp-json\/wp\/v2\/media\/108135"}],"wp:attachment":[{"href":"https:\/\/www.europesays.com\/no\/wp-json\/wp\/v2\/media?parent=108134"}],"wp:term":[{"taxonomy":"category","embeddable":true,"href":"https:\/\/www.europesays.com\/no\/wp-json\/wp\/v2\/categories?post=108134"},{"taxonomy":"post_tag","embeddable":true,"href":"https:\/\/www.europesays.com\/no\/wp-json\/wp\/v2\/tags?post=108134"}],"curies":[{"name":"wp","href":"https:\/\/api.w.org\/{rel}","templated":true}]}}