{"id":108156,"date":"2025-12-09T08:00:17","date_gmt":"2025-12-09T08:00:17","guid":{"rendered":"https:\/\/www.europesays.com\/no\/108156\/"},"modified":"2025-12-09T08:00:17","modified_gmt":"2025-12-09T08:00:17","slug":"jimmy-kimmel-donald-trump-jimmy-kimmel-far-forlenget-kontrakt-tross-charlie-kirk-kontroversen","status":"publish","type":"post","link":"https:\/\/www.europesays.com\/no\/108156\/","title":{"rendered":"Jimmy Kimmel, Donald Trump | Jimmy Kimmel f\u00e5r forlenget kontrakt tross Charlie Kirk-kontroversen"},"content":{"rendered":"\n<p>TV-selskapet ABC, som eies av Disney, ble enige med Kimmel om kontraktsforlengelsen for flere m\u00e5neder siden, men utsatte \u00e5 kunngj\u00f8re det av hensyn til kollegaen Stephen Colbert, som fikk sparken fra CBS tidligere i \u00e5r, if\u00f8lge <a href=\"https:\/\/www.bloomberg.com\/news\/articles\/2025-12-08\/jimmy-kimmel-extends-deal-with-disney-s-abc-for-at-least-a-year\" rel=\"Follow nofollow noopener\" target=\"_blank\">Bloomberg<\/a>.<\/p>\n<p>I september ble Jimmy Kimmel tatt av skjermen etter at han uttalte seg om drapet p\u00e5 Charlie Kirk og hvordan det ble framstilt av deler av den amerikanske h\u00f8yresiden. Han gjorde ogs\u00e5 narr av president Donald Trumps reaksjon i etterkant av drapet.<\/p>\n<p>Den avgj\u00f8relsen ble hyllet av Trump, men ble m\u00f8tt med massiv kritikk stort sett ellers.<\/p>\n<p><b>Les ogs\u00e5: <a rel=\"Follow nofollow noopener\" href=\"https:\/\/www.nettavisen.no\/nyheter\/rekordtall-for-jimmy-kimmel-langet-ut-mot-trump\/s\/5-95-2636866\" target=\"_blank\">Rekordtall for Jimmy Kimmel \u2013 langet ut mot Trump<\/a><\/b><\/p>\n<p>    Vil du se neste video?<\/p>\n<p>    <a href=\"https:\/\/www.nettavisen.no\/nyheter\/ukrainske-spesialstyrker-skal-ha-tatt-ut-russiske-mal-pa-krim-halvoya\/v\/5-95-2764466\" class=\"recommend-poster\" data-adp-clicklabel=\"video-recommend\" data-adp-clickvalue=\"poster\" rel=\"nofollow noopener\" target=\"_blank\"><br \/>\n      <img decoding=\"async\" width=\"200\" height=\"200\" loading=\"lazy\" src=\"https:\/\/www.europesays.com\/no\/wp-content\/uploads\/2025\/12\/KAMPFLY+BREDDE.jpg\" alt=\"\" class=\"brick-c-cFOWSL\" style=\"--brick-image-ratio: 200 \/ 200;\"\/><\/p>\n<p>Tar ut russisk kampfly p\u00e5 Krim0:24<\/p>\n<p>    <\/a><\/p>\n<p>Kimmel var imidlertid ikke borte fra skjermen s\u00e6rlig lenge, for bare noen dager senere gjorde han comeback, der han kom med sine f\u00f8rste bemerkninger siden kontroversene.<\/p>\n<p>Da forklarte han at han aldri mente \u00e5 bagatellisere drapet p\u00e5 Charlie Kirk.<\/p>\n<p>\u2013 Jeg har ingen illusjoner om at jeg kommer til \u00e5 endre noens oppfatning, men jeg vil gj\u00f8re \u00e9n ting klart fordi det er viktig for meg som menneske. Og det er at det aldri var min intensjon \u00e5 bagatellisere drapet p\u00e5 en ung mann, sa en emosjonell Kimmel.<\/p>\n<p>\u2013 Jeg synes ikke det er noe morsomt ved det, fortsatte han og ga uttrykk for at han mente han var blitt misforst\u00e5tt.<\/p>\n<p>If\u00f8lge Bloomberg kunngjorde Kimmel forlengelsen for sine ansatte p\u00e5 mandag. Kimmels nye kontrakt gjelder fram til mai 2027.<\/p>\n<p>Talkshowet \u00abJimmy Kimmel Live!\u00bb har g\u00e5tt p\u00e5 ABC siden 2003.<\/p>\n<p>    Vil du se neste video?<\/p>\n<p>    <a href=\"https:\/\/www.nettavisen.no\/nyheter\/ukrainske-spesialstyrker-skal-ha-tatt-ut-russiske-mal-pa-krim-halvoya\/v\/5-95-2764466\" class=\"recommend-poster\" data-adp-clicklabel=\"video-recommend\" data-adp-clickvalue=\"poster\" rel=\"nofollow noopener\" target=\"_blank\"><br \/>\n      <img decoding=\"async\" width=\"200\" height=\"200\" loading=\"lazy\" src=\"https:\/\/www.europesays.com\/no\/wp-content\/uploads\/2025\/12\/KAMPFLY+BREDDE.jpg\" alt=\"\" class=\"brick-c-cFOWSL\" style=\"--brick-image-ratio: 200 \/ 200;\"\/><\/p>\n<p>Tar ut russisk kampfly p\u00e5 Krim0:24<\/p>\n<p>    <\/a><\/p>\n","protected":false},"excerpt":{"rendered":"TV-selskapet ABC, som eies av Disney, ble enige med Kimmel om kontraktsforlengelsen for flere m\u00e5neder siden, men utsatte&hellip;\n","protected":false},"author":2,"featured_media":108157,"comment_status":"","ping_status":"","sticky":false,"template":"","format":"standard","meta":{"footnotes":""},"categories":[12],"tags":[20,21,24,25,15,22,23,13,30,28,29,14,16,26,27,42,43,44,45],"class_list":{"0":"post-108156","1":"post","2":"type-post","3":"status-publish","4":"format-standard","5":"has-post-thumbnail","7":"category-verden","8":"tag-breaking-news","9":"tag-breakingnews","10":"tag-featured-news","11":"tag-featurednews","12":"tag-headlines","13":"tag-latest-news","14":"tag-latestnews","15":"tag-news","16":"tag-no","17":"tag-norge","18":"tag-norway","19":"tag-nyheter","20":"tag-overskrifter","21":"tag-top-stories","22":"tag-topstories","23":"tag-verden","24":"tag-world","25":"tag-world-news","26":"tag-worldnews"},"share_on_mastodon":{"url":"https:\/\/pubeurope.com\/@no\/115688559765730919","error":""},"_links":{"self":[{"href":"https:\/\/www.europesays.com\/no\/wp-json\/wp\/v2\/posts\/108156","targetHints":{"allow":["GET"]}}],"collection":[{"href":"https:\/\/www.europesays.com\/no\/wp-json\/wp\/v2\/posts"}],"about":[{"href":"https:\/\/www.europesays.com\/no\/wp-json\/wp\/v2\/types\/post"}],"author":[{"embeddable":true,"href":"https:\/\/www.europesays.com\/no\/wp-json\/wp\/v2\/users\/2"}],"replies":[{"embeddable":true,"href":"https:\/\/www.europesays.com\/no\/wp-json\/wp\/v2\/comments?post=108156"}],"version-history":[{"count":0,"href":"https:\/\/www.europesays.com\/no\/wp-json\/wp\/v2\/posts\/108156\/revisions"}],"wp:featuredmedia":[{"embeddable":true,"href":"https:\/\/www.europesays.com\/no\/wp-json\/wp\/v2\/media\/108157"}],"wp:attachment":[{"href":"https:\/\/www.europesays.com\/no\/wp-json\/wp\/v2\/media?parent=108156"}],"wp:term":[{"taxonomy":"category","embeddable":true,"href":"https:\/\/www.europesays.com\/no\/wp-json\/wp\/v2\/categories?post=108156"},{"taxonomy":"post_tag","embeddable":true,"href":"https:\/\/www.europesays.com\/no\/wp-json\/wp\/v2\/tags?post=108156"}],"curies":[{"name":"wp","href":"https:\/\/api.w.org\/{rel}","templated":true}]}}