{"id":108158,"date":"2025-12-09T08:01:15","date_gmt":"2025-12-09T08:01:15","guid":{"rendered":"https:\/\/www.europesays.com\/no\/108158\/"},"modified":"2025-12-09T08:01:15","modified_gmt":"2025-12-09T08:01:15","slug":"siktede-ivaretas-fortsatt-av-helse","status":"publish","type":"post","link":"https:\/\/www.europesays.com\/no\/108158\/","title":{"rendered":"Siktede ivaretas fortsatt av helse"},"content":{"rendered":"\n<p class=\"_lead_o9xde_2 _lead_xtcu6_50 layout-component text-serif-m layout-normal text-serif-l layout-component layout-wide layout-padded _wide_17hqh_1 layout-padded\">Det er ikke avklart om det er forsvarlig \u00e5 gjennomf\u00f8re avh\u00f8r, sier 19-\u00e5ringens forsvarer.<\/p>\n<p><img alt=\"Det l\u00e5 igjen en hagle, en sekk, kniv og balltre etter hendelsen.  Foto: G\u00f8ran Bohlin \/ VG\" class=\"_image_qp4xg_65 layout-component layout-wide\" data-fullscreen- data-track-element-type=\"Article image fullscreen\" data-track-name=\"ImageFullscreen\" fetchpriority=\"high\" decoding=\"sync\" loading=\"eager\" height=\"5504\" itemprop=\"image\"  src=\"https:\/\/www.europesays.com\/no\/wp-content\/uploads\/2025\/12\/d8268c40-e4c7-43e9-a199-e08379c2203b\"  style=\"object-position:0% 0%\" width=\"8256\"\/>Det l\u00e5 igjen en hagle, en sekk, kniv og balltre etter hendelsen.  Foto: G\u00f8ran Bohlin \/ VG<\/p>\n<ul aria-hidden=\"true\" class=\"_images_ntbth_112\">\n<li><a class=\"_link_ntbth_117\" href=\"https:\/\/www.vg.no\/forfatter\/bendik-hansen\" style=\"z-index:2\" title=\"Bendik Hansen\" rel=\"nofollow noopener\" target=\"_blank\"><img alt=\"Bilde av Bendik Hansen\" class=\"_image_ntbth_93\" fetchpriority=\"low\" loading=\"lazy\" decoding=\"async\" itemprop=\"image\"  src=\"https:\/\/www.europesays.com\/no\/wp-content\/uploads\/2025\/12\/1765267270_565_236bc5a3-2236-4046-b957-81f29d024aa6\"  width=\"480\"\/><\/a><\/li>\n<li><a class=\"_link_ntbth_117\" href=\"https:\/\/www.vg.no\/forfatter\/vilde-elgaaen\" style=\"z-index:1\" title=\"Vilde Elgaaen\" rel=\"nofollow noopener\" target=\"_blank\"><img alt=\"Bilde av Vilde Elgaaen\" class=\"_image_ntbth_93\" fetchpriority=\"low\" loading=\"lazy\" decoding=\"async\" itemprop=\"image\"  src=\"https:\/\/www.europesays.com\/no\/wp-content\/uploads\/2025\/12\/1765267270_183_d7abc11e-e453-4b15-b473-933209ff5fea\"  width=\"480\"\/><\/a><\/li>\n<\/ul>\n<p> Oppdatert tirsdag 9. desember kl. 08:53     <\/p>\n<p class=\"_paragraph_o9xde_4 _paragraph_xtcu6_10 layout-component text-serif-m layout-normal text-serif-m layout-padded\">Det opplyser forsvarer Kai Vaag til VG, tirsdag morgen. <\/p>\n<p class=\"_paragraph_o9xde_4 _paragraph_xtcu6_10 layout-component text-serif-m layout-normal text-serif-m layout-padded\"><strong class=\"_strong_o9xde_25\">\u2013 Jeg har snakket med ham, og det er ikke s\u00e5 mye jeg kan si. Han ivaretas av helse og s\u00e5 vurderes helsetilstanden hans fortl\u00f8pende, sier den 19 \u00e5r gamle mannens forsvarer. <\/strong><\/p>\n<p class=\"_paragraph_o9xde_4 _paragraph_xtcu6_10 layout-component text-serif-m layout-normal text-serif-m layout-padded\">Han sier at det fremdeles ikke er avklart om det er forsvarlig \u00e5 gjennomf\u00f8re avh\u00f8r av klienten hans.<\/p>\n<p class=\"_paragraph_o9xde_4 _paragraph_xtcu6_10 layout-component text-serif-m layout-normal text-serif-m layout-padded\">\u2013 Men han er positiv til det, sier Vaag.<\/p>\n<p class=\"_paragraph_o9xde_4 _paragraph_xtcu6_10 layout-component text-serif-m layout-normal text-serif-m layout-padded\">19-\u00e5ringen ble p\u00e5grepet av politiet og overf\u00f8rt til helsevesenet etter at det mandag ble l\u00f8snet et haglskudd som traff taket p\u00e5 Storo Storsenter. Ingen ble skadet. <\/p>\n<p><img alt=\"Mange politipatruljer rykket ut til kj\u00f8pesenteret etter meldinger om at det var l\u00f8snet skudd.  Foto: Stian Lysberg Solum \/ NTB\" class=\"_image_qp4xg_65 layout-component layout-normal\" data-fullscreen- data-track-element-type=\"Article image fullscreen\" data-track-name=\"ImageFullscreen\" decoding=\"async\" loading=\"lazy\" height=\"5277\" itemprop=\"image\"  src=\"https:\/\/www.europesays.com\/no\/wp-content\/uploads\/2025\/12\/15abbca6-8b11-4f81-82fa-660bcf51ce3e\"  style=\"object-position:0% 0%\" width=\"7915\"\/>Mange politipatruljer rykket ut til kj\u00f8pesenteret etter meldinger om at det var l\u00f8snet skudd.  Foto: Stian Lysberg Solum \/ NTBHar avh\u00f8rt vitner<\/p>\n<p class=\"_paragraph_o9xde_4 _paragraph_xtcu6_10 layout-component text-serif-m layout-normal text-serif-m layout-padded\">Politiadvokat Trine Elisabeth Selnes bekrefter overfor VG at det ikke har blitt gjennomf\u00f8rt noe avh\u00f8r av den siktede 19-\u00e5ringen. <\/p>\n<p class=\"_paragraph_o9xde_4 _paragraph_xtcu6_10 layout-component text-serif-m layout-normal text-serif-m layout-padded\">Hvorvidt han blir fremstilt for varetekts\u00adfengsling har de ikke tatt stilling til.<\/p>\n<p class=\"_paragraph_o9xde_4 _paragraph_xtcu6_10 layout-component text-serif-m layout-normal text-serif-m layout-padded\">\u2013 Forel\u00f8pig er han ivaretatt av helsevesenet og er der under vakthold, s\u00e5 vi ser ikke grunnlag for fengsling i dag. N\u00e5r det kommer mer informasjon, s\u00e5 vil vi gj\u00f8re en ny vurdering, sier hun tirsdag morgen. <\/p>\n<p class=\"_paragraph_o9xde_4 _paragraph_xtcu6_10 layout-component text-serif-m layout-normal text-serif-m layout-padded\">Selnes forteller at de har snakket med mange som var vitne til episoden p\u00e5 storsenteret.<\/p>\n<p class=\"_paragraph_o9xde_4 _paragraph_xtcu6_10 layout-component text-serif-m layout-normal text-serif-m layout-padded\">\u2013 Det skal gjennomf\u00f8res flere etterforskningsskritt. Vi har innhentet video, og hentet inn vitneavh\u00f8r av dem som var i n\u00e6rheten da det skjedde.<\/p>\n<p>Hagle, kniv og balltre<\/p>\n<p class=\"_paragraph_o9xde_4 _paragraph_xtcu6_10 layout-component text-serif-m layout-normal text-serif-m layout-padded\">Pressesjef i oslopolitiet, Unni T. Gr\u00f8ndal, sa mandag til VG at den 19 \u00e5r gamle mannen er siktet for grove trusler med skytev\u00e5pen.<\/p>\n<p class=\"_paragraph_o9xde_4 _paragraph_xtcu6_10 layout-component text-serif-m layout-normal text-serif-m layout-padded\">Det var rett f\u00f8r klokken 11 mandag at politiet f\u00f8rst meldte om at skudd var avfyrt p\u00e5 Storo storsenter nord i <a href=\"https:\/\/www.vg.no\/tag\/oslo?utm_source=vg-article&amp;utm_medium=auto-tagger&amp;utm_campaign=Pd3nw7\" class=\"_link_o9xde_39\" rel=\"nofollow noopener\" target=\"_blank\">Oslo<\/a>.<\/p>\n<p class=\"_paragraph_o9xde_4 _paragraph_xtcu6_10 layout-component text-serif-m layout-normal layout-padded\"><strong class=\"_strong_o9xde_25\">Les ogs\u00e5:<\/strong> <a href=\"https:\/\/www.vg.no\/i\/43dbwa\" data-track-element-type=\"Link\" data-track-id=\"link:43dbwa\" class=\"_link_o9xde_39\" rel=\"nofollow noopener\" target=\"_blank\">Skudd p\u00e5 kj\u00f8pe\u00adsenter \u2013 politiet avh\u00f8rer sentrale vitner i kveld<\/a><\/p>\n<p class=\"_paragraph_o9xde_4 _paragraph_xtcu6_10 layout-component text-serif-m layout-normal text-serif-m layout-padded\">Politiets innsatsleder p\u00e5 stedet Tomm Berger opplyste kort tid senere at det var den siktede 19-\u00e5ringen som selv ringte til politiet og fortalte at han hadde med seg v\u00e5pen.<\/p>\n<p class=\"_paragraph_o9xde_4 _paragraph_xtcu6_10 layout-component text-serif-m layout-normal text-serif-m layout-padded\">V\u00e5pnene var en hagle, en kniv og et balltre, som ble funnet p\u00e5 stedet. <\/p>\n<ul class=\"_gallery_1qa3s_23\" tabindex=\"0\">\n<li class=\"_item_1qa3s_37\" data-index=\"0\"><img decoding=\"async\" class=\"_image_foru8_23 _articleGallery_foru8_39\" data-fullscreen- width=\"8256\" height=\"5504\" itemprop=\"image\" loading=\"lazy\"  src=\"https:\/\/www.europesays.com\/no\/wp-content\/uploads\/2025\/12\/101c6b1c-ab52-49ae-98a1-a7f4175c24fc\"  style=\"object-position:50% 50%;aspect-ratio:var(--gallery-aspect-ratio, 16 \/ 9)\"\/>Foto: G\u00f8ran Bohlin \/ VG<\/li>\n<li class=\"_item_1qa3s_37\" data-index=\"1\"><img decoding=\"async\" class=\"_image_foru8_23 _articleGallery_foru8_39\" data-fullscreen- width=\"8256\" height=\"5504\" itemprop=\"image\" loading=\"lazy\"  src=\"https:\/\/www.europesays.com\/no\/wp-content\/uploads\/2025\/12\/105bb816-60e4-4c10-9a17-c451b04f959d\"  style=\"object-position:50% 50%;aspect-ratio:var(--gallery-aspect-ratio, 16 \/ 9)\"\/>Foto: G\u00f8ran Bohlin \/ VG<\/li>\n<li class=\"_item_1qa3s_37\" data-index=\"2\"><img decoding=\"async\" class=\"_image_foru8_23 _articleGallery_foru8_39\" data-fullscreen- width=\"8256\" height=\"5504\" itemprop=\"image\" loading=\"lazy\"  src=\"https:\/\/www.europesays.com\/no\/wp-content\/uploads\/2025\/12\/ffc57632-aca9-4063-9ba7-0baf6fc754fa\"  style=\"object-position:50% 50%;aspect-ratio:var(--gallery-aspect-ratio, 16 \/ 9)\"\/>Foto: G\u00f8ran Bohlin \/ VG<\/li>\n<li class=\"_item_1qa3s_37\" data-index=\"3\"><img decoding=\"async\" class=\"_image_foru8_23 _articleGallery_foru8_39\" data-fullscreen- width=\"8256\" height=\"5504\" itemprop=\"image\" loading=\"lazy\"  src=\"https:\/\/www.europesays.com\/no\/wp-content\/uploads\/2025\/12\/1f01301e-8d6c-4afb-97e9-c8bcff87033a\"  style=\"object-position:50% 50%;aspect-ratio:var(--gallery-aspect-ratio, 16 \/ 9)\"\/>Foto: G\u00f8ran Bohlin \/ VG<\/li>\n<\/ul>\n<p class=\"_paragraph_o9xde_4 _paragraph_xtcu6_10 layout-component text-serif-m layout-normal text-serif-m layout-padded\">Samtalen til politiet ble brutt, og kort tid senere ble det avfyrt et skudd som traff taket i andre etasje p\u00e5 Storo storsenter.<\/p>\n<p class=\"_paragraph_o9xde_4 _paragraph_xtcu6_10 layout-component text-serif-m layout-normal text-serif-m layout-padded\">Ingen ble skadet, og det var heller ingenting som tydet p\u00e5 at det har v\u00e6rt fors\u00f8kt \u00e5 skade noen, if\u00f8lge politiet.<\/p>\n<p class=\"_paragraph_o9xde_4 _paragraph_xtcu6_10 layout-component text-serif-m layout-normal text-serif-m layout-padded\">Den siktede 19-\u00e5ringen er ikke godt kjent fra politiet fra f\u00f8r, opplyser politiet. <\/p>\n<p class=\"_paragraph_o9xde_4 _paragraph_xtcu6_10 layout-component text-serif-m layout-normal text-serif-m layout-padded\">Mannen ble fraktet ut av senteret p\u00e5 b\u00e5re og kj\u00f8rt bort med ambulanse sammen med politiet. Han er fysisk uskadet, if\u00f8lge politiet.<\/p>\n<p class=\"_paragraph_o9xde_4 _paragraph_xtcu6_10 layout-component text-serif-m layout-normal text-serif-m layout-padded\">Mandag sa politiet at det enn\u00e5 var for tidlig \u00e5 si noe om bakgrunn og motiv, og om skuddet var m\u00e5lrettet eller et v\u00e5deskuddv\u00e5deskuddEt skudd som blir avfyrt ved et uhell, uten at det var meningen \u00e5 treffe noe eller noen.. <\/p>\n<p>    <img decoding=\"async\" alt=\"Tips oss illustrasjon\" src=\"https:\/\/www.europesays.com\/no\/wp-content\/uploads\/2025\/10\/pssst-small.webp.webp\"\/>    <\/p>\n<p class=\"title-serif-s\">Har du tips?<\/p>\n<p class=\"text-sans-m\">Send oss informasjon, bilder eller video.<\/p>\n<p>  <a href=\"https:\/\/www.vg.no\/tips-oss\" rel=\"nofollow noopener\" target=\"_blank\"> Tips oss <\/a>      <\/p>\n","protected":false},"excerpt":{"rendered":"Det er ikke avklart om det er forsvarlig \u00e5 gjennomf\u00f8re avh\u00f8r, sier 19-\u00e5ringens forsvarer. Det l\u00e5 igjen en&hellip;\n","protected":false},"author":2,"featured_media":108159,"comment_status":"","ping_status":"","sticky":false,"template":"","format":"standard","meta":{"footnotes":""},"categories":[10],"tags":[31,20,21,24,25,15,148,22,23,13,30,28,29,14,636,16,26,27],"class_list":{"0":"post-108158","1":"post","2":"type-post","3":"status-publish","4":"format-standard","5":"has-post-thumbnail","7":"category-norge","8":"tag-breaking","9":"tag-breaking-news","10":"tag-breakingnews","11":"tag-featured-news","12":"tag-featurednews","13":"tag-headlines","14":"tag-kriminalitet","15":"tag-latest-news","16":"tag-latestnews","17":"tag-news","18":"tag-no","19":"tag-norge","20":"tag-norway","21":"tag-nyheter","22":"tag-oslo","23":"tag-overskrifter","24":"tag-top-stories","25":"tag-topstories"},"share_on_mastodon":{"url":"https:\/\/pubeurope.com\/@no\/115688563575993488","error":""},"_links":{"self":[{"href":"https:\/\/www.europesays.com\/no\/wp-json\/wp\/v2\/posts\/108158","targetHints":{"allow":["GET"]}}],"collection":[{"href":"https:\/\/www.europesays.com\/no\/wp-json\/wp\/v2\/posts"}],"about":[{"href":"https:\/\/www.europesays.com\/no\/wp-json\/wp\/v2\/types\/post"}],"author":[{"embeddable":true,"href":"https:\/\/www.europesays.com\/no\/wp-json\/wp\/v2\/users\/2"}],"replies":[{"embeddable":true,"href":"https:\/\/www.europesays.com\/no\/wp-json\/wp\/v2\/comments?post=108158"}],"version-history":[{"count":0,"href":"https:\/\/www.europesays.com\/no\/wp-json\/wp\/v2\/posts\/108158\/revisions"}],"wp:featuredmedia":[{"embeddable":true,"href":"https:\/\/www.europesays.com\/no\/wp-json\/wp\/v2\/media\/108159"}],"wp:attachment":[{"href":"https:\/\/www.europesays.com\/no\/wp-json\/wp\/v2\/media?parent=108158"}],"wp:term":[{"taxonomy":"category","embeddable":true,"href":"https:\/\/www.europesays.com\/no\/wp-json\/wp\/v2\/categories?post=108158"},{"taxonomy":"post_tag","embeddable":true,"href":"https:\/\/www.europesays.com\/no\/wp-json\/wp\/v2\/tags?post=108158"}],"curies":[{"name":"wp","href":"https:\/\/api.w.org\/{rel}","templated":true}]}}