{"id":108160,"date":"2025-12-09T08:02:11","date_gmt":"2025-12-09T08:02:11","guid":{"rendered":"https:\/\/www.europesays.com\/no\/108160\/"},"modified":"2025-12-09T08:02:11","modified_gmt":"2025-12-09T08:02:11","slug":"risikerer-krav-pa-flere-hundre-tusen-kroner","status":"publish","type":"post","link":"https:\/\/www.europesays.com\/no\/108160\/","title":{"rendered":"Risikerer krav p\u00e5 flere hundre tusen kroner"},"content":{"rendered":"<p>    Medietilsynet fant samme brudd i samtlige Tour de France-sendinger de sjekket. Ikke gjort med overlegg, svarer TV 2.<\/p>\n<p>\n        TV 2 risikerer stort gebyr etter sommerens Tour de France-sendinger.<br \/>\n        Illustrasjonsfoto: NTB \/ TV 2\n    <\/p>\n<p>I juli i \u00e5r fulgte Medietilsynet ekstra n\u00f8ye med p\u00e5 TV 2s tradisjonsrike sendinger fra sykkelrittet Tour de France.<\/p>\n<p>Tilsynet sjekket om sponsoridentifiseringen i sendingene, alts\u00e5 plakater eller snutter med \u00abprogrammet presenteres av&#8230;\u00bb som vises ved start og slutt og p\u00e5 vei inn og ut av reklamepauser, fulgte kravene i <a href=\"https:\/\/lovdata.no\/forskrift\/1997-02-28-153\/\u00a73-10\" rel=\"nofollow noopener\" target=\"_blank\">kringkastingsforskriften<\/a>.<\/p>\n<p class=\"font-weight-bold m-font-weight-bold\" data-lab-font_weight=\"font-weight-bold\">Der st\u00e5r det ganske konkret at hver enkelt sponsor kan identifiseres i inntil 15 sekunder for hver hele time programmet varer, og at sponsoridentifisering totalt ikke kan stjele mer enn 60 sekunder sendetid per time, selv om programmet har mer enn fire sponsorer.<\/p>\n<p class=\"font-weight-normal m-font-weight-normal\" data-lab-font_weight=\"font-weight-normal\">Inntil nylig var regelen maks 40 sekunder totalt per sendetime, men taket ble hevet i mai i \u00e5r.<\/p>\n<p>Tilsynet sjekket sju Tour de France-sendinger, og fant regelbrudd i alle sju, skriver de i et varsel om sanksjon som TV 2 fikk oversendt i november.\u00a0<\/p>\n<p>Vurderes som alvorlige brudd<\/p>\n<p>Sykkelinteresserte TV 2-seere ble eksponert for blant annet Skoda-, Rema 1000- og McDonalds-plakater over lengre tid enn reglene tillater, er tilsynets forel\u00f8pige konklusjon.<\/p>\n<p class=\"font-weight-normal m-font-weight-normal\" data-lab-font_weight=\"font-weight-normal\">I hver eneste kontrollerte sending, som alle varer i flere timer, ble sponsorene<br \/>\nidentifisert mer enn 60 sekunder i l\u00f8pet av en time, og ved enkelte tilfeller opptil 90 sekunder, teller tilsynet, og skriver:<\/p>\n<p>        <a itemprop=\"url\" class=\"\" href=\"https:\/\/www.journalisten.no\/disse-mediene-skal-dekke-hoiby-rettssaken\/659154\" data-k5a-url=\"https:\/\/www.journalisten.no\/a\/659154\" rel=\"nofollow noopener\" target=\"_blank\"><\/p>\n<p>            Disse mediene skal dekke H\u00f8iby-rettssaken<\/p>\n<p>        <\/a><\/p>\n<p class=\"font-weight-bold m-font-weight-bold\" data-lab-font_weight=\"font-weight-bold\"> \u00abSeerne har dermed blitt eksponert for betydelig mer kommersielt innhold enn de skulle ha<br \/>\nblitt. Sendingene har h\u00f8ye seertall og bruddene vurderes samlet sett som alvorlige.\u00bb <\/p>\n<p class=\"font-weight-normal m-font-weight-normal\" data-lab-font_weight=\"font-weight-normal\">N\u00e5 vurderer tilsynet enten advarsel eller gebyr for overtredelsene, og de \u00f8konomiske konsekvensene for TV 2 kan bli av en viss st\u00f8rrelse hvis det ender med gebyr.<\/p>\n<p class=\"font-weight-normal m-font-weight-normal\" data-lab-font_weight=\"font-weight-normal\">Tilsynet skriver at de i s\u00e5 fall legger vekt p\u00e5 antall brudd, hvor store tidsoverskridelsene er, og ogs\u00e5 seertallene:<\/p>\n<p>\u00abGebyret skal settes noe h\u00f8yere enn den \u00f8konomiske vinningen ved overtredelsen, jf.<br \/>\nkringkastingslovens forarbeider. Medietilsynets forel\u00f8pige vurdering er at et eventuelt gebyr<br \/>\ni denne saken vil bli i st\u00f8rrelsesorden kr 300.000 \u2013 400.000,-\u00bb, st\u00e5r det i varselet, der TV 2 tilbys anledning til \u00e5 uttale seg.<\/p>\n<p>TV 2: Ingen \u00f8konomisk gevinst<\/p>\n<p>TV 2 erkjenner feil, uttaler organisasjon- og kommunikasjonsdirekt\u00f8r Lene Eltvik Vindfeld i en e-post til Journalisten.<\/p>\n<p>\u2013 TV 2 \u00f8nsker alltid \u00e5 f\u00f8lge gjeldende lover og regler, men i dette tilfellet har vi gjort flere feil slik Medietilsynet ogs\u00e5 p\u00e5peker, uttaler Vindfeld.<\/p>\n<p>Hun legger til:<\/p>\n<p>\u2013 Disse bruddene har ikke skjedd med overlegg og TV 2 har heller ikke hatt noe \u00f8konomisk gevinst p\u00e5 bakgrunn av dette. Vi mener derfor at en advarsel b\u00f8r v\u00e6re nok. Dette har vi ogs\u00e5 skrevet i v\u00e5rt svar til Medietilsynet som ble sendt innen fristen forrige uke. <\/p>\n<p>        <a itemprop=\"url\" class=\"\" href=\"https:\/\/www.journalisten.no\/ni-har-tatt-sluttpakke-i-nettavisen\/659285\" data-k5a-url=\"https:\/\/www.journalisten.no\/a\/659285\" rel=\"nofollow noopener\" target=\"_blank\"><\/p>\n<p>\nLES OGS\u00c5:\n<\/p>\n<p>            Ni har tatt sluttpakke i Nettavisen<\/p>\n<p>        <\/a><\/p>\n","protected":false},"excerpt":{"rendered":"Medietilsynet fant samme brudd i samtlige Tour de France-sendinger de sjekket. Ikke gjort med overlegg, svarer TV 2.&hellip;\n","protected":false},"author":2,"featured_media":108161,"comment_status":"","ping_status":"","sticky":false,"template":"","format":"standard","meta":{"footnotes":""},"categories":[5],"tags":[20,21,24,25,15,19,22,23,17,18,13,30,28,29,14,16,26,27],"class_list":{"0":"post-108160","1":"post","2":"type-post","3":"status-publish","4":"format-standard","5":"has-post-thumbnail","7":"category-overskrifter","8":"tag-breaking-news","9":"tag-breakingnews","10":"tag-featured-news","11":"tag-featurednews","12":"tag-headlines","13":"tag-hovedoppslag","14":"tag-latest-news","15":"tag-latestnews","16":"tag-main-news","17":"tag-mainnews","18":"tag-news","19":"tag-no","20":"tag-norge","21":"tag-norway","22":"tag-nyheter","23":"tag-overskrifter","24":"tag-top-stories","25":"tag-topstories"},"share_on_mastodon":{"url":"https:\/\/pubeurope.com\/@no\/115688567246749996","error":""},"_links":{"self":[{"href":"https:\/\/www.europesays.com\/no\/wp-json\/wp\/v2\/posts\/108160","targetHints":{"allow":["GET"]}}],"collection":[{"href":"https:\/\/www.europesays.com\/no\/wp-json\/wp\/v2\/posts"}],"about":[{"href":"https:\/\/www.europesays.com\/no\/wp-json\/wp\/v2\/types\/post"}],"author":[{"embeddable":true,"href":"https:\/\/www.europesays.com\/no\/wp-json\/wp\/v2\/users\/2"}],"replies":[{"embeddable":true,"href":"https:\/\/www.europesays.com\/no\/wp-json\/wp\/v2\/comments?post=108160"}],"version-history":[{"count":0,"href":"https:\/\/www.europesays.com\/no\/wp-json\/wp\/v2\/posts\/108160\/revisions"}],"wp:featuredmedia":[{"embeddable":true,"href":"https:\/\/www.europesays.com\/no\/wp-json\/wp\/v2\/media\/108161"}],"wp:attachment":[{"href":"https:\/\/www.europesays.com\/no\/wp-json\/wp\/v2\/media?parent=108160"}],"wp:term":[{"taxonomy":"category","embeddable":true,"href":"https:\/\/www.europesays.com\/no\/wp-json\/wp\/v2\/categories?post=108160"},{"taxonomy":"post_tag","embeddable":true,"href":"https:\/\/www.europesays.com\/no\/wp-json\/wp\/v2\/tags?post=108160"}],"curies":[{"name":"wp","href":"https:\/\/api.w.org\/{rel}","templated":true}]}}