{"id":108164,"date":"2025-12-09T08:04:17","date_gmt":"2025-12-09T08:04:17","guid":{"rendered":"https:\/\/www.europesays.com\/no\/108164\/"},"modified":"2025-12-09T08:04:17","modified_gmt":"2025-12-09T08:04:17","slug":"kylie-jenner-og-timothee-chalamet-avkrefter-bruddrykter-pa-rod-loper","status":"publish","type":"post","link":"https:\/\/www.europesays.com\/no\/108164\/","title":{"rendered":"Kylie Jenner og Timoth\u00e9e Chalamet avkrefter bruddrykter p\u00e5 r\u00f8d l\u00f8per"},"content":{"rendered":"<p class=\"kicker \" style=\"\">Timoth\u00e9e Chalamet og Kylie Jenner:<\/p>\n<p>  Stjerneparet dukket opp sammen i kj\u00f8lvannet av bruddryktene. Se alle bildene her!<\/p>\n<p>\n    SAMMEN: Et av \u00e5rets mest kjente par vekket oppsikt p\u00e5 den r\u00f8d l\u00f8peren etter rykteflommen. Foto: Monica Schipper \/ Getty Images \/ AFP \/ NTB\n  <\/p>\n<p>Den siste tiden har ryktene svirret rundt Kylie Jenner (28) og Timoth\u00e9e Chalamet (29), der flere har spekulert p\u00e5 om paret omsider har g\u00e5tt hver til sitt. Det slo blant andre\u00a0<a href=\"https:\/\/www.dailymail.co.uk\/tvshowbiz\/article-15265843\/Timothee-Chalamet-dumped-Kylie-Jenner-split.html?ns_mchannel=rss&amp;ns_campaign=1490&amp;ito=1490\" rel=\"nofollow noopener\" target=\"_blank\">Daily Mail<\/a> fast forrige m\u00e5ned.\u00a0\u00a0<\/p>\n<p>    <a itemprop=\"url\" href=\"https:\/\/www.seher.no\/kjendis\/jeg-var-en-drittsekk\/83953207\" rel=\"nofollow noopener\" target=\"_blank\"><\/p>\n<p>        <img loading=\"lazy\" decoding=\"async\" src=\"https:\/\/www.europesays.com\/no\/wp-content\/uploads\/2025\/12\/82698230.webp\" width=\"980\" height=\"441\" title=\"- Jeg var en drittsekk\" alt=\"\" class=\"lazyload\" style=\"--aspect-ratio-image: 2.22; \"\/><\/p>\n<p>        &#8211; Jeg var en drittsekk<\/p>\n<p>    <\/a><\/p>\n<p class=\"font-weight-bold m-font-weight-bold\" data-lab-font_weight=\"font-weight-bold\">Mandag kveld dukket derimot paret opp sammen p\u00e5 den r\u00f8de l\u00f8peren i Los Angeles, og avkrefter tilsynelatende bruddryktene.\u00a0<\/p>\n<p>P\u00e5 premieren av 29-\u00e5ringens nye film, \u00abMarty Supreme\u00bb, satt latteren l\u00f8st hos turtelduene som matchet i skreddersydde og knalloransje antrekk fra Chrome Hearts.<\/p>\n<p> I mai gjorde de sin debut p\u00e5 den r\u00f8de l\u00f8peren i Roma, under David Di Donatello Awards. Da var de ogs\u00e5 fargekoordinert &#8211; Timoth\u00e9e i fl\u00f8yelsdress og Kylie i en figurn\u00e6r kjole fra Schiaparelli. <\/p>\n<p>        <img loading=\"lazy\" decoding=\"async\" src=\"https:\/\/www.europesays.com\/no\/wp-content\/uploads\/2025\/12\/83957301.webp\" width=\"686\" height=\"1029\" title=\"F\u00d8RSTE GANG: Paret gjorde sin f\u00f8rste offentlige r\u00f8d l\u00f8per-debut i v\u00e5r. Foto: Anna Maria Tinghino \/ SplashNews.com \/ NTB\" alt=\"\" class=\"\" style=\"--aspect-ratio-image: 0.67; \"\/><\/p>\n<p>\n        F\u00d8RSTE GANG: Paret gjorde sin f\u00f8rste offentlige r\u00f8d l\u00f8per-debut i v\u00e5r. Foto: Anna Maria Tinghino \/ SplashNews.com \/ NTB\n    <\/p>\n<p> Dette er bare andre gang stjerneduoen dukker opp sammen p\u00e5 r\u00f8d l\u00f8per og det later til at duoen \u00f8nsker \u00e5 holde store deler av relasjonen privat.\u00a0<\/p>\n<p>Paret, som har v\u00e6rt sammen siden v\u00e5ren 2023, holdt nemlig forholdet hemmelig over lengre tid.\u00a0<\/p>\n<p>        <img loading=\"lazy\" decoding=\"async\" src=\"https:\/\/www.europesays.com\/no\/wp-content\/uploads\/2025\/12\/83957272.webp\" width=\"686\" height=\"995\" title=\"STORE SMIL: Kylie og Timmy er tilsynelatende fortsatt stormforelsket og kunne ikke la v\u00e6re \u00e5 smilde bredt foran kameraene. Foto: John Salangsang \/ Shutterstock \/ NTB\" alt=\"\" class=\"\" style=\"--aspect-ratio-image: 0.69; \"\/><\/p>\n<p>\n        STORE SMIL: Kylie og Timmy er tilsynelatende fortsatt stormforelsket og kunne ikke la v\u00e6re \u00e5 smilde bredt foran kameraene. Foto: John Salangsang \/ Shutterstock \/ NTB\n    <\/p>\n<p> F\u00f8r r\u00f8d l\u00f8per-debuten dukket Kylie opp sammen med\u00a0skuespilleren til Golden Globe, BAFTA og Oscar-utdelingene, hvor han var nominert for rollen som Bob Dylan i \u00abA Complete Unknown\u00bb.<\/p>\n<p>    <a itemprop=\"url\" href=\"https:\/\/www.seher.no\/kjendis\/det-mest-alvorlige-stadiet\/83954979\" rel=\"nofollow noopener\" target=\"_blank\"><\/p>\n<p>        <img loading=\"lazy\" decoding=\"async\" src=\"https:\/\/www.europesays.com\/no\/wp-content\/uploads\/2025\/12\/83954557.webp\" width=\"980\" height=\"441\" title=\"- Det mest alvorlige stadiet\" alt=\"\" class=\"lazyload\" style=\"--aspect-ratio-image: 2.22; \"\/><\/p>\n<p>        &#8211; Det mest alvorlige stadiet<\/p>\n<p>    <\/a><\/p>\n<p>Mandag hadde sistnevnte p\u00e5 seg en skinnende oransje skinndrakt, med silkeskjorte og st\u00f8vler i samme farge. Over skulderen bar han en svart veske til bordtennisracket.<\/p>\n<p>        <img loading=\"lazy\" decoding=\"async\" src=\"https:\/\/www.europesays.com\/no\/wp-content\/uploads\/2025\/12\/83957293.webp\" width=\"686\" height=\"1029\" title=\"GODT HUM\u00d8R: Stjerneparet kunne ikke holde latteren tilbake mens de gikk langs den r\u00f8d l\u00f8peren. Foto: John Salangsang \/ Shutterstock \/ NTB\" alt=\"\" class=\"\" style=\"--aspect-ratio-image: 0.67; \"\/><\/p>\n<p>\n        GODT HUM\u00d8R: Stjerneparet kunne ikke holde latteren tilbake mens de gikk langs den r\u00f8d l\u00f8peren. Foto: John Salangsang \/ Shutterstock \/ NTB\n    <\/p>\n<p>Sminkemogulen p\u00e5 sin side, stilte i en gulvlang, oransje kjole med trekantede utsparinger under brystet og over midjen. Den dype utringningen var pyntet med et kors, som gikk igjen i halskjedet hennes.\u00a0<\/p>\n<p>Kylie Cosmetics-gr\u00fcnderen tok fargevalget p\u00e5 alvor. Neglene var malt oransje, og sminken hadde hint av samme farge.\u00a0<\/p>\n<p>        TATT P\u00c5 FERSKEN: Hva befinner seg under Skal vi danse-dommernes bord? Jan Thomas har svaret. Reporter: Nora Skavhaug \/ Foto: Danny Son To \/ R\u00f8d L\u00f8per <\/p>\n<p class=\"italic m-italic\" data-lab-italic=\"italic\">\u00abMarty Supreme\u00bb har premiere 25. desember.<\/p>\n","protected":false},"excerpt":{"rendered":"Timoth\u00e9e Chalamet og Kylie Jenner: Stjerneparet dukket opp sammen i kj\u00f8lvannet av bruddryktene. Se alle bildene her! SAMMEN:&hellip;\n","protected":false},"author":2,"featured_media":108165,"comment_status":"","ping_status":"","sticky":false,"template":"","format":"standard","meta":{"footnotes":""},"categories":[58],"tags":[13404,13085,71,479,2543,8515,30,28,29,11244,72],"class_list":{"0":"post-108164","1":"post","2":"type-post","3":"status-publish","4":"format-standard","5":"has-post-thumbnail","7":"category-underholdning","8":"tag-avkrefter-rykter","9":"tag-bruddrykter","10":"tag-entertainment","11":"tag-kjendis","12":"tag-kjendisdesken","13":"tag-kylie-jenner","14":"tag-no","15":"tag-norge","16":"tag-norway","17":"tag-timothee-chalamet","18":"tag-underholdning"},"share_on_mastodon":{"url":"https:\/\/pubeurope.com\/@no\/115688575314819104","error":""},"_links":{"self":[{"href":"https:\/\/www.europesays.com\/no\/wp-json\/wp\/v2\/posts\/108164","targetHints":{"allow":["GET"]}}],"collection":[{"href":"https:\/\/www.europesays.com\/no\/wp-json\/wp\/v2\/posts"}],"about":[{"href":"https:\/\/www.europesays.com\/no\/wp-json\/wp\/v2\/types\/post"}],"author":[{"embeddable":true,"href":"https:\/\/www.europesays.com\/no\/wp-json\/wp\/v2\/users\/2"}],"replies":[{"embeddable":true,"href":"https:\/\/www.europesays.com\/no\/wp-json\/wp\/v2\/comments?post=108164"}],"version-history":[{"count":0,"href":"https:\/\/www.europesays.com\/no\/wp-json\/wp\/v2\/posts\/108164\/revisions"}],"wp:featuredmedia":[{"embeddable":true,"href":"https:\/\/www.europesays.com\/no\/wp-json\/wp\/v2\/media\/108165"}],"wp:attachment":[{"href":"https:\/\/www.europesays.com\/no\/wp-json\/wp\/v2\/media?parent=108164"}],"wp:term":[{"taxonomy":"category","embeddable":true,"href":"https:\/\/www.europesays.com\/no\/wp-json\/wp\/v2\/categories?post=108164"},{"taxonomy":"post_tag","embeddable":true,"href":"https:\/\/www.europesays.com\/no\/wp-json\/wp\/v2\/tags?post=108164"}],"curies":[{"name":"wp","href":"https:\/\/api.w.org\/{rel}","templated":true}]}}