{"id":108167,"date":"2025-12-09T08:08:13","date_gmt":"2025-12-09T08:08:13","guid":{"rendered":"https:\/\/www.europesays.com\/no\/108167\/"},"modified":"2025-12-09T08:08:13","modified_gmt":"2025-12-09T08:08:13","slug":"laerer-sparket-etter-a-ha-sagt-storbritannia-er-kristent-land","status":"publish","type":"post","link":"https:\/\/www.europesays.com\/no\/108167\/","title":{"rendered":"L\u00e6rer sparket etter \u00e5 ha sagt Storbritannia er kristent land"},"content":{"rendered":"<p><strong>En grunnskolel\u00e6rer i London fikk sparken og ble utestengt fra arbeid med barn etter \u00e5 ha sagt til en muslimsk elev at \u00abStorbritannia fortsatt er en kristen stat\u00bb. Ni personer gransket saken, inkludert Londons politis barneavdeling, skriver <a href=\"https:\/\/www.telegraph.co.uk\/news\/2025\/12\/08\/teacher-banned-telling-muslim-child-britain-is-christian\/?fbclid=IwY2xjawOkR3lleHRuA2FlbQIxMABicmlkETFPbHZPeUt2MDRuMGNVUW84c3J0YwZhcHBfaWQQMjIyMDM5MTc4ODIwMDg5MgABHmozmziQA7XpULNlCbcQF813b2KsiraACG_dqRBru8p_FHaILeC9cHA7t4fZ_aem_89UYSILZXiwwvdNfKqMruw\" rel=\"nofollow noopener\" target=\"_blank\">The Telegraph<\/a>.<\/strong><\/p>\n<p>Episoden som f\u00f8rte til utestengelsen skjedde da l\u00e6reren if\u00f8lge en klage irettesatte elever for \u00e5 vaske f\u00f8ttene sine i vaskene p\u00e5 guttedoen. Den muslimske eleven som klaget hevdet l\u00e6reren sa at skolen ikke var en religi\u00f8s skole, men at det fantes en islamsk skole en kilometer unna hvis de \u00f8nsket \u00e5 g\u00e5 der i stedet. L\u00e6reren skal ogs\u00e5 ha p\u00e5pekt at Storbritannia fortsatt er en kristen stat og at kongen er leder for Church of England.<\/p>\n<p>Skolen suspenderte l\u00e6reren i mars 2024, og han fikk senere sparken. I april samme \u00e5r ble han meldt til barnevernsstyret og politiet p\u00e5 grunn av mulig hatforbrytelse. Politietterforskningen ble senere henlagt, men barnevernsstyret konkluderte med at l\u00e6reren hadde kommet med s\u00e5rede kommentarer om islam og at barnet hadde blitt utsatt for emosjonell skade. L\u00e6reren, som n\u00e5 saks\u00f8ker kommunen med st\u00f8tte fra Free Speech Union, klaget p\u00e5 vedtaket og jobber n\u00e5 deltid ved en annen skole utenfor London.<\/p>\n<p>I alt ni personer gransket saken, inkludert en politietterforsker fra barneavdelingen, to sosialarbeidere og skolens rektor. The Telegraph skriver at saken har intensivert bekymring blant ytringsfrihets-forkjempere om at lover ment \u00e5 beskytte barn mot skade fra voksne blir brukt til \u00e5 begrense ytringsfriheten. Free Speech Union har samlet et dossier med over et dusin saker der voksne som jobber med barn ble meldt til barnevernsstyrer for ytringer de har kommet med.<\/p>\n","protected":false},"excerpt":{"rendered":"En grunnskolel\u00e6rer i London fikk sparken og ble utestengt fra arbeid med barn etter \u00e5 ha sagt til&hellip;\n","protected":false},"author":2,"featured_media":108168,"comment_status":"","ping_status":"","sticky":false,"template":"","format":"standard","meta":{"footnotes":""},"categories":[12],"tags":[20,21,24,25,15,2198,22,23,3063,9281,13,30,28,29,14,16,5508,26,27,42,43,44,45],"class_list":{"0":"post-108167","1":"post","2":"type-post","3":"status-publish","4":"format-standard","5":"has-post-thumbnail","7":"category-verden","8":"tag-breaking-news","9":"tag-breakingnews","10":"tag-featured-news","11":"tag-featurednews","12":"tag-headlines","13":"tag-islam","14":"tag-latest-news","15":"tag-latestnews","16":"tag-laerere","17":"tag-muslimer","18":"tag-news","19":"tag-no","20":"tag-norge","21":"tag-norway","22":"tag-nyheter","23":"tag-overskrifter","24":"tag-storbitiannia","25":"tag-top-stories","26":"tag-topstories","27":"tag-verden","28":"tag-world","29":"tag-world-news","30":"tag-worldnews"},"share_on_mastodon":{"url":"https:\/\/pubeurope.com\/@no\/115688590852285307","error":""},"_links":{"self":[{"href":"https:\/\/www.europesays.com\/no\/wp-json\/wp\/v2\/posts\/108167","targetHints":{"allow":["GET"]}}],"collection":[{"href":"https:\/\/www.europesays.com\/no\/wp-json\/wp\/v2\/posts"}],"about":[{"href":"https:\/\/www.europesays.com\/no\/wp-json\/wp\/v2\/types\/post"}],"author":[{"embeddable":true,"href":"https:\/\/www.europesays.com\/no\/wp-json\/wp\/v2\/users\/2"}],"replies":[{"embeddable":true,"href":"https:\/\/www.europesays.com\/no\/wp-json\/wp\/v2\/comments?post=108167"}],"version-history":[{"count":0,"href":"https:\/\/www.europesays.com\/no\/wp-json\/wp\/v2\/posts\/108167\/revisions"}],"wp:featuredmedia":[{"embeddable":true,"href":"https:\/\/www.europesays.com\/no\/wp-json\/wp\/v2\/media\/108168"}],"wp:attachment":[{"href":"https:\/\/www.europesays.com\/no\/wp-json\/wp\/v2\/media?parent=108167"}],"wp:term":[{"taxonomy":"category","embeddable":true,"href":"https:\/\/www.europesays.com\/no\/wp-json\/wp\/v2\/categories?post=108167"},{"taxonomy":"post_tag","embeddable":true,"href":"https:\/\/www.europesays.com\/no\/wp-json\/wp\/v2\/tags?post=108167"}],"curies":[{"name":"wp","href":"https:\/\/api.w.org\/{rel}","templated":true}]}}