{"id":108171,"date":"2025-12-09T08:10:09","date_gmt":"2025-12-09T08:10:09","guid":{"rendered":"https:\/\/www.europesays.com\/no\/108171\/"},"modified":"2025-12-09T08:10:09","modified_gmt":"2025-12-09T08:10:09","slug":"pa-260-skoler-vil-foreldre-vente-med-smarttelefon-nrk-rogaland-lokale-nyheter-tv-og-radio","status":"publish","type":"post","link":"https:\/\/www.europesays.com\/no\/108171\/","title":{"rendered":"P\u00e5 260 skoler vil foreldre vente med smarttelefon \u2013 NRK Rogaland \u2013 Lokale nyheter, TV og radio"},"content":{"rendered":"<p><strong>\u2013 Vi har hatt et ganske sykt eksperiment i Norge, men n\u00e5 vet vi konsekvensene av dette. Norge m\u00e5 endre kurs, sier Inge Wegge.<\/strong><\/p>\n<p>Han sikter til at mange barn f\u00e5r tilgang p\u00e5 egne smarttelefoner og sosiale medier. <\/p>\n<p>Selv har han barn p\u00e5 Kabelv\u00e5g skole i Lofoten. Engasjementet hans har f\u00f8rt til at FAU i h\u00f8st vedtok at foreldrene skal jobbe for at ingen elever har smarttelefon. <\/p>\n<p>Foreldredrevet engasjement<\/p>\n<p>P\u00e5 under ett \u00e5r har foreldreinitiativet <a href=\"https:\/\/www.smarttelefonfribarndom.no\/om-oss\" ec-id=\"https:\/\/www.smarttelefonfribarndom.no\/om-oss\" ec-name=\"Smarttelefonfri barndom\" rel=\"nofollow noopener\" target=\"_blank\">Smarttelefonfri barndom <\/a>blitt stadig mer kjent.<\/p>\n<p>Nettverket har som m\u00e5l \u00e5 gj\u00f8re det lettere for engasjerte foreldre \u00e5 finne sammen og jobbe for at barn ikke f\u00e5r smarttelefon f\u00f8r ungdomsskolen.<\/p>\n<p><strong>\u2013 Responsen har v\u00e6rt helt fantastisk. Vi har g\u00e5tt fra \u00e5 v\u00e6re et lokalt initiativ til \u00e5 f\u00e5 solid nasjonal forankring, sier Joachim Eidtang, som er en av initiativtakerne. <\/strong><\/p>\n<p><img decoding=\"async\"   src=\"data:image\/gif;base64,R0lGODlhAQABAIAAAAAAAP\/\/\/yH5BAEAAAAALAAAAAABAAEAAAIBRAA7\" loading=\"eager\" alt=\"Far og barn ute. \" title=\"Foto: Privat\"\/><\/p>\n<p class=\"\">Joachim Eidtang i Smarttelefonfri barndom er overveldet over hvor mange foreldre som n\u00e5 engasjerer seg for at barn ikke skal ha smarttelefon f\u00f8r ungdomsskolen.<\/p>\n<p>Foto: Privat<\/p>\n<p>P\u00e5 nettsiden registreres skoler der foreldre har f\u00e5tt vedtak i foreldreutvalget (FAU) og skoler der foreldre jobber aktivt for \u00e5 f\u00e5 til slike vedtak. <\/p>\n<p>Initiativet er foreldredrevet og alts\u00e5 noe annet enn mobilfrie skoler, som kommuner og skoler bestemmer.<\/p>\n<p><strong>NRK har f\u00e5tt de nyeste tallene over skoler der foreldre engasjerer seg for at barna skal vente med smarttelefon. <\/strong><\/p>\n<p>Og oversikten fra Smarttelefonfri barndom viser store forskjeller i landet (<strong>se oversikt lenger nede<\/strong>). For eksempel er det tendenser til st\u00f8rre engasjement i byer og tettbygde str\u00f8k, og det er mindre engasjement i Nord-Norge enn resten av landet. <\/p>\n<p><strong>Les ogs\u00e5: <a href=\"https:\/\/www.nrk.no\/rogaland\/foreldre-dropper-smarttelefon-til-barna-og-kjoper-tastetelefon-1.17576859\" ec-id=\"pp:article:1.17576859\" ec-name=\"Ny trend:\" rel=\"nofollow noopener\" target=\"_blank\">Ny trend: <\/a><\/strong><a href=\"https:\/\/www.nrk.no\/rogaland\/foreldre-dropper-smarttelefon-til-barna-og-kjoper-tastetelefon-1.17576859\" ec-id=\"pp:article:1.17576859\" ec-name=\"Foreldre dropper smarttelefon til barna\" rel=\"nofollow noopener\" target=\"_blank\"><strong>Foreldre dropper smarttelefon til barna<\/strong><\/a><\/p>\n<p>Forelder i Lofoten: \u2013 Ett steg for \u00e5 l\u00f8se problemet<\/p>\n<p>Men et FAU-vedtak er alts\u00e5 avhengig av engasjerte enkeltpersoner.<\/p>\n<p>Med utgangspunkt i FAU-vedtak tilgjengelig p\u00e5 nett, tok NRK kontakt med to foreldre som har tatt initiativ til endring i sitt n\u00e6rmilj\u00f8.<\/p>\n<p><strong>\u2013 Jeg vet ikke hvorfor det er mindre engasjement p\u00e5 skoler i nord, men her i Lofoten er det i alle fall mange som liker \u00e5 v\u00e6re ute og er opptatt av naturen. Det vil vi ogs\u00e5 l\u00e6re barna, sier Inge Wegge. <\/strong><\/p>\n<p>Han forteller at Kabelv\u00e5g skole over mange \u00e5r har sett at mange konflikter mellom barn starter med smarttelefonen. Initiativet fra Smarttelefonfri barndom gjorde det enklere \u00e5 ta engasjementet ett steg lenger. <\/p>\n<p><img decoding=\"async\"   src=\"data:image\/gif;base64,R0lGODlhAQABAIAAAAAAAP\/\/\/yH5BAEAAAAALAAAAAABAAEAAAIBRAA7\" loading=\"eager\" alt=\"Far og s\u00f8nn. \" title=\"Foto: Privat\"\/><\/p>\n<p class=\"\">Inge Wigge er forn\u00f8yd med FAU-vedtaket om \u00e5 jobbe for at barna ikke f\u00e5r smarttelefon f\u00f8r ungdomsskolen. Han tror mange i Lofoten er engasjert i saken fordi de er glad i natur og aktiviteter. <\/p>\n<p>Foto: Privat<\/p>\n<p>\u2013 Vi trenger ikke lenger \u00e5 diskutere om det er bra eller d\u00e5rlig med smarttelefoner for barn. Vi kan derimot snakke om hva vi kan gj\u00f8re med problemet, og FAU-vedtak er ett steg, sier han. <\/p>\n<p>\u2013 Renner inn med nye vedtak<\/p>\n<p>I Medietilsynets <a href=\"https:\/\/www.medietilsynet.no\/fakta\/rapporter\/barn-og-medier\/barn-medievaner-2024\/\" ec-id=\"https:\/\/www.medietilsynet.no\/fakta\/rapporter\/barn-og-medier\/barn-medievaner-2024\/\" ec-name=\"rapport om barns medievaner\" rel=\"nofollow noopener\" target=\"_blank\">rapport om barns medievaner<\/a> svarer 94 prosent i alderen 9\u201311 at de har egen mobil. 79 prosent av Snapchat-brukere og 74 prosent av TikTok-brukere fikk egen konto f\u00f8r de var 13, og regjeringen vil ha aldersgrense p\u00e5 15 \u00e5r.<\/p>\n<p>I Elevunders\u00f8kelsen fra 2024 rapporteres det om mest digital mobbing i 5. klasse. Helsemyndighetene kommer med skjermr\u00e5d som f\u00f8lge av \u00f8kt stillesitting, psykiske plager, mobbing og mindre lek.<\/p>\n<p>Per 6. desember hadde foreldre ved 588 av landet 2173 barneskoler engasjert seg for \u00e5 utsette smarttelefoner til ungdomsskolen. <\/p>\n<p>42 prosent av alle barneskolebarn i Norge g\u00e5r p\u00e5 disse skolene.<\/p>\n<p>\u2013 Via mange tusen engasjerte foreldre har initiativet spredt seg fra skole til skole i alle fylkene, sier Eidtang. <\/p>\n<p>Han er overrasket over resultatene.<\/p>\n<p><img decoding=\"async\"   src=\"data:image\/gif;base64,R0lGODlhAQABAIAAAAAAAP\/\/\/yH5BAEAAAAALAAAAAABAAEAAAIBRAA7\" loading=\"eager\" alt=\"Stolpediagram. \" title=\"Foto: Skjermdump: Smarttelefonfri barndom\"\/><\/p>\n<p class=\"\">Oversikten viser andelen skoler der foreldre engasjerer seg for \u00e5 utsette smarttelefon. Det er store forskjeller mellom fylkene. <\/p>\n<p>Foto: Skjermdump: Smarttelefonfri barndom<\/p>\n<p><strong>\u2013 Vi trodde engasjementet kom til \u00e5 roe seg, men det fortsetter bare \u00e5 renne inn med nye FAU-vedtak. Bare en av de siste dagene registrerte vi 15 nye skoler med FAU-vedtak eller initiativ til \u00e5 jobbe for en smarttelefonfri barndom, sier Eidtang. <\/strong><\/p>\n<p>I oversikten er det tendenser til at flere skoler i samme omr\u00e5de har engasjement. Dette mener Eidtang er logisk gitt at foreldre og barn for eksempel har felles aktiviteter og sosial omgang p\u00e5 tvers av skolekretser.<\/p>\n<p>Kommunene med mest engasjement<\/p>\n<p>Slik er prosenandelen av barneskoler med FAU-vedtak eller der foreldre jobber aktivt for \u00e5 f\u00e5 FAU-vedtak:<\/p>\n<ul>\n<li>B\u00e6rum: 100 prosent<\/li>\n<li>Asker: 72 prosent<\/li>\n<li>Oslo: 57 prosent<\/li>\n<li>\u00c5lesund: 55 prosent<\/li>\n<li>Stavanger: 49 prosent<\/li>\n<li>Drammen: 42 prosent<\/li>\n<li>Bergen: 39 prosent<\/li>\n<li>Kristiansand: 38 prosent<\/li>\n<\/ul>\n<p>Et FAU-vedtak inneb\u00e6rer at det skal jobbes for at barn ikke skal ha smarttelefon f\u00f8r ungdomsskolen.<\/p>\n<p>I B\u00e6rum er det engasjement p\u00e5 alle barneskolene. Der det er langt mellom barneskolene, ser man imidlertid f\u00e6rre slike \u00absmitteeffekter\u00bb.<\/p>\n<p>Eidtang mener hensynet til fellesskapet er viktig n\u00e5r foreldre vurderer smarttelefon til barna.<\/p>\n<p><strong>\u2013 Valget p\u00e5virker klassemilj\u00f8et, s\u00f8skenflokken og vennegjengen. N\u00e5r vi foreldre endrer kurs sammen, blir flere barn tilgjengelige for lek og sosialt samv\u00e6r.<\/strong><\/p>\n<p><strong>Kronikk: <a href=\"https:\/\/www.nrk.no\/ytring\/mobilfrie-skoler-er-ikke-nok-1.17417559\" ec-id=\"pp:article:1.17417559\" ec-name=\"Mobilfrie skoler er ikke nok\" rel=\"nofollow noopener\" target=\"_blank\">Mobilfrie skoler er ikke nok<\/a><\/strong><\/p>\n<p>Forelder i Stavanger: \u2013 Kan v\u00e6re ubehagelig \u00e5 g\u00e5 i bresjen<\/p>\n<p>Hanne Markhus Pike er FAU-representant p\u00e5 Bu\u00f8y skole i Stavanger og mor til tre barn p\u00e5 4, 7 og 9 \u00e5r. <\/p>\n<p>\u2013 Det kan v\u00e6re ubehagelig \u00e5 g\u00e5 i bresjen for dette, spesielt uten \u00e5 virke d\u00f8mmende. Men foreldre skal ikke ha d\u00e5rlig samvittighet, det er jo samfunnet som har eksperimentert med barna v\u00e5re, sier hun.<\/p>\n<p>Pike er barnelege og har over lengre tid lest seg opp p\u00e5 barn, smarttelefoner og sosiale medier. <\/p>\n<p><strong>\u2013 Jeg klarte ikke \u00e5 sitte stille lenger, sier hun.<\/strong><\/p>\n<p>Hun tok utgangspunkt i en presentasjon fra Smarttelefonfri barndom og tilsvarende nettverk i England, og holdt deretter en presentasjon internt i FAU.<\/p>\n<p><img decoding=\"async\"   src=\"data:image\/gif;base64,R0lGODlhAQABAIAAAAAAAP\/\/\/yH5BAEAAAAALAAAAAABAAEAAAIBRAA7\" loading=\"eager\" alt=\"Familie i b\u00e5t\" title=\"Foto: Privat\"\/><\/p>\n<p class=\"\">Hanne Markhus Pike er glad for at stadig flere foreldre \u00f8nsker \u00e5 utsette introduksjonen av smarttelefon til barna. S\u00f8nnen s\u00e5 tidligere frem til \u00e5 f\u00e5 smarttelefon da han ble 10 \u00e5r. N\u00e5 ser han fram til \u00e5 f\u00e5 det p\u00e5 ungdomsskolen. <\/p>\n<p>Foto: Privat<\/p>\n<p>Tilbakemeldingen var tydelig: Hold denne for alle foreldre p\u00e5 skolen. Det endte med et vedtak. <\/p>\n<p>Forventer mer av myndighetene<\/p>\n<p>B\u00e5de de engasjerte FAU-representantene og Eidtang i Smarttelefonfri barndom mener myndighetene m\u00e5 gj\u00f8re mye mer enn i dag for \u00e5 hjelpe foreldrene i kampen mot tech-gigantene.<\/p>\n<p>\u2013 Vi har f\u00e5tt st\u00f8tte av b\u00e5de statsminister og statsr\u00e5der, men vi trenger at det skjer mer, sier Eidtang.<\/p>\n<p>Han viser til Australia, der <a href=\"https:\/\/www.nrk.no\/urix\/meta-kastar-ut-australske-barn-ut-fra-instagram-og-facebook-1.17678732\" ec-id=\"pp:article:1.17678732\" ec-name=\"alle under 16 \u00e5r mister tilgangene\" rel=\"nofollow noopener\" target=\"_blank\">alle under 16 \u00e5r mister tilgangene<\/a> til mange sosiale medier-kontoer. I november ble det kjent at EU g\u00e5r inn for aldersgrense p\u00e5 16 \u00e5r.<\/p>\n<p><strong>Les ogs\u00e5: <a href=\"https:\/\/www.nrk.no\/norge\/aldersgrense-pa-sosiale-medier_-slik-kan-det-fungere-1.17604477\" ec-id=\"pp:article:1.17604477\" ec-name=\"Slik kan en aldersgrense fungere\" rel=\"nofollow noopener\" target=\"_blank\">Slik kan en aldersgrense fungere<\/a><\/strong><\/p>\n<p><strong>\u2013 I Norge m\u00e5 foreldre vise vei fordi vi ikke har tid til \u00e5 vente p\u00e5 et nytt lovverk<\/strong><strong> og aldersgrenser ingen klarer \u00e5 tidfeste.<\/strong><\/p>\n<p>B\u00e5de Eidtang og FAU-representant Pike i Stavanger h\u00e5per Norge blir smarttelefonfri for barn innen 2030.<\/p>\n<p>\u2013 Men vi m\u00e5 ha politikere p\u00e5 banen. Vi trenger hjelp, foreldre kan ikke lede alt dette alene, sier hun.<\/p>\n<p>Aldersgrense p\u00e5 sosiale medier:<\/p>\n<ul>\n<li>Regjeringen har foresl\u00e5tt \u00e5 innf\u00f8re 15-\u00e5rsgrense p\u00e5 sosiale medier. H\u00f8ringsfristen gikk ut i september, og det kom flere tusen innspill. Et klart flertall st\u00f8tter forslaget om \u00e5 innf\u00f8re 15-\u00e5rsgrense.<\/li>\n<li>Lovforslag er n\u00e5 til behandling.<\/li>\n<li>Flere har problematisert b\u00e5de den praktiske h\u00e5ndhevingen av en mulig lov og negative sider knyttet til barns rettigheter og personvern.<\/li>\n<li>EU-parlamentet g\u00e5r inn for en aldersgrense p\u00e5 16 \u00e5r i sosiale medier og forbud mot avhengighetsskapende innhold<\/li>\n<li>Fra 10. desember blir det forbudet for australske barn under 16 \u00e5r \u00e5 ha kontoer p\u00e5 sosiale medier.<\/li>\n<\/ul>\n<p>Publisert<\/p>\n<p>09.12.2025, kl. 05.33<\/p>\n<p>Oppdatert<\/p>\n<p>09.12.2025, kl. 06.35<\/p>\n","protected":false},"excerpt":{"rendered":"\u2013 Vi har hatt et ganske sykt eksperiment i Norge, men n\u00e5 vet vi konsekvensene av dette. Norge&hellip;\n","protected":false},"author":2,"featured_media":108172,"comment_status":"","ping_status":"","sticky":false,"template":"","format":"standard","meta":{"footnotes":""},"categories":[5],"tags":[20,21,24,25,15,19,22,23,17,18,13,30,28,29,14,16,26,27],"class_list":{"0":"post-108171","1":"post","2":"type-post","3":"status-publish","4":"format-standard","5":"has-post-thumbnail","7":"category-overskrifter","8":"tag-breaking-news","9":"tag-breakingnews","10":"tag-featured-news","11":"tag-featurednews","12":"tag-headlines","13":"tag-hovedoppslag","14":"tag-latest-news","15":"tag-latestnews","16":"tag-main-news","17":"tag-mainnews","18":"tag-news","19":"tag-no","20":"tag-norge","21":"tag-norway","22":"tag-nyheter","23":"tag-overskrifter","24":"tag-top-stories","25":"tag-topstories"},"share_on_mastodon":{"url":"https:\/\/pubeurope.com\/@no\/115688598588185861","error":""},"_links":{"self":[{"href":"https:\/\/www.europesays.com\/no\/wp-json\/wp\/v2\/posts\/108171","targetHints":{"allow":["GET"]}}],"collection":[{"href":"https:\/\/www.europesays.com\/no\/wp-json\/wp\/v2\/posts"}],"about":[{"href":"https:\/\/www.europesays.com\/no\/wp-json\/wp\/v2\/types\/post"}],"author":[{"embeddable":true,"href":"https:\/\/www.europesays.com\/no\/wp-json\/wp\/v2\/users\/2"}],"replies":[{"embeddable":true,"href":"https:\/\/www.europesays.com\/no\/wp-json\/wp\/v2\/comments?post=108171"}],"version-history":[{"count":0,"href":"https:\/\/www.europesays.com\/no\/wp-json\/wp\/v2\/posts\/108171\/revisions"}],"wp:featuredmedia":[{"embeddable":true,"href":"https:\/\/www.europesays.com\/no\/wp-json\/wp\/v2\/media\/108172"}],"wp:attachment":[{"href":"https:\/\/www.europesays.com\/no\/wp-json\/wp\/v2\/media?parent=108171"}],"wp:term":[{"taxonomy":"category","embeddable":true,"href":"https:\/\/www.europesays.com\/no\/wp-json\/wp\/v2\/categories?post=108171"},{"taxonomy":"post_tag","embeddable":true,"href":"https:\/\/www.europesays.com\/no\/wp-json\/wp\/v2\/tags?post=108171"}],"curies":[{"name":"wp","href":"https:\/\/api.w.org\/{rel}","templated":true}]}}