{"id":108173,"date":"2025-12-09T08:16:08","date_gmt":"2025-12-09T08:16:08","guid":{"rendered":"https:\/\/www.europesays.com\/no\/108173\/"},"modified":"2025-12-09T08:16:08","modified_gmt":"2025-12-09T08:16:08","slug":"litauen-mener-smuglerballonger-truer-sikkerheten-nrk-urix-utenriksnyheter-og-dokumentarer","status":"publish","type":"post","link":"https:\/\/www.europesays.com\/no\/108173\/","title":{"rendered":"Litauen mener smuglerballonger truer sikkerheten \u2013 NRK Urix \u2013 Utenriksnyheter og -dokumentarer"},"content":{"rendered":"<p><strong>\u2013 I kampen mot det hybride angrepet fra Belarus m\u00e5 vi ta de strengeste tiltakene og forsvare omr\u00e5dene som er hardest rammet av dette angrepet, sier statsminister Inga Ruginien\u0117 i en <a href=\"https:\/\/lrv.lt\/lt\/naujienos\/paskelbta-valstybes-lygio-ekstremalioji-situacija-del-hibridines-baltarusijos-atakos-svaO\/\" ec-id=\"https:\/\/lrv.lt\/lt\/naujienos\/paskelbta-valstybes-lygio-ekstremalioji-situacija-del-hibridines-baltarusijos-atakos-svaO\/\" ec-name=\"pressemelding\" rel=\"nofollow noopener\" target=\"_blank\">pressemelding<\/a>.<\/strong><\/p>\n<p>Litauens regjering erkl\u00e6rer unntakstilstand. \u00c5rsaken er smuglerballonger fra Belarus som har krenket litauisk luftrom.<\/p>\n<p>Det har skjedd en rekke ganger de siste m\u00e5nedene, skriver Reuters.<\/p>\n<p>Ballongene blir brukt til \u00e5 smugle sigaretter. Landets regjering mener ballongene truer den offentlige sikkerheten.<\/p>\n<p>De ser p\u00e5 ballongene som bevisste fors\u00f8k p\u00e5 forstyrrelse, skriver <a href=\"https:\/\/www.independent.co.uk\/news\/lithuania-vilnius-belarus-alexander-lukashenko-europe-b2876493.html\" ec-id=\"https:\/\/www.independent.co.uk\/news\/lithuania-vilnius-belarus-alexander-lukashenko-europe-b2876493.html\" ec-name=\"The Independent.\" rel=\"nofollow noopener\" target=\"_blank\">The Independent.<\/a><\/p>\n<p>Myndighetene vil n\u00e5 ha muligheten til \u00e5 sette inn ekstra ressurser for \u00e5 h\u00e5ndtere ballongene.<\/p>\n<p>Regjeringen har blant annet bedt parlamentet om \u00e5 gi h\u00e6ren myndighet til \u00e5 samarbeide med politiet, grensestyrken og sikkerhetsstyrker.<\/p>\n<p><img decoding=\"async\"   src=\"data:image\/gif;base64,R0lGODlhAQABAIAAAAAAAP\/\/\/yH5BAEAAAAALAAAAAABAAEAAAIBRAA7\" loading=\"eager\" alt=\"En kvinne i r\u00f8d genser st\u00e5r foran en pressemelding bakgrunn med offisielle symboler. Omgivelsene indikerer en formell setting, muligens en pressekonferanse. Det er fokus p\u00e5 kvinners deltakelse i offentlighet. Kvinnen ser ut til \u00e5 v\u00e6re i ferd med \u00e5 gi en uttalelse. (Bildebeskrivelsen er laget av en KI-tjeneste)\" title=\"Foto: Mindaugas Kulbis \/ AP \/ NTB\"\/><\/p>\n<p class=\"\">Litauens statsminister\u00a0Inga Ruginien\u0117<\/p>\n<p>Foto: Mindaugas Kulbis \/ AP \/ NTB<\/p>\n<p>Stengte luftrommet<\/p>\n<p>Flytrafikken ved landets to st\u00f8rste flyplasser i Vilnius og Kaunas har flere ganger v\u00e6rt n\u00f8dt til \u00e5 stenge som f\u00f8lge av smuglerballongene.<\/p>\n<p><strong>Siden oktober har luftrommet v\u00e6rt stengt over ti ganger. Totalt har flyplassen i Vilnius v\u00e6rt stengt i over 60 timer, if\u00f8lge regjeringen.<\/strong><\/p>\n<p>President Aleksandr Lukasjenko i Belarus<a href=\"https:\/\/www.independent.co.uk\/news\/lithuania-vilnius-belarus-alexander-lukashenko-europe-b2876493.html\" ec-id=\"https:\/\/www.independent.co.uk\/news\/lithuania-vilnius-belarus-alexander-lukashenko-europe-b2876493.html\" ec-name=\"har tidligere sagt\" rel=\"nofollow noopener\" target=\"_blank\"> har tidligere sagt<\/a> at de ville be om unnskyldning dersom landets involvering blir bevist.<\/p>\n<p>Interessert i utenriks? H\u00f8r utenriks\u00adredaksjonens podkast.<\/p>\n<p>Publisert<\/p>\n<p>09.12.2025, kl. 08.16<\/p>\n<p>Oppdatert<\/p>\n<p>09.12.2025, kl. 08.24<\/p>\n","protected":false},"excerpt":{"rendered":"\u2013 I kampen mot det hybride angrepet fra Belarus m\u00e5 vi ta de strengeste tiltakene og forsvare omr\u00e5dene&hellip;\n","protected":false},"author":2,"featured_media":108174,"comment_status":"","ping_status":"","sticky":false,"template":"","format":"standard","meta":{"footnotes":""},"categories":[12],"tags":[20,21,24,25,15,22,23,13,30,28,29,14,16,26,27,42,43,44,45],"class_list":{"0":"post-108173","1":"post","2":"type-post","3":"status-publish","4":"format-standard","5":"has-post-thumbnail","7":"category-verden","8":"tag-breaking-news","9":"tag-breakingnews","10":"tag-featured-news","11":"tag-featurednews","12":"tag-headlines","13":"tag-latest-news","14":"tag-latestnews","15":"tag-news","16":"tag-no","17":"tag-norge","18":"tag-norway","19":"tag-nyheter","20":"tag-overskrifter","21":"tag-top-stories","22":"tag-topstories","23":"tag-verden","24":"tag-world","25":"tag-world-news","26":"tag-worldnews"},"share_on_mastodon":{"url":"https:\/\/pubeurope.com\/@no\/115688622358707398","error":""},"_links":{"self":[{"href":"https:\/\/www.europesays.com\/no\/wp-json\/wp\/v2\/posts\/108173","targetHints":{"allow":["GET"]}}],"collection":[{"href":"https:\/\/www.europesays.com\/no\/wp-json\/wp\/v2\/posts"}],"about":[{"href":"https:\/\/www.europesays.com\/no\/wp-json\/wp\/v2\/types\/post"}],"author":[{"embeddable":true,"href":"https:\/\/www.europesays.com\/no\/wp-json\/wp\/v2\/users\/2"}],"replies":[{"embeddable":true,"href":"https:\/\/www.europesays.com\/no\/wp-json\/wp\/v2\/comments?post=108173"}],"version-history":[{"count":0,"href":"https:\/\/www.europesays.com\/no\/wp-json\/wp\/v2\/posts\/108173\/revisions"}],"wp:featuredmedia":[{"embeddable":true,"href":"https:\/\/www.europesays.com\/no\/wp-json\/wp\/v2\/media\/108174"}],"wp:attachment":[{"href":"https:\/\/www.europesays.com\/no\/wp-json\/wp\/v2\/media?parent=108173"}],"wp:term":[{"taxonomy":"category","embeddable":true,"href":"https:\/\/www.europesays.com\/no\/wp-json\/wp\/v2\/categories?post=108173"},{"taxonomy":"post_tag","embeddable":true,"href":"https:\/\/www.europesays.com\/no\/wp-json\/wp\/v2\/tags?post=108173"}],"curies":[{"name":"wp","href":"https:\/\/api.w.org\/{rel}","templated":true}]}}