{"id":108175,"date":"2025-12-09T08:17:10","date_gmt":"2025-12-09T08:17:10","guid":{"rendered":"https:\/\/www.europesays.com\/no\/108175\/"},"modified":"2025-12-09T08:17:10","modified_gmt":"2025-12-09T08:17:10","slug":"kate-winslet-om-slankemedisin-det-er-trist","status":"publish","type":"post","link":"https:\/\/www.europesays.com\/no\/108175\/","title":{"rendered":"Kate Winslet om slankemedisin: &#8211; Det er trist"},"content":{"rendered":"\n<p class=\"_lead_o9xde_2 _lead_xtcu6_50 layout-component text-serif-m layout-normal text-serif-l layout-component layout-wide layout-padded _wide_17hqh_1 layout-padded\">Skuespilleren uttrykker sterk bekymring for bruken av slankemedisiner og kosmetiske inngrep.<\/p>\n<p><img alt=\" Foto: CAROLINE BREHMAN \/ EPA \/ NTB\" class=\"_image_qp4xg_65 layout-component layout-wide\" data-fullscreen- data-track-element-type=\"Article image fullscreen\" data-track-name=\"ImageFullscreen\" fetchpriority=\"high\" decoding=\"sync\" loading=\"eager\" height=\"4924\" itemprop=\"image\"  src=\"https:\/\/www.europesays.com\/no\/wp-content\/uploads\/2025\/12\/d53810e7-0ada-4917-97b1-b35df83738e7\"  style=\"object-position:55.49986453535627% 43.48090982940699%\" width=\"7382\"\/> Foto: CAROLINE BREHMAN \/ EPA \/ NTB<\/p>\n<ul aria-hidden=\"true\" class=\"_images_ntbth_112\">\n<li><a class=\"_link_ntbth_117\" href=\"https:\/\/www.vg.no\/forfatter\/hannah-solstad-klepp\" style=\"z-index:1\" title=\"Hannah Solstad Klepp\" rel=\"nofollow noopener\" target=\"_blank\"><img alt=\"Bilde av Hannah Solstad Klepp\" class=\"_image_ntbth_93\" fetchpriority=\"low\" loading=\"lazy\" decoding=\"async\" itemprop=\"image\"  src=\"https:\/\/www.europesays.com\/no\/wp-content\/uploads\/2025\/12\/1765268229_754_f811f9c1-64f7-4c50-9133-b5735831a650\"  width=\"480\"\/><\/a><\/li>\n<\/ul>\n<p> Oppdatert tirsdag 9. desember kl. 08:31     <\/p>\n<p class=\"_paragraph_o9xde_4 _paragraph_xtcu6_10 layout-component text-serif-m layout-normal text-serif-m layout-padded\">\u2013 Det er trist. Hvis en persons selvtillit er s\u00e5 knyttet til hvordan de ser ut, er det skremmende, sier hun. <\/p>\n<p class=\"_paragraph_o9xde_4 _paragraph_xtcu6_10 layout-component text-serif-m layout-normal text-serif-m layout-padded\"><a href=\"https:\/\/people.com\/kate-winslet-says-its-terrifying-how-many-people-are-using-weight-loss-drugs-11863796\" class=\"_link_o9xde_39\" rel=\"nofollow noopener\" target=\"_blank\"> Det skriver People,<\/a> og siterer et intervju hun har gjort med The Times.<\/p>\n<p class=\"_paragraph_o9xde_4 _paragraph_xtcu6_10 layout-component text-serif-m layout-normal text-serif-m layout-padded\">\u2013 Det er forvirrende, fordi jeg har \u00f8yeblikk der jeg tror det er bedre \u2013 n\u00e5r jeg ser p\u00e5 skuespillere p\u00e5 arrangementer kledd slik de vil uansett fasong. Men s\u00e5 er det s\u00e5 mange som bruker slankemedisiner \u2013 det er s\u00e5 variert.<\/p>\n<p class=\"_paragraph_o9xde_4 _paragraph_xtcu6_10 layout-component text-serif-m layout-normal text-serif-m layout-padded\">\u2013 Noen tar valg om \u00e5 v\u00e6re seg selv, mens andre gj\u00f8r alt de kan for \u00e5 ikke v\u00e6re seg selv, legger hun til.<\/p>\n<p class=\"_paragraph_o9xde_4 _paragraph_xtcu6_10 layout-component text-serif-m layout-normal text-serif-m layout-padded\">50-\u00e5ringen uttrykker ogs\u00e5 at det virker som at folk ikke har respekt for sin egen helse.<\/p>\n<p class=\"_paragraph_o9xde_4 _paragraph_xtcu6_10 layout-component text-serif-m layout-normal text-serif-m layout-padded\">\u2013 Det plager meg mer enn noen gang. Det er et forbanna kaos der ute, legger hun til<\/p>\n<p><img alt=\"Winslet er n\u00e5 aktuell med sin f\u00f8rste regidebut med filmen \u00abGoodbye June\u00bb som har premiere 12. desember.  Foto: Scott A Garfitt \/ AP \/ NTB\" class=\"_image_qp4xg_65 layout-component layout-normal\" data-fullscreen- data-track-element-type=\"Article image fullscreen\" data-track-name=\"ImageFullscreen\" decoding=\"async\" loading=\"lazy\" height=\"3333\" itemprop=\"image\"  src=\"https:\/\/www.europesays.com\/no\/wp-content\/uploads\/2025\/12\/47e1ebe6-dd33-45dc-a470-f2faf164b106\"  style=\"object-position:54.2% 43.38433843384338%\" width=\"5000\"\/>Winslet er n\u00e5 aktuell med sin f\u00f8rste regidebut med filmen \u00abGoodbye June\u00bb som har premiere 12. desember.  Foto: Scott A Garfitt \/ AP \/ NTB<\/p>\n<p class=\"_paragraph_o9xde_4 _paragraph_xtcu6_10 layout-component text-serif-m layout-normal text-serif-m layout-padded\">Hun \u00f8nsker at flere kvinner kan akseptere den naturlige aldringsprosessen, i stedet for \u00e5 velge injeksjoner som Botox og filler.<\/p>\n<p class=\"_paragraph_o9xde_4 _paragraph_xtcu6_10 layout-component text-serif-m layout-normal text-serif-m layout-padded\">\u2013 En av mine favoritting er n\u00e5r hender blir gamle. Noen av de vakreste kvinnene jeg kjenner er over 70 \u00e5r gamle, og det som gj\u00f8r meg trist er hvordan unge kvinner ikke aner hva det egentlig vil si \u00e5 v\u00e6re vakker. <\/p>\n<p class=\"_paragraph_o9xde_4 _paragraph_xtcu6_10 layout-component text-serif-m layout-normal text-serif-m layout-padded\">Winslet sier at hun aldri har gjort kosmetiske inngrep, og legger til at hun skylder p\u00e5 sosiale medier og dens effekt p\u00e5 mental helse.<\/p>\n<p> Mener hun ble utsatt for mobbing<\/p>\n<p class=\"_paragraph_o9xde_4 _paragraph_xtcu6_10 layout-component text-serif-m layout-normal text-serif-m layout-padded\">Skuespilleren ble for alvor kjent da hun som 19-\u00e5ring spilte i \u00abTitanic\u00bb sammen med Leonardo DiCaprio. <\/p>\n<p class=\"_paragraph_o9xde_4 _paragraph_xtcu6_10 layout-component text-serif-m layout-normal text-serif-m layout-padded\">Hun p\u00e5peker at de strenge skj\u00f8nnhetsstandardene for kvinner ikke er noe ukjent for henne.<\/p>\n<p class=\"_paragraph_o9xde_4 _paragraph_xtcu6_10 layout-component text-serif-m layout-normal text-serif-m layout-padded\"><a href=\"https:\/\/www.vg.no\/i\/ra1PR\" data-track-element-type=\"Link\" data-track-id=\"link:ra1PR\" class=\"_link_o9xde_39\" rel=\"nofollow noopener\" target=\"_blank\">I 2017 snakket hun<\/a> om mobbing til en stor forsamling av unge mennesker. Da sa hun at hun hadde f\u00e5tt beskjed om hun m\u00e5tte ta til takke med \u00abtjukkas-rollene\u00bb. <\/p>\n<p class=\"_paragraph_o9xde_4 _paragraph_xtcu6_10 layout-component text-serif-m layout-normal text-serif-m layout-padded\">\u2013 Jeg f\u00f8lte at jeg ikke strakk til, ikke var god nok. Jeg hadde ikke det riktige utseende, og alt det kom av at jeg ikke paset inn i noen andres oppfatning av \u00abperfekt\u00bb.<\/p>\n<p class=\"_paragraph_o9xde_4 _paragraph_xtcu6_10 layout-component text-serif-m layout-normal text-serif-m layout-padded\"><a href=\"https:\/\/people.com\/health\/kate-winslet-told-she-was-too-fat-during-titanic-debate\/\" class=\"_link_o9xde_39\" rel=\"nofollow noopener\" target=\"_blank\">I et intervju fra 2022<\/a> sa skuespilleren at hun kunne \u00f8nske hun kunne skru tilbake tiden og st\u00e5tt opp for seg selv mot kroppspresset. <\/p>\n<p class=\"_paragraph_o9xde_4 _paragraph_xtcu6_10 layout-component text-serif-m layout-normal text-serif-m layout-padded\">\u2013 Mediene var forferdelige, de plukket meg ut for konstant mobbing.<\/p>\n<p><img alt=\"Winslet sammen med regiss\u00f8ren av \u00abTitanic\u00bb, James Cameron og Leonardo DiCaprio i 1998.  Foto: Mark J. Terrill \/ AP \/ NTB\" class=\"_image_qp4xg_65 layout-component layout-normal\" data-fullscreen- data-track-element-type=\"Article image fullscreen\" data-track-name=\"ImageFullscreen\" decoding=\"async\" loading=\"lazy\" height=\"1522\" itemprop=\"image\"  src=\"https:\/\/www.europesays.com\/no\/wp-content\/uploads\/2025\/12\/99229218-ca44-4e76-a846-ea8f7bf7c647\"  style=\"object-position:49.696969696969695% 44.053876478318%\" width=\"1980\"\/>Winslet sammen med regiss\u00f8ren av \u00abTitanic\u00bb, James Cameron og Leonardo DiCaprio i 1998.  Foto: Mark J. Terrill \/ AP \/ NTB<\/p>\n<p class=\"_paragraph_o9xde_4 _paragraph_xtcu6_10 layout-component text-serif-m layout-normal text-serif-m layout-padded\">\u2013 Jeg ville sagt til journalistene: \u00abIkke v\u00e5g \u00e5 behandle meg slik. Jeg er en ung kvinne, kroppen min forandrer seg, jeg er usikker og redd. Ikke gj\u00f8r dette vanskeligere enn det allerede er\u00bb.<\/p>\n<p>Les ogs\u00e5<\/p>\n","protected":false},"excerpt":{"rendered":"Skuespilleren uttrykker sterk bekymring for bruken av slankemedisiner og kosmetiske inngrep. Foto: CAROLINE BREHMAN \/ EPA \/ NTB&hellip;\n","protected":false},"author":2,"featured_media":108176,"comment_status":"","ping_status":"","sticky":false,"template":"","format":"standard","meta":{"footnotes":""},"categories":[10],"tags":[20,21,24,25,15,11972,22,23,13,30,28,29,14,16,6008,26,27],"class_list":{"0":"post-108175","1":"post","2":"type-post","3":"status-publish","4":"format-standard","5":"has-post-thumbnail","7":"category-norge","8":"tag-breaking-news","9":"tag-breakingnews","10":"tag-featured-news","11":"tag-featurednews","12":"tag-headlines","13":"tag-kate-winslet","14":"tag-latest-news","15":"tag-latestnews","16":"tag-news","17":"tag-no","18":"tag-norge","19":"tag-norway","20":"tag-nyheter","21":"tag-overskrifter","22":"tag-slankemedisin","23":"tag-top-stories","24":"tag-topstories"},"share_on_mastodon":{"url":"https:\/\/pubeurope.com\/@no\/115688626416068010","error":""},"_links":{"self":[{"href":"https:\/\/www.europesays.com\/no\/wp-json\/wp\/v2\/posts\/108175","targetHints":{"allow":["GET"]}}],"collection":[{"href":"https:\/\/www.europesays.com\/no\/wp-json\/wp\/v2\/posts"}],"about":[{"href":"https:\/\/www.europesays.com\/no\/wp-json\/wp\/v2\/types\/post"}],"author":[{"embeddable":true,"href":"https:\/\/www.europesays.com\/no\/wp-json\/wp\/v2\/users\/2"}],"replies":[{"embeddable":true,"href":"https:\/\/www.europesays.com\/no\/wp-json\/wp\/v2\/comments?post=108175"}],"version-history":[{"count":0,"href":"https:\/\/www.europesays.com\/no\/wp-json\/wp\/v2\/posts\/108175\/revisions"}],"wp:featuredmedia":[{"embeddable":true,"href":"https:\/\/www.europesays.com\/no\/wp-json\/wp\/v2\/media\/108176"}],"wp:attachment":[{"href":"https:\/\/www.europesays.com\/no\/wp-json\/wp\/v2\/media?parent=108175"}],"wp:term":[{"taxonomy":"category","embeddable":true,"href":"https:\/\/www.europesays.com\/no\/wp-json\/wp\/v2\/categories?post=108175"},{"taxonomy":"post_tag","embeddable":true,"href":"https:\/\/www.europesays.com\/no\/wp-json\/wp\/v2\/tags?post=108175"}],"curies":[{"name":"wp","href":"https:\/\/api.w.org\/{rel}","templated":true}]}}