{"id":108177,"date":"2025-12-09T08:18:13","date_gmt":"2025-12-09T08:18:13","guid":{"rendered":"https:\/\/www.europesays.com\/no\/108177\/"},"modified":"2025-12-09T08:18:13","modified_gmt":"2025-12-09T08:18:13","slug":"na-er-helseplattform-dommen-her-positiv-utvikling-innherred-no","status":"publish","type":"post","link":"https:\/\/www.europesays.com\/no\/108177\/","title":{"rendered":"N\u00e5 er Helseplattform-\u00abdommen\u00bb her: \u2013 Positiv utvikling &#8211; innherred.no"},"content":{"rendered":"<ol>\n<li><a href=\"https:\/\/news.google.com\/rss\/articles\/CBMiswFBVV95cUxPc3BmSzUxMUh3Yl8yR2luY0dPTGdsOVhHMDJZN0x1YnpGd2VydXVOMTVDc0JrWVd6RHNqbkRKUUZ4cGZaS0NKRi1saWVkcjN0R1NOZ1Q5V2FhLWpUaWNkLW5mSlRIU096NzByQWZWUmh4NUpWR2Q1OG9HMDAwdDQ3UTRPZThZejVEZndGTGx0d05hTjd4Z2dyTF82SjU3UGRCYWhFY1FnV3NSXzFaYnZvX1lTUQ?oc=5\" target=\"_blank\" rel=\"nofollow noopener\">N\u00e5 er Helseplattform-\u00abdommen\u00bb her: \u2013 Positiv utvikling<\/a>&nbsp;&nbsp;innherred.no<\/li>\n<li><a href=\"https:\/\/news.google.com\/rss\/articles\/CBMigAFBVV95cUxQa19WWTF6Wkp1eXNLWGtwYUpVdE5CYkJ4aTcxcDB6QTFGcmg5RGFDRVJManY2Q2x1V3V1Z1VHbmhvVUxvcUJIMUVjZkdpNnpKdzJGTmJnbkk0bWhDWHJ0V0x0RUpHUWNNekZORnlBQmN6SGl2WWl2UktPVFN3c0lGTQ?oc=5\" target=\"_blank\" rel=\"nofollow noopener\">Helseplattformen trues med dagb\u00f8ter \u2013 fant 119 feil<\/a>&nbsp;&nbsp;NRK<\/li>\n<li><a href=\"https:\/\/news.google.com\/rss\/articles\/CBMigAFBVV95cUxOZnZjS081eDVRY1c3SnhIeU9zczhkXzRtbmcxUEtYOUxUTzQ5dW1vYmlWRlJ3Z0JiZUhXZjN6Zkh2enRta0RmaldQQ1lWR3hpVGJmMU9sR3llYUJjMGVBNmF0aDRuNjk2dHFONXFLMlk5dUtZa295TmRITjlZa1VKWg?oc=5\" target=\"_blank\" rel=\"nofollow noopener\">Helseplattforma risikerer dagb\u00f8ter<\/a>&nbsp;&nbsp;rbnett.no<\/li>\n<li><a href=\"https:\/\/news.google.com\/rss\/articles\/CBMisAFBVV95cUxPT0dZUmRocVJNY1NJLVlhSEFiVVkxZnRfX2ppWTFRNDlMcW9LVFNsQ2RTZHEtRmNKaThTZjJHdEl1OEhUbjd6Q2ctc183cEoxT2ZnTTVEQWc1WVNiM3pMdGVxTGNURWF6WWpWRGp4RVpMUXNyRGU3WHo4T2hZN2stZ3BSQWFyczFyajNEandndzl1dTdkRXRJdGRuMXotbmdaM3F0TE5wNFN3NkFhY21wcg?oc=5\" target=\"_blank\" rel=\"nofollow noopener\">Helseplattformen m\u00e5 rette en rekke feil innen ti dager for \u00e5 unng\u00e5 dagb\u00f8ter<\/a>&nbsp;&nbsp;Digi.no<\/li>\n<li><a href=\"https:\/\/news.google.com\/rss\/articles\/CBMivwFBVV95cUxOLUZxSGllOGFVUXQzakhDQWZ5R2NQU0d1dF93cWVGRUJ4MnlVSkg5d2otZ2FMWU9ZX3ljZzE0QWUzNFExaUNMVXVDODVzR3JxTFF5Mm1hTGtFblc0My1nZ29GTU9BNFRiZ0pYSzJZTnh0SUZTYVhBS3QzQlA2Tzl5MnZXenl0V0ZRUEFFWEpVZDY1bkw5aXFuV2FHZkwzc2JCMmVJSXNuWTltSTByc19wRGpWRHE2UHJTRWV2TTBRSQ?oc=5\" target=\"_blank\" rel=\"nofollow noopener\">Rapport: Helseplattforma har hatt negativ verknad p\u00e5 effektiviteten for helsepersonell<\/a>&nbsp;&nbsp;nyss.no<\/li>\n<\/ol>\n","protected":false},"excerpt":{"rendered":"N\u00e5 er Helseplattform-\u00abdommen\u00bb her: \u2013 Positiv utvikling&nbsp;&nbsp;innherred.no Helseplattformen trues med dagb\u00f8ter \u2013 fant 119 feil&nbsp;&nbsp;NRK Helseplattforma risikerer dagb\u00f8ter&nbsp;&nbsp;rbnett.no&hellip;\n","protected":false},"author":2,"featured_media":108178,"comment_status":"","ping_status":"","sticky":false,"template":"","format":"standard","meta":{"footnotes":""},"categories":[5],"tags":[20,21,24,25,15,19,22,23,17,18,13,30,28,29,14,16,26,27],"class_list":{"0":"post-108177","1":"post","2":"type-post","3":"status-publish","4":"format-standard","5":"has-post-thumbnail","7":"category-overskrifter","8":"tag-breaking-news","9":"tag-breakingnews","10":"tag-featured-news","11":"tag-featurednews","12":"tag-headlines","13":"tag-hovedoppslag","14":"tag-latest-news","15":"tag-latestnews","16":"tag-main-news","17":"tag-mainnews","18":"tag-news","19":"tag-no","20":"tag-norge","21":"tag-norway","22":"tag-nyheter","23":"tag-overskrifter","24":"tag-top-stories","25":"tag-topstories"},"share_on_mastodon":{"url":"https:\/\/pubeurope.com\/@no\/115688630091322038","error":""},"_links":{"self":[{"href":"https:\/\/www.europesays.com\/no\/wp-json\/wp\/v2\/posts\/108177","targetHints":{"allow":["GET"]}}],"collection":[{"href":"https:\/\/www.europesays.com\/no\/wp-json\/wp\/v2\/posts"}],"about":[{"href":"https:\/\/www.europesays.com\/no\/wp-json\/wp\/v2\/types\/post"}],"author":[{"embeddable":true,"href":"https:\/\/www.europesays.com\/no\/wp-json\/wp\/v2\/users\/2"}],"replies":[{"embeddable":true,"href":"https:\/\/www.europesays.com\/no\/wp-json\/wp\/v2\/comments?post=108177"}],"version-history":[{"count":0,"href":"https:\/\/www.europesays.com\/no\/wp-json\/wp\/v2\/posts\/108177\/revisions"}],"wp:featuredmedia":[{"embeddable":true,"href":"https:\/\/www.europesays.com\/no\/wp-json\/wp\/v2\/media\/108178"}],"wp:attachment":[{"href":"https:\/\/www.europesays.com\/no\/wp-json\/wp\/v2\/media?parent=108177"}],"wp:term":[{"taxonomy":"category","embeddable":true,"href":"https:\/\/www.europesays.com\/no\/wp-json\/wp\/v2\/categories?post=108177"},{"taxonomy":"post_tag","embeddable":true,"href":"https:\/\/www.europesays.com\/no\/wp-json\/wp\/v2\/tags?post=108177"}],"curies":[{"name":"wp","href":"https:\/\/api.w.org\/{rel}","templated":true}]}}