{"id":108185,"date":"2025-12-09T08:33:56","date_gmt":"2025-12-09T08:33:56","guid":{"rendered":"https:\/\/www.europesays.com\/no\/108185\/"},"modified":"2025-12-09T08:33:56","modified_gmt":"2025-12-09T08:33:56","slug":"nyheter-oslo-oslo-dropper-utskjelt-lysshow-pa-nyttarsaften","status":"publish","type":"post","link":"https:\/\/www.europesays.com\/no\/108185\/","title":{"rendered":"Nyheter, Oslo | Oslo dropper utskjelt lysshow p\u00e5 nytt\u00e5rsaften"},"content":{"rendered":"\n<p>Fordi raketter og fyrverkeri skremmer dyr og forurenser, pr\u00f8vde Oslo kommune p\u00e5 noe nytt i fjor: Nemlig lasershow.<\/p>\n<p>Men mange ble skuffet fordi det var ikke s\u00e5 lett \u00e5 se, blant annet p\u00e5 grunn av sn\u00f8v\u00e6r og ulovlig rakettoppskyting.<\/p>\n<p>I \u00e5r blir det derfor ingen av delene, melder <a href=\"https:\/\/www.aftenposten.no\/oslo\/i\/XMw5wb\/oslo-kommune-dropper-nyttaarsshowet-paa-raadhusplassen\" rel=\"nofollow noopener\" target=\"_blank\">Aftenposten<\/a>.<\/p>\n<p>\u2013 Det er seks \u00e5r siden Oslo kommune sluttet med fyrverkeri p\u00e5 nytt\u00e5rsaften. I fjor pr\u00f8vde vi noe nytt, men det ble dessverre ikke s\u00e5 bra som vi hadde h\u00e5pet. Byr\u00e5det prioriter derfor ikke \u00e5 bruke penger p\u00e5 fyrverkeri eller lasershow p\u00e5 nytt\u00e5rsaften, i en situasjon hvor kommunen m\u00e5 spare mye penger, skriver byr\u00e5dsleder Eirik Lae Solberg (H) i en e-post til avisen.<\/p>\n<p>Videre skriver han at i andre kommuner g\u00e5r n\u00e6ringslivet eller andre akt\u00f8rer sammen om et stort, felles fyrverkeri. Tar noen et slikt initiativ i hovedstaden, er byr\u00e5dslederen i s\u00e5 fall positiv til det.<\/p>\n<p>  <a href=\"https:\/\/www.rb.no\/5-43-2624957\" class=\"related-teaser has-image default-story-teaser article--c-eRUmMG article--c-eRUmMG-jKCPdD-design-default\" rel=\"nofollow noopener\" target=\"_blank\"><\/p>\n<p>    <img decoding=\"async\" loading=\"lazy\"  src=\"https:\/\/www.europesays.com\/no\/wp-content\/uploads\/2025\/12\/IMG_4313.JPG\" alt=\"\" class=\"brick-c-cFOWSL\" style=\"\"\/><\/p>\n<p>\n            Les ogs\u00e5<\/p>\n<p>              Str\u00f8mmen storsenter bytter navn\n        <\/p>\n<p>  <\/a><\/p>\n<p>  <a href=\"https:\/\/www.rb.no\/5-43-2630293\" class=\"related-teaser has-image default-story-teaser article--c-eRUmMG article--c-eRUmMG-jKCPdD-design-default\" rel=\"nofollow noopener\" target=\"_blank\"><\/p>\n<p>    <img decoding=\"async\" loading=\"lazy\"  src=\"https:\/\/www.europesays.com\/no\/wp-content\/uploads\/2025\/12\/c614c3ce-7dcc-45dd-a203-0e8d05fbbd77.jpg\" alt=\"\" class=\"brick-c-cFOWSL\" style=\"\"\/><\/p>\n<p>\n            Les ogs\u00e5<\/p>\n<p>              Brann p\u00e5 Triaden: \u2013 Mye r\u00f8yk\n        <\/p>\n<p>  <\/a><\/p>\n","protected":false},"excerpt":{"rendered":"Fordi raketter og fyrverkeri skremmer dyr og forurenser, pr\u00f8vde Oslo kommune p\u00e5 noe nytt i fjor: Nemlig lasershow.&hellip;\n","protected":false},"author":2,"featured_media":108186,"comment_status":"","ping_status":"","sticky":false,"template":"","format":"standard","meta":{"footnotes":""},"categories":[10],"tags":[36,20,21,24,25,15,22,23,13,30,28,29,14,13381,636,16,1510,26,27],"class_list":{"0":"post-108185","1":"post","2":"type-post","3":"status-publish","4":"format-standard","5":"has-post-thumbnail","7":"category-norge","8":"tag-art","9":"tag-breaking-news","10":"tag-breakingnews","11":"tag-featured-news","12":"tag-featurednews","13":"tag-headlines","14":"tag-latest-news","15":"tag-latestnews","16":"tag-news","17":"tag-no","18":"tag-norge","19":"tag-norway","20":"tag-nyheter","21":"tag-nyttarsaften","22":"tag-oslo","23":"tag-overskrifter","24":"tag-story","25":"tag-top-stories","26":"tag-topstories"},"share_on_mastodon":{"url":"https:\/\/pubeurope.com\/@no\/115688693230758410","error":""},"_links":{"self":[{"href":"https:\/\/www.europesays.com\/no\/wp-json\/wp\/v2\/posts\/108185","targetHints":{"allow":["GET"]}}],"collection":[{"href":"https:\/\/www.europesays.com\/no\/wp-json\/wp\/v2\/posts"}],"about":[{"href":"https:\/\/www.europesays.com\/no\/wp-json\/wp\/v2\/types\/post"}],"author":[{"embeddable":true,"href":"https:\/\/www.europesays.com\/no\/wp-json\/wp\/v2\/users\/2"}],"replies":[{"embeddable":true,"href":"https:\/\/www.europesays.com\/no\/wp-json\/wp\/v2\/comments?post=108185"}],"version-history":[{"count":0,"href":"https:\/\/www.europesays.com\/no\/wp-json\/wp\/v2\/posts\/108185\/revisions"}],"wp:featuredmedia":[{"embeddable":true,"href":"https:\/\/www.europesays.com\/no\/wp-json\/wp\/v2\/media\/108186"}],"wp:attachment":[{"href":"https:\/\/www.europesays.com\/no\/wp-json\/wp\/v2\/media?parent=108185"}],"wp:term":[{"taxonomy":"category","embeddable":true,"href":"https:\/\/www.europesays.com\/no\/wp-json\/wp\/v2\/categories?post=108185"},{"taxonomy":"post_tag","embeddable":true,"href":"https:\/\/www.europesays.com\/no\/wp-json\/wp\/v2\/tags?post=108185"}],"curies":[{"name":"wp","href":"https:\/\/api.w.org\/{rel}","templated":true}]}}