{"id":108187,"date":"2025-12-09T08:35:14","date_gmt":"2025-12-09T08:35:14","guid":{"rendered":"https:\/\/www.europesays.com\/no\/108187\/"},"modified":"2025-12-09T08:35:14","modified_gmt":"2025-12-09T08:35:14","slug":"ein-mann-til-sjukehus-etter-brann-i-leilegheit-i-bergen-siste-nytt-nrk","status":"publish","type":"post","link":"https:\/\/www.europesays.com\/no\/108187\/","title":{"rendered":"Ein mann til sjukehus etter brann i leilegheit i Bergen \u2013 Siste nytt \u2013\u00a0NRK"},"content":{"rendered":"<p>Ein mann er frakta til sjukehus etter at det brann i ei kjellarleilegheit i ei bustadblokk i \u00c5rstad i Bergen natt til tysdag. 28 personar blei evakuerte. Naudetetatane rykte ut p\u00e5 melding klokka 03.18.<\/p>\n<p>\u2013 Det kom d\u00e5 melding om flammar og r\u00f8yk. Me var raskt p\u00e5 staden og fekk starta evakuering, seier operasjonsleiar Steinar Hausvik i Vest politidistrikt.<\/p>\n<p>If\u00f8lgje politiet har mannen f\u00e5tt i seg r\u00f8yk, men var medviten. Det er ukjend kor skadd han er. Klokka 04.02 melde politiet at brannen er sl\u00f8kt.<\/p>\n<p>\u2013 Leilegheita det brann i, er nok ganske utbrend.<\/p>\n<p>Dei fleste av dei evakuerte har f\u00e5tt flytta heim igjen, men det er tre personar som ikkje f\u00e5r returnera til leilegheitene sine no. Politiet opprettar sak. Brannvesenet er igjen og held p\u00e5 med utlufting og restverdisikring.<\/p>\n","protected":false},"excerpt":{"rendered":"Ein mann er frakta til sjukehus etter at det brann i ei kjellarleilegheit i ei bustadblokk i \u00c5rstad&hellip;\n","protected":false},"author":2,"featured_media":108188,"comment_status":"","ping_status":"","sticky":false,"template":"","format":"standard","meta":{"footnotes":""},"categories":[5],"tags":[20,21,24,25,15,19,22,23,17,18,13,30,28,29,14,16,26,27],"class_list":{"0":"post-108187","1":"post","2":"type-post","3":"status-publish","4":"format-standard","5":"has-post-thumbnail","7":"category-overskrifter","8":"tag-breaking-news","9":"tag-breakingnews","10":"tag-featured-news","11":"tag-featurednews","12":"tag-headlines","13":"tag-hovedoppslag","14":"tag-latest-news","15":"tag-latestnews","16":"tag-main-news","17":"tag-mainnews","18":"tag-news","19":"tag-no","20":"tag-norge","21":"tag-norway","22":"tag-nyheter","23":"tag-overskrifter","24":"tag-top-stories","25":"tag-topstories"},"share_on_mastodon":{"url":"https:\/\/pubeurope.com\/@no\/115688696958480372","error":""},"_links":{"self":[{"href":"https:\/\/www.europesays.com\/no\/wp-json\/wp\/v2\/posts\/108187","targetHints":{"allow":["GET"]}}],"collection":[{"href":"https:\/\/www.europesays.com\/no\/wp-json\/wp\/v2\/posts"}],"about":[{"href":"https:\/\/www.europesays.com\/no\/wp-json\/wp\/v2\/types\/post"}],"author":[{"embeddable":true,"href":"https:\/\/www.europesays.com\/no\/wp-json\/wp\/v2\/users\/2"}],"replies":[{"embeddable":true,"href":"https:\/\/www.europesays.com\/no\/wp-json\/wp\/v2\/comments?post=108187"}],"version-history":[{"count":0,"href":"https:\/\/www.europesays.com\/no\/wp-json\/wp\/v2\/posts\/108187\/revisions"}],"wp:featuredmedia":[{"embeddable":true,"href":"https:\/\/www.europesays.com\/no\/wp-json\/wp\/v2\/media\/108188"}],"wp:attachment":[{"href":"https:\/\/www.europesays.com\/no\/wp-json\/wp\/v2\/media?parent=108187"}],"wp:term":[{"taxonomy":"category","embeddable":true,"href":"https:\/\/www.europesays.com\/no\/wp-json\/wp\/v2\/categories?post=108187"},{"taxonomy":"post_tag","embeddable":true,"href":"https:\/\/www.europesays.com\/no\/wp-json\/wp\/v2\/tags?post=108187"}],"curies":[{"name":"wp","href":"https:\/\/api.w.org\/{rel}","templated":true}]}}