{"id":108193,"date":"2025-12-09T08:51:57","date_gmt":"2025-12-09T08:51:57","guid":{"rendered":"https:\/\/www.europesays.com\/no\/108193\/"},"modified":"2025-12-09T08:51:57","modified_gmt":"2025-12-09T08:51:57","slug":"imdi-flyktninger-kommuner-nekter-a-ta-imot-flere-flyktninger-bykle-sier-nei-til-fem","status":"publish","type":"post","link":"https:\/\/www.europesays.com\/no\/108193\/","title":{"rendered":"IMDI, Flyktninger | Kommuner nekter \u00e5 ta imot flere flyktninger: Bykle sier nei til fem"},"content":{"rendered":"\n<p>N\u00e5r selv de r\u00f8dgr\u00f8nne begrenser seg til 100 kvoteflyktninger, begynner det rakne for asylinstituttet.<\/p>\n<p>N\u00e5 kommer nyheten om at landets rikeste kommune, Bykle, takker nei til \u00e5 bosette fem flyktninger.<\/p>\n<p>\u2013 Arbeidsmarkedet i kommunen er avgrensede, med f\u00e5 ledige stillinger og mye sesongarbeid. Det er lite kompatibelt med bosetting av flere flyktninger, <a href=\"https:\/\/utgave.vl.no\/p\/vart-land\/2025-12-09\/a\/norges-rikeste-kommune-sier-nei-til-flyktninger\/81\/2061276\/68079856\" rel=\"Follow nofollow noopener\" target=\"_blank\">skriver kommunedirekt\u00f8r Karina Sloth p\u00e5 en e-post til V\u00e5rt Land<\/a>.<\/p>\n<p><b>F\u00e5 varslinger for hver Nett p\u00e5 sak i Nettavisen-appen til <a href=\"https:\/\/apps.apple.com\/no\/app\/nettavisen-iphone-edition\/id395673519\" rel=\"noopener noreferrer nofollow\" target=\"_blank\">iPhone <\/a>og <a href=\"https:\/\/play.google.com\/store\/apps\/details?id=no.nettavisen.phonegap.na\" rel=\"noopener noreferrer nofollow\" target=\"_blank\">Android<\/a>.<\/b><\/p>\n<p>Bykle ligger \u00f8verst i Setesdal og har dr\u00f8yt 1.000 innbyggere. Den er sterkt finansiert av elektrisitet og vannkraft er kommunens viktigste inntektskilde. Bykle har lenge v\u00e6rt regnet som landets rikeste kommune.<\/p>\n<p>N\u00e5 sier den ene kommunen etter den andre nei til foresp\u00f8rsler om \u00e5 bosette flere flyktninger. Mange av dem har d\u00e5rlig \u00f8konomi, men det er ikke tilfelle for kraftkommunen Bykle: \u2013 Bykle kommune har en solid \u00f8konomi og et handlingsrom som mange andre misunner oss, <a href=\"https:\/\/bykle.kommune.no\/_f\/p1\/ia507d3c1-53bf-433f-9117-6eb00ce08f60\/ole-birger-sitt-kommunedirektorens-framlegg-budsjett-2026-og-okonomiplan-2026-2029-1.pdf\" rel=\"Follow nofollow noopener\" target=\"_blank\">heter det i forordet Karina Sloth skrev til kommunens \u00f8konomiplan<\/a>, datert 27. oktober 2025.<\/p>\n<p>            Kvoteflyktninger og overf\u00f8ringsflyktninger<\/p>\n<p>En <b>kvoteflyktning<\/b>, ogs\u00e5 kalt <b>overf\u00f8ringsflyktning<\/b>, er en person som er anerkjent som flyktning av FNs h\u00f8ykommiss\u00e6r for flyktninger (<a href=\"https:\/\/www.unhcr.org\/neu\/no\/om-oss\/unchrs-historie\" rel=\"noopener nofollow\" target=\"_blank\">UNHCR<\/a>) og som deretter blir overf\u00f8rt for bosetting i et tredje land, som Norge. <\/p>\n<p>Slik fungerer ordningen:<\/p>\n<ul>\n<li><b>Definisjon:<\/b> Dette er flyktninger som verken kan returnere til hjemlandet sitt eller integreres permanent i det f\u00f8rste landet de flyktet til. Den eneste varige l\u00f8sningen for dem er overf\u00f8ring til et nytt land.<\/li>\n<li><b>Prosess:<\/b> UNHCR fremmer s\u00f8knaden deres til land som Norge. Norske myndigheter, representert ved Utlendingsdirektoratet (<a href=\"https:\/\/www.udi.no\/ord-og-begreper\/overforingsflyktninger\/\" rel=\"noopener nofollow\" target=\"_blank\">UDI<\/a>) og Integrerings- og mangfoldsdirektoratet (IMDi), vurderer s\u00f8knadene og beslutter hvem som f\u00e5r komme.<\/li>\n<li><b>Forskjell fra asyls\u00f8ker:<\/b> I motsetning til asyls\u00f8kere, som ankommer Norge p\u00e5 egen h\u00e5nd og s\u00f8ker beskyttelse her, er kvoteflyktninger allerede innvilget flyktningstatus f\u00f8r ankomst til Norge.<\/li>\n<li><b>Kvote:<\/b> Norge fastsetter en \u00e5rlig kvote for hvor mange overf\u00f8ringsflyktninger som tas imot. Dette antallet vedtas politisk og varierer fra \u00e5r til \u00e5r. For eksempel var kvoten for 2025 satt til 500 personer. <\/li>\n<\/ul>\n<p>Kilde: Google Gemini<\/p>\n<p>Trenger \u00e5 bosette 13.000 flyktninger<\/p>\n<p>Appetitten for \u00e5 ta imot nye kvoteflyktninger har falt dramatisk for statsminister Jonas Gahr St\u00f8re:<\/p>\n<ul>\n<li>2022: 3000 kvoteflyktninger<\/li>\n<li>2023: 2000 kvoteflyktninger<\/li>\n<li>2024: 1000 kvoteflyktninger<\/li>\n<li>2025: 500 kvoteflyktninger<\/li>\n<li>2026: 100 kvoteflyktninger<\/li>\n<\/ul>\n<p>Det er i \u00e5r ti \u00e5r siden Jonas Gahr St\u00f8re \u00f8nsket at Arbeiderpartiet skulle f\u00e5 Stortinget med p\u00e5 \u00e5 presse regjeringen til \u00e5 ta imot mange flere: \u2013 Norge b\u00f8r \u00e5pne for \u00e5 ta imot til sammen 10.000 syriske flyktninger \u2013 5000 i \u00e5r og 5000 neste \u00e5r, <a href=\"https:\/\/www.nrk.no\/norge\/store_-_-norge-bor-ta-imot-10.000-syrere-1.12312042\" rel=\"Follow nofollow noopener\" target=\"_blank\">sa han til applaus fra landsm\u00f8tet<\/a>.<\/p>\n<p>N\u00e5 er det nye tider og nye toner.<\/p>\n<p>100.000 fra Ukraina<\/p>\n<p>Mens antallet kvoteflyktninger strupes, s\u00e5 har grensene v\u00e6rt \u00e5pne for flyktninger fra Ukraina. Til n\u00e5 har Norge tatt imot rundt 100.000 fra det krigsherjede landet.<\/p>\n<p><b><a href=\"https:\/\/www.imdi.no\/bosetting\/bosettingstall\/nokkeltall-bosetting-2025\/\" rel=\"Follow nofollow noopener\" target=\"_blank\">Her kan du se hvor mange din kommune har vedtatt \u00e5 bosette i 2025.<\/a><\/b><\/p>\n<p>Og flommen er ikke over: Integrerings- og mangfoldsdirektoratet ber kommunene ta imot 13.000 flyktninger til neste \u00e5r.<\/p>\n<p>   <img decoding=\"async\" width=\"5000\" height=\"3333\" fetchpriority=\"low\"  loading=\"lazy\"  src=\"https:\/\/www.europesays.com\/no\/wp-content\/uploads\/2025\/12\/Direkt%C3%B8r+Libe+Rieber-Mohn.jpg\" alt=\"Portrett IMDi-direkt\u00f8r Libe Rieber-Mohn\" class=\"brick-c-cFOWSL\" style=\"--brick-image-ratio: 5000 \/ 3333;\"\/><\/p>\n<p>      BER OM 13.000: IMDi-direkt\u00f8r Libe Rieber-Mohn ber kommunene bosette 13.000 flyktninger neste \u00e5r.<br \/>\n      Foto: Erik Thallaug, IMDi\n    <\/p>\n<p>\u2013 Norge har aldri tidligere tatt imot s\u00e5 mange flyktninger i l\u00f8pet av noen f\u00e5 \u00e5r. Det har vi f\u00e5tt til takket v\u00e6re den gode innsatsen som gj\u00f8res i landets kommuner \u2013 b\u00e5de med \u00e5 skaffe folk boliger og la dem bli en del av lokalsamfunnet, sier Libe Rieber-Mohn, direkt\u00f8r i IMDi.<\/p>\n<p>Nei fra kommuner i hele landet<\/p>\n<p>De r\u00f8dgr\u00f8nne st\u00f8ttepartiene MDG, R\u00f8dt og SV vil egentlig ta imot 5.000 kvoteflyktninger i tillegg til vanlige asyls\u00f8kere og flyktninger fra Ukraina.<\/p>\n<p>Men n\u00e5 sier stadig flere kommuner nei til \u00e5 bosette flere:<\/p>\n<p>Og s\u00e5nn fortsetter listen. If\u00f8lge V\u00e5rt Land har i alt 13 kommuner sagt nei.<\/p>\n<p>Kommunene har frist til februar, men listen over nei-kommuner blir et problem hvis ikke kommunene tar imot flyktninger frivillig.<\/p>\n<p>IMDi forteller at <a href=\"https:\/\/kommunikasjon.ntb.no\/pressemelding\/18702335\/ber-kommunene-bosette-13-000-flyktninger-i-2026?lang=no&amp;publisherId=89626&amp;utm_source=chatgpt.com\" rel=\"Follow nofollow noopener\" target=\"_blank\">prognosen er et regnestykke med tre hovedtall<\/a>: hvor mange flyktninger en regner med vil komme til Norge, hvor mange som forventes \u00e5 f\u00e5 innvilget opphold, og antall kvoteflyktninger (overf\u00f8ringsflyktninger) som vedtas av Stortinget.<\/p>\n<p><b>Har du meninger om denne saken? Da kan du kommentere i <a href=\"https:\/\/www.nettavisen.no\/api\/amediacomments\/frontend\/nacomment\/comments-frontend\/comments\/?v=1.0#\/comment\/?url=%2F%2Fwww.nettavisen.no%2F5-95-2709964&amp;scope=www.nettavisen.no&amp;publication=www.nettavisen.no\" rel=\"Follow nofollow noopener\" target=\"_blank\">kommentarfeltet her<\/a>.<\/b><\/p>\n","protected":false},"excerpt":{"rendered":"N\u00e5r selv de r\u00f8dgr\u00f8nne begrenser seg til 100 kvoteflyktninger, begynner det rakne for asylinstituttet. N\u00e5 kommer nyheten om&hellip;\n","protected":false},"author":2,"featured_media":108194,"comment_status":"","ping_status":"","sticky":false,"template":"","format":"standard","meta":{"footnotes":""},"categories":[5],"tags":[20,21,24,25,15,19,22,23,17,18,13,30,28,29,14,16,26,27],"class_list":{"0":"post-108193","1":"post","2":"type-post","3":"status-publish","4":"format-standard","5":"has-post-thumbnail","7":"category-overskrifter","8":"tag-breaking-news","9":"tag-breakingnews","10":"tag-featured-news","11":"tag-featurednews","12":"tag-headlines","13":"tag-hovedoppslag","14":"tag-latest-news","15":"tag-latestnews","16":"tag-main-news","17":"tag-mainnews","18":"tag-news","19":"tag-no","20":"tag-norge","21":"tag-norway","22":"tag-nyheter","23":"tag-overskrifter","24":"tag-top-stories","25":"tag-topstories"},"share_on_mastodon":{"url":"https:\/\/pubeurope.com\/@no\/115688763998100738","error":""},"_links":{"self":[{"href":"https:\/\/www.europesays.com\/no\/wp-json\/wp\/v2\/posts\/108193","targetHints":{"allow":["GET"]}}],"collection":[{"href":"https:\/\/www.europesays.com\/no\/wp-json\/wp\/v2\/posts"}],"about":[{"href":"https:\/\/www.europesays.com\/no\/wp-json\/wp\/v2\/types\/post"}],"author":[{"embeddable":true,"href":"https:\/\/www.europesays.com\/no\/wp-json\/wp\/v2\/users\/2"}],"replies":[{"embeddable":true,"href":"https:\/\/www.europesays.com\/no\/wp-json\/wp\/v2\/comments?post=108193"}],"version-history":[{"count":0,"href":"https:\/\/www.europesays.com\/no\/wp-json\/wp\/v2\/posts\/108193\/revisions"}],"wp:featuredmedia":[{"embeddable":true,"href":"https:\/\/www.europesays.com\/no\/wp-json\/wp\/v2\/media\/108194"}],"wp:attachment":[{"href":"https:\/\/www.europesays.com\/no\/wp-json\/wp\/v2\/media?parent=108193"}],"wp:term":[{"taxonomy":"category","embeddable":true,"href":"https:\/\/www.europesays.com\/no\/wp-json\/wp\/v2\/categories?post=108193"},{"taxonomy":"post_tag","embeddable":true,"href":"https:\/\/www.europesays.com\/no\/wp-json\/wp\/v2\/tags?post=108193"}],"curies":[{"name":"wp","href":"https:\/\/api.w.org\/{rel}","templated":true}]}}