{"id":108216,"date":"2025-12-09T09:21:11","date_gmt":"2025-12-09T09:21:11","guid":{"rendered":"https:\/\/www.europesays.com\/no\/108216\/"},"modified":"2025-12-09T09:21:11","modified_gmt":"2025-12-09T09:21:11","slug":"hadde-vaert-veldig-goy","status":"publish","type":"post","link":"https:\/\/www.europesays.com\/no\/108216\/","title":{"rendered":"\u2013 Hadde v\u00e6rt veldig g\u00f8y"},"content":{"rendered":"\n<p class=\"_lead_o9xde_2 _lead_xtcu6_50 layout-component text-serif-m layout-normal text-serif-l layout-component layout-wide layout-padded _wide_17hqh_1 layout-padded\">Den norske kongefamilien kan bli \u00e5 se p\u00e5 tribunene under Norges kamper i fotball-VM.<\/p>\n<ul class=\"_gallery_1qa3s_23\" tabindex=\"0\">\n<li class=\"_item_1qa3s_37\" data-index=\"0\"><img fetchpriority=\"high\" decoding=\"async\" class=\"_image_foru8_23 _introGallery_foru8_43\" data-fullscreen- width=\"5888\" height=\"3928\" itemprop=\"image\" loading=\"eager\"  src=\"https:\/\/www.europesays.com\/no\/wp-content\/uploads\/2025\/12\/ab5053d7-5cf8-43c1-a767-b9b4a9606dd8\"  style=\"object-position:50% 50%;aspect-ratio:var(--gallery-aspect-ratio, 16 \/ 9)\"\/>Kronprins Haakon og prinsesse Ingrid Alexandra p\u00e5 brislingtokt i Oslofjorden sammen med forskere fra Havforskningsinstituttet.<br \/>\nFoto: Heiko Junge \/ NTB \/ POOL<\/li>\n<li class=\"_item_1qa3s_37\" data-index=\"1\"><img decoding=\"async\" class=\"_image_foru8_23 _introGallery_foru8_43\" data-fullscreen- width=\"800\" height=\"533\" itemprop=\"image\" loading=\"lazy\"  src=\"https:\/\/www.europesays.com\/no\/wp-content\/uploads\/2025\/12\/ab728795-d4a5-4254-afee-ccb0c21f793d\"  style=\"object-position:50% 50%;aspect-ratio:var(--gallery-aspect-ratio, 16 \/ 9)\"\/>Kongefamilien har flere ganger v\u00e6rt \u00e5 se p\u00e5 Ullevaal stadion i VM-kvalifiseringen.<br \/>\nFoto: Erik Flaaris Johansen \/ NTB<\/li>\n<\/ul>\n<p>Kronprins Haakon og prinsesse Ingrid Alexandra p\u00e5 brislingtokt i Oslofjorden sammen med forskere fra Havforskningsinstituttet.<br \/>\nFoto: Heiko Junge \/ NTB \/ POOL<\/p>\n<ul aria-hidden=\"true\" class=\"_images_ntbth_112\">\n<li><a class=\"_link_ntbth_117\" href=\"https:\/\/www.vg.no\/forfatter\/ntb\" style=\"z-index:1\" title=\"NTB\" rel=\"nofollow noopener\" target=\"_blank\"><img alt=\"Bilde av NTB\" class=\"_image_ntbth_93\" fetchpriority=\"low\" loading=\"lazy\" decoding=\"async\" itemprop=\"image\"  src=\"https:\/\/www.europesays.com\/no\/wp-content\/uploads\/2025\/12\/1765272071_969_c33980b0-5d07-4027-84a1-813f90a7c8d6\"  width=\"480\"\/><\/a><\/li>\n<\/ul>\n<p> Oppdatert tirsdag 9. desember kl. 07:47     <\/p>\n<p class=\"_paragraph_o9xde_4 _paragraph_xtcu6_10 layout-component text-serif-m layout-normal text-serif-m layout-padded\">Det forteller kronprins Haakon til NTB. Han sier at det enn\u00e5 ikke er bestemt om representanter fra kongehuset skal reise til USA for \u00e5 f\u00f8lge de norske fotballherrene til sommeren.<\/p>\n<p class=\"_paragraph_o9xde_4 _paragraph_xtcu6_10 layout-component text-serif-m layout-normal text-serif-m layout-padded\">\u2013 Det hadde v\u00e6rt veldig g\u00f8y. Den avgj\u00f8relsen har vi ikke tatt helt enn\u00e5, men det hadde v\u00e6rt veldig morsomt, ja, sier kronprinsen og legger til:<\/p>\n<p class=\"_paragraph_o9xde_4 _paragraph_xtcu6_10 layout-component text-serif-m layout-normal text-serif-m layout-padded\">\u2013 Det er g\u00f8y \u00e5 f\u00f8lge dem n\u00e5, alts\u00e5. Og fram mot VM og i VM, det kommer til \u00e5 bli veldig g\u00f8y.<\/p>\n<p class=\"_paragraph_o9xde_4 _paragraph_xtcu6_10 layout-component text-serif-m layout-normal text-serif-m layout-padded\">Kronprins Haakon deltok mandag p\u00e5 Havforskningsinstituttets brislingtokt sammen med datteren Ingrid Alexandra. Ogs\u00e5 prinsessen synes det er stas at Erling Braut Haaland og co. har spilt seg til VM.<\/p>\n<p class=\"_paragraph_o9xde_4 _paragraph_xtcu6_10 layout-component text-serif-m layout-normal text-serif-m layout-padded\">\u2013 Ja. Vi er stolte, sier hun.<\/p>\n<p class=\"_paragraph_o9xde_4 _paragraph_xtcu6_10 layout-component text-serif-m layout-normal text-serif-m layout-padded\">Norge starter gruppespillet i VM 16. juni og skal spille sine kamper der i Foxborough (Boston) og East Rutherford (New York\/New Jersey) p\u00e5 den amerikanske \u00f8stkysten.<\/p>\n<p class=\"_paragraph_o9xde_4 _paragraph_xtcu6_10 layout-component text-serif-m layout-normal text-serif-m layout-padded\">Frankrike og Senegal er klare som norske motstandere. Det siste laget blir enten Bolivia, Irak eller Surinam. Det avgj\u00f8res i mars.<\/p>\n","protected":false},"excerpt":{"rendered":"Den norske kongefamilien kan bli \u00e5 se p\u00e5 tribunene under Norges kamper i fotball-VM. Kronprins Haakon og prinsesse&hellip;\n","protected":false},"author":2,"featured_media":108217,"comment_status":"","ping_status":"","sticky":false,"template":"","format":"standard","meta":{"footnotes":""},"categories":[59],"tags":[30,28,29,83,82],"class_list":{"0":"post-108216","1":"post","2":"type-post","3":"status-publish","4":"format-standard","5":"has-post-thumbnail","7":"category-sport","8":"tag-no","9":"tag-norge","10":"tag-norway","11":"tag-sport","12":"tag-sports"},"share_on_mastodon":{"url":"https:\/\/pubeurope.com\/@no\/115688878006389821","error":""},"_links":{"self":[{"href":"https:\/\/www.europesays.com\/no\/wp-json\/wp\/v2\/posts\/108216","targetHints":{"allow":["GET"]}}],"collection":[{"href":"https:\/\/www.europesays.com\/no\/wp-json\/wp\/v2\/posts"}],"about":[{"href":"https:\/\/www.europesays.com\/no\/wp-json\/wp\/v2\/types\/post"}],"author":[{"embeddable":true,"href":"https:\/\/www.europesays.com\/no\/wp-json\/wp\/v2\/users\/2"}],"replies":[{"embeddable":true,"href":"https:\/\/www.europesays.com\/no\/wp-json\/wp\/v2\/comments?post=108216"}],"version-history":[{"count":0,"href":"https:\/\/www.europesays.com\/no\/wp-json\/wp\/v2\/posts\/108216\/revisions"}],"wp:featuredmedia":[{"embeddable":true,"href":"https:\/\/www.europesays.com\/no\/wp-json\/wp\/v2\/media\/108217"}],"wp:attachment":[{"href":"https:\/\/www.europesays.com\/no\/wp-json\/wp\/v2\/media?parent=108216"}],"wp:term":[{"taxonomy":"category","embeddable":true,"href":"https:\/\/www.europesays.com\/no\/wp-json\/wp\/v2\/categories?post=108216"},{"taxonomy":"post_tag","embeddable":true,"href":"https:\/\/www.europesays.com\/no\/wp-json\/wp\/v2\/tags?post=108216"}],"curies":[{"name":"wp","href":"https:\/\/api.w.org\/{rel}","templated":true}]}}