{"id":108218,"date":"2025-12-09T09:25:09","date_gmt":"2025-12-09T09:25:09","guid":{"rendered":"https:\/\/www.europesays.com\/no\/108218\/"},"modified":"2025-12-09T09:25:09","modified_gmt":"2025-12-09T09:25:09","slug":"mattilsynet-reker-fra-vietnam-tilbakekalles","status":"publish","type":"post","link":"https:\/\/www.europesays.com\/no\/108218\/","title":{"rendered":"Mattilsynet: Reker fra Vietnam tilbakekalles"},"content":{"rendered":"\n<p class=\"_lead_o9xde_2 _lead_xtcu6_50 layout-component text-serif-m layout-normal text-serif-l layout-component layout-wide layout-padded _wide_17hqh_1 layout-padded\">Freshline AS tilbakekaller frosne, r\u00e5 vannameireker fra Vietnam etter funn av leukomalakittgr\u00f8nt, opplyser Mattilsynet.<\/p>\n<p><img alt=\"Freshline AS kaller tilbake frosne, r\u00e5 vannameireker i pose.   Foto: Mattilsynet \/ Handout \/ NTB\" class=\"_image_qp4xg_65 layout-component layout-wide\" data-fullscreen- data-track-element-type=\"Article image fullscreen\" data-track-name=\"ImageFullscreen\" fetchpriority=\"high\" decoding=\"sync\" loading=\"eager\" height=\"1129\" itemprop=\"image\"  src=\"https:\/\/www.europesays.com\/no\/wp-content\/uploads\/2025\/12\/cdd2d055-5a0a-4a18-bdfe-54e22f95ae1f\"  style=\"object-position:0% 0%\" width=\"768\"\/>Freshline AS kaller tilbake frosne, r\u00e5 vannameireker i pose.   Foto: Mattilsynet \/ Handout \/ NTB<\/p>\n<ul aria-hidden=\"true\" class=\"_images_ntbth_112\">\n<li><a class=\"_link_ntbth_117\" href=\"https:\/\/www.vg.no\/forfatter\/ntb\" style=\"z-index:1\" title=\"NTB\" rel=\"nofollow noopener\" target=\"_blank\"><img alt=\"Bilde av NTB\" class=\"_image_ntbth_93\" fetchpriority=\"low\" loading=\"lazy\" decoding=\"async\" itemprop=\"image\"  src=\"https:\/\/www.europesays.com\/no\/wp-content\/uploads\/2025\/12\/1765272309_695_c33980b0-5d07-4027-84a1-813f90a7c8d6\"  width=\"480\"\/><\/a><\/li>\n<\/ul>\n<p> Oppdatert tirsdag 9. desember kl. 10:00     <\/p>\n<p class=\"_paragraph_o9xde_4 _paragraph_xtcu6_10 layout-component text-serif-m layout-normal text-serif-m layout-padded\">Posene inneholder reker med skall, uten hode, og er solgt i ulike rekest\u00f8rrelser. <\/p>\n<p class=\"_paragraph_o9xde_4 _paragraph_xtcu6_10 layout-component text-serif-m layout-normal text-serif-m layout-padded\">Produktet er merket \u00abEast Coast Whiteleg Shrimps\u00bb, med best f\u00f8r datoer 15\/10\/2026 og 16\/10\/2026. Produktet er solgt til frittst\u00e5ende dagligvarebutikker i S\u00f8r- og Midt-Norge, <a href=\"https:\/\/www.mattilsynet.no\/tilbakekallinger\/freshline-as-tilbakekaller-vannameireker-fra-vietnam-etter-funn-av-leukomalakittgront\" class=\"_link_o9xde_39\" rel=\"nofollow noopener\" target=\"_blank\">opplyser <\/a> Mattilsynet tirsdag. <\/p>\n<p class=\"_paragraph_o9xde_4 _paragraph_xtcu6_10 layout-component text-serif-m layout-normal text-serif-m layout-padded\">Leukomalakittgr\u00f8ntLeukomalakittgr\u00f8ntLeukomalakittgr\u00f8nt er et stoff som forhindrer vekst av mange bakterier. ble p\u00e5vist i forbindelse med Mattilsynets overv\u00e5kingsprogram for sj\u00f8mat.<\/p>\n<p class=\"_paragraph_o9xde_4 _paragraph_xtcu6_10 layout-component text-serif-m layout-normal text-serif-m layout-padded\">Stoffet kan gjenfinnes i skalldyr og fisk som har blitt behandlet med fargestoffet malakittgr\u00f8nt mot soppsykdom eller parasitter, eller n\u00e5r utstyr har blitt desinfisert med stoffet, opplyses det. <\/p>\n<p class=\"_paragraph_o9xde_4 _paragraph_xtcu6_10 layout-component text-serif-m layout-normal text-serif-m layout-padded\">\u2013 Malakittgr\u00f8nt er ikke tillatt \u00e5 benytte p\u00e5 matproduserende dyr i EU, men benyttes i enkelte andre land. Malakittgr\u00f8nt er forbudt brukt i EU da studier viser at stoffet kan medf\u00f8re helsefare for mennesker, skriver Mattilsynet.<\/p>\n<p class=\"_paragraph_o9xde_4 _paragraph_xtcu6_10 layout-component text-serif-m layout-normal text-serif-m layout-padded\">Freshline AS importerte det aktuelle varepartiet i mai 2025. De har varslet sine butikkunder og satt i gang tilbaketrekking. <\/p>\n<p class=\"_paragraph_o9xde_4 _paragraph_xtcu6_10 layout-component text-serif-m layout-normal text-serif-m layout-padded\"><strong class=\"_strong_o9xde_25\">Forbrukere som har kj\u00f8pt produktet, blir bedt om \u00e5 levere det tilbake til butikken eller kaste det.<\/strong><\/p>\n","protected":false},"excerpt":{"rendered":"Freshline AS tilbakekaller frosne, r\u00e5 vannameireker fra Vietnam etter funn av leukomalakittgr\u00f8nt, opplyser Mattilsynet. Freshline AS kaller tilbake&hellip;\n","protected":false},"author":2,"featured_media":108219,"comment_status":"","ping_status":"","sticky":false,"template":"","format":"standard","meta":{"footnotes":""},"categories":[12],"tags":[20,21,24,25,15,22,23,13,30,28,29,14,16,26,27,42,43,44,45],"class_list":{"0":"post-108218","1":"post","2":"type-post","3":"status-publish","4":"format-standard","5":"has-post-thumbnail","7":"category-verden","8":"tag-breaking-news","9":"tag-breakingnews","10":"tag-featured-news","11":"tag-featurednews","12":"tag-headlines","13":"tag-latest-news","14":"tag-latestnews","15":"tag-news","16":"tag-no","17":"tag-norge","18":"tag-norway","19":"tag-nyheter","20":"tag-overskrifter","21":"tag-top-stories","22":"tag-topstories","23":"tag-verden","24":"tag-world","25":"tag-world-news","26":"tag-worldnews"},"share_on_mastodon":{"url":"https:\/\/pubeurope.com\/@no\/115688894073409883","error":""},"_links":{"self":[{"href":"https:\/\/www.europesays.com\/no\/wp-json\/wp\/v2\/posts\/108218","targetHints":{"allow":["GET"]}}],"collection":[{"href":"https:\/\/www.europesays.com\/no\/wp-json\/wp\/v2\/posts"}],"about":[{"href":"https:\/\/www.europesays.com\/no\/wp-json\/wp\/v2\/types\/post"}],"author":[{"embeddable":true,"href":"https:\/\/www.europesays.com\/no\/wp-json\/wp\/v2\/users\/2"}],"replies":[{"embeddable":true,"href":"https:\/\/www.europesays.com\/no\/wp-json\/wp\/v2\/comments?post=108218"}],"version-history":[{"count":0,"href":"https:\/\/www.europesays.com\/no\/wp-json\/wp\/v2\/posts\/108218\/revisions"}],"wp:featuredmedia":[{"embeddable":true,"href":"https:\/\/www.europesays.com\/no\/wp-json\/wp\/v2\/media\/108219"}],"wp:attachment":[{"href":"https:\/\/www.europesays.com\/no\/wp-json\/wp\/v2\/media?parent=108218"}],"wp:term":[{"taxonomy":"category","embeddable":true,"href":"https:\/\/www.europesays.com\/no\/wp-json\/wp\/v2\/categories?post=108218"},{"taxonomy":"post_tag","embeddable":true,"href":"https:\/\/www.europesays.com\/no\/wp-json\/wp\/v2\/tags?post=108218"}],"curies":[{"name":"wp","href":"https:\/\/api.w.org\/{rel}","templated":true}]}}