{"id":108220,"date":"2025-12-09T09:26:16","date_gmt":"2025-12-09T09:26:16","guid":{"rendered":"https:\/\/www.europesays.com\/no\/108220\/"},"modified":"2025-12-09T09:26:16","modified_gmt":"2025-12-09T09:26:16","slug":"politiet-gir-bot-for-bruk-av-blyhagl-i-jakt","status":"publish","type":"post","link":"https:\/\/www.europesays.com\/no\/108220\/","title":{"rendered":"Politiet gir bot for bruk av blyhagl i jakt"},"content":{"rendered":"\n<ul class=\"_list_o9xde_3 _list_64s2r_85 _unordered_o9xde_106 text-sans-m\">\n<li class=\"_item_o9xde_30\">Jegere risikerer n\u00e5 b\u00f8ter p\u00e5 flere tusen kroner for bruk av blyhagl.<\/li>\n<li class=\"_item_o9xde_30\">Den f\u00f8rste boten p\u00e5 8000 kroner ble utstedt i Steinkjer i september.<\/li>\n<li class=\"_item_o9xde_30\">Jegere reagerer p\u00e5 at til tross for forbudet, er det fortsatt lov \u00e5 kj\u00f8pe blyhagl.<\/li>\n<li class=\"_item_o9xde_30\">Forbudet gjelder alle v\u00e5tmarker, men i praksis gjelder det hele landet.<\/li>\n<li class=\"_item_o9xde_30\">Blyhagl har v\u00e6rt lovlig \u00e5 kj\u00f8pe, men har n\u00e5 et forbud mot bruk.<\/li>\n<li class=\"_item_o9xde_30\">If\u00f8lge Milj\u00f8direktoratet skal forbudet verne dyr og milj\u00f8 mot bly.<\/li>\n<li class=\"_item_o9xde_30\">Jegere mener at forbudet vil f\u00f8re til mindre human jakt, med mer skadeskutte dyr.<\/li>\n<\/ul>\n<p>Vis mer <\/p>\n<p class=\"_paragraph_o9xde_4 _paragraph_xtcu6_10 layout-component text-serif-m layout-normal text-serif-m layout-padded\">Til n\u00e5 har jegere som brukte patroner med blyhagl sluppet unna med tilsnakk \u2013 til tross for et EU-forbud fra 2023. EU-direktivet gj\u00f8r det ulovlig \u00e5 ha med seg blyhagl i omr\u00e5der som regnes som v\u00e5tmark. <\/p>\n<p class=\"_paragraph_o9xde_4 _paragraph_xtcu6_10 layout-component text-serif-m layout-normal text-serif-m layout-padded\">Form\u00e5let med forbudet er tydelig: <\/p>\n<p class=\"_paragraph_o9xde_4 _paragraph_xtcu6_10 layout-component text-serif-m layout-normal text-serif-m layout-padded\">Blyhagl forurenser milj\u00f8et og er giftig for b\u00e5de mennesker og dyr. <\/p>\n<p class=\"_paragraph_o9xde_4 _paragraph_xtcu6_10 layout-component text-serif-m layout-normal text-serif-m layout-padded\"><strong class=\"_strong_o9xde_25\">\u2013 Fra oppstart av jakten i \u00e5r forutsettes det at jegere er kjent med forbudet, sier Halvor Kongsmo, milj\u00f8krimkoordinator i politiet, til VG.<\/strong><\/p>\n<p><img alt=\"Regelverket forbyr ogs\u00e5 \u00e5 b\u00e6re blyhagl mellom omr\u00e5der.  Foto: Christian Fredrik Kolvik\" class=\"_image_qp4xg_65 layout-component layout-normal\" data-fullscreen- data-track-element-type=\"Article image fullscreen\" data-track-name=\"ImageFullscreen\" decoding=\"async\" loading=\"lazy\" height=\"4284\" itemprop=\"image\"  src=\"https:\/\/www.europesays.com\/no\/wp-content\/uploads\/2025\/12\/be69a5dd-bdba-4df6-a93e-bd7b4bd62ede\"  style=\"object-position:0% 0%\" width=\"5712\"\/>Regelverket forbyr ogs\u00e5 \u00e5 b\u00e6re blyhagl mellom omr\u00e5der.  Foto: Christian Fredrik Kolvik<\/p>\n<p class=\"_paragraph_o9xde_4 _paragraph_xtcu6_10 layout-component text-serif-m layout-normal text-serif-m layout-padded\">Hittil har politiet gitt r\u00e5d og veiledning til jegere som har skutt med blyhagl ulovlig, men n\u00e5 snur de p\u00e5 flisa: <\/p>\n<p class=\"_paragraph_o9xde_4 _paragraph_xtcu6_10 layout-component text-serif-m layout-normal text-serif-m layout-padded\"><strong class=\"_strong_o9xde_25\">I september ble den f\u00f8rste boten utstedt. Den l\u00f8d p\u00e5 8000 kroner.<\/strong><\/p>\n<p class=\"_paragraph_o9xde_4 _paragraph_xtcu6_10 layout-component text-serif-m layout-normal text-serif-m layout-padded\">Kongsmo forklarer at politiet har ventet med \u00e5 gi ut b\u00f8ter fordi de \u00f8nsket en smidig overgang til det nye regelverket.<\/p>\n<p><img decoding=\"async\" alt=\"Bilde av Halvor Kongsmo \" class=\"_image_ygndg_42\" height=\"31\" itemprop=\"image\" loading=\"lazy\"  src=\"https:\/\/www.europesays.com\/no\/wp-content\/uploads\/2025\/12\/a9000a7a-4619-4e2c-a452-8e9645c39722\"  width=\"40\"\/><strong class=\"_name_ygndg_51 title-serif-xs\">Halvor Kongsmo <\/strong><\/p>\n<p class=\"_paragraph_o9xde_4 text-sans-m _description_ygndg_56\">Milj\u00f8krimkoordinator i Tr\u00f8ndelag politidistrikt<\/p>\n<p class=\"_paragraph_o9xde_4 _paragraph_xtcu6_10 layout-component text-serif-m layout-normal text-serif-m layout-padded\">\u2013 Vi har v\u00e6rt opptatt av at jegere skal f\u00e5 tid til \u00e5 omstille seg, og at de skal bli kjent med forbudet f\u00f8r det ble h\u00e5ndhevet.<\/p>\n<p>Reagerer<\/p>\n<p class=\"_paragraph_o9xde_4 _paragraph_xtcu6_10 layout-component text-serif-m layout-normal text-serif-m layout-padded\">Flere jegere er i harnisk over prosessen som de mener har v\u00e6rt for d\u00e5rlig.<\/p>\n<p class=\"_paragraph_o9xde_4 _paragraph_xtcu6_10 layout-component text-serif-m layout-normal text-serif-m layout-padded\">Christian Fredrik Kolvik er i dag rektor ved Mer\u00e5ker skole, og har 30 \u00e5rs erfaring som jeger.<\/p>\n<p><img decoding=\"async\" alt=\"Bilde av Christian Fredrik Kolvik\" class=\"_image_ygndg_42\" height=\"53\" itemprop=\"image\" loading=\"lazy\"  src=\"https:\/\/www.europesays.com\/no\/wp-content\/uploads\/2025\/12\/c0c061ec-3eaa-4962-b7c6-b88197e04833\"  width=\"40\"\/><strong class=\"_name_ygndg_51 title-serif-xs\">Christian Fredrik Kolvik<\/strong><\/p>\n<p class=\"_paragraph_o9xde_4 text-sans-m _description_ygndg_56\">Aktiv jeger<\/p>\n<p class=\"_paragraph_o9xde_4 _paragraph_xtcu6_10 layout-component text-serif-m layout-normal text-serif-m layout-padded\">Han reagerer sterkt p\u00e5 at det fortsatt er lov \u00e5 selge blyhagl, mens bruk er forbudt.<\/p>\n<p class=\"_paragraph_o9xde_4 _paragraph_xtcu6_10 layout-component text-serif-m layout-normal text-serif-m layout-padded\"><strong class=\"_strong_o9xde_25\">\u2013 Vi blir stemplet som kriminelle for \u00e5 bruke ammunisjon vi har kj\u00f8pt fullt lovlig, sier Christian Fredrik Kolvik.<\/strong><\/p>\n<p class=\"_paragraph_o9xde_4 _paragraph_xtcu6_10 layout-component text-serif-m layout-normal text-serif-m layout-padded\">\u2013 Mange jegere sitter med tusenvis av kroner i ammunisjon. Hvis vi ikke f\u00e5r muligheten til \u00e5 bruke opp dette, m\u00e5 det finnes en innleveringsordning.<\/p>\n<p><img alt=\"Bruk av blyhagl skal n\u00e5 b\u00f8telegges, men salg er fortsatt fullt lovlig.   Foto: Christian Fredrik Kolvik\" class=\"_image_qp4xg_65 layout-component layout-normal\" data-fullscreen- data-track-element-type=\"Article image fullscreen\" data-track-name=\"ImageFullscreen\" decoding=\"async\" loading=\"lazy\" height=\"1596\" itemprop=\"image\"  src=\"https:\/\/www.europesays.com\/no\/wp-content\/uploads\/2025\/12\/eae4e2bf-fcaf-4ba3-9141-bf6860ccbeb4\"  style=\"object-position:0% 0%\" width=\"1206\"\/>Bruk av blyhagl skal n\u00e5 b\u00f8telegges, men salg er fortsatt fullt lovlig.   Foto: Christian Fredrik Kolvik<\/p>\n<p class=\"_paragraph_o9xde_4 _paragraph_xtcu6_10 layout-component text-serif-m layout-normal text-serif-m layout-padded\"><strong class=\"_strong_o9xde_25\">S\u00e6rlig kritisk er jegeren til den nye tolkningen av Ramsar-konvensjonen, Ramsar-konvensjonen, V\u00e5tmarkskonvensjonen er en global avtale for \u00e5 ta vare p\u00e5 v\u00e5tmarker.<\/p>\n<p>Konvensjonen ble undertegnet i byen Ramsar i Iran i 1971, og Norge var senere et av de f\u00f8rste landene som Ratifiserte den.<\/p>\n<p>Opprinnelig konsentrerte konvensjonen seg om \u00e5 ivareta v\u00e5tmarker som leveomr\u00e5de, spesielt for vannfugler. I dag favner konvensjonen langt videre. Den omfatter ivaretakelse av v\u00e5tmarker i bred forstand; b\u00e5de som leveomr\u00e5de for flora og fauna, og som viktig naturressurs for mange mennesker.som definerer v\u00e5tmark bredere enn f\u00f8r. <\/strong><\/p>\n<p class=\"_paragraph_o9xde_4 _paragraph_xtcu6_10 layout-component text-serif-m layout-normal text-serif-m layout-padded\">N\u00e5 regnes omr\u00e5der inntil 100 meter fra bekker som v\u00e5tmark.<\/p>\n<p class=\"_paragraph_o9xde_4 _paragraph_xtcu6_10 layout-component text-serif-m layout-normal text-serif-m layout-padded\"><strong class=\"_strong_o9xde_25\">\u2013 I praksis kan man i Norge ikke bruke blyhagl noen plass lenger, sier Kolvik og fortsetter:<\/strong><\/p>\n<p class=\"_paragraph_o9xde_4 _paragraph_xtcu6_10 layout-component text-serif-m layout-normal text-serif-m layout-padded\">\u2013 Jeg lurer ogs\u00e5 p\u00e5 hva som er argumentene for forbudet. Slik jeg ser det finnes det ikke funn som st\u00f8tter milj\u00f8argumentene.<\/p>\n<p><img alt=\"Foto: Sara N\u00e5 Aga \/ VG\" class=\"_image_qp4xg_65 layout-component layout-normal\" data-fullscreen- data-track-element-type=\"Article image fullscreen\" data-track-name=\"ImageFullscreen\" decoding=\"async\" loading=\"lazy\" height=\"5464\" itemprop=\"image\"  src=\"https:\/\/www.europesays.com\/no\/wp-content\/uploads\/2025\/12\/55ee02f4-b690-4a83-a1ce-a64d4acf7ce1\"  style=\"object-position:0% 0%\" width=\"8192\"\/>Foto: Sara N\u00e5 Aga \/ VG B\u00f8telagt for f\u00f8rste gang<\/p>\n<p class=\"_paragraph_o9xde_4 _paragraph_xtcu6_10 layout-component text-serif-m layout-normal text-serif-m layout-padded\">Den f\u00f8rste boten for ulovlig bruk av blyhagl ble utstedt den 26. september i \u00e5r av politiadvokat Amund Sand.<\/p>\n<p class=\"_paragraph_o9xde_4 _paragraph_xtcu6_10 layout-component text-serif-m layout-normal text-serif-m layout-padded\">Boten ble gitt til en sm\u00e5viltjeger i Steinkjer. Han ble kontrollert av Statens Naturoppsyn (SNO) og m\u00e5tte b\u00f8te for sine synder.<\/p>\n<p class=\"_paragraph_o9xde_4 _paragraph_xtcu6_10 layout-component text-serif-m layout-normal text-serif-m layout-padded\">Saken i Steinkjer har blitt en referanse for fremtidige overtredelser. Sand viser til et tilfelle i Agder med samme utfall.<\/p>\n<p class=\"_paragraph_o9xde_4 _paragraph_xtcu6_10 layout-component text-serif-m layout-normal text-serif-m layout-padded\">\u2013 Det har v\u00e6rt ganske h\u00f8y temperatur etter forbudet, sier Sand.<\/p>\n<p><img decoding=\"async\" alt=\"Bilde av Amund Sand\" class=\"_image_ygndg_42\" height=\"27\" itemprop=\"image\" loading=\"lazy\"  src=\"https:\/\/www.europesays.com\/no\/wp-content\/uploads\/2025\/12\/01e631b3-01ce-4486-9d5d-28833af55529\"  width=\"40\"\/><strong class=\"_name_ygndg_51 title-serif-xs\">Amund Sand<\/strong><\/p>\n<p class=\"_paragraph_o9xde_4 text-sans-m _description_ygndg_56\">Politiadvokat i Tr\u00f8ndelag politidistrikt<\/p>\n<p class=\"_paragraph_o9xde_4 _paragraph_xtcu6_10 layout-component text-serif-m layout-normal text-serif-m layout-padded\"><strong class=\"_strong_o9xde_25\">Han forklarer at man b\u00f8telegges ogs\u00e5 om man b\u00e6rer blyhagl  i terrenget. <\/strong><\/p>\n<p class=\"_paragraph_o9xde_4 _paragraph_xtcu6_10 layout-component text-serif-m layout-normal text-serif-m layout-padded\">\u2013 Det kan v\u00e6re man vil jakte p\u00e5 en knuskt\u00f8rr h\u00f8yfjellsrygg som faller utenfor definisjonen, men i alle praktiske tilfeller vil man krysse omr\u00e5der som er v\u00e5tmark.<\/p>\n<p class=\"_paragraph_o9xde_4 _paragraph_xtcu6_10 layout-component text-serif-m layout-normal text-serif-m layout-padded\">\u2013 Det er derimot ikke ulovlig \u00e5 ha blyammunisjon hjemme eller i bilen, sier han. <\/p>\n<p><img alt=\"Forbudet fra 2023 gj\u00f8r det ulovlig \u00e5 ha med seg blyhagl i omr\u00e5der regnet som v\u00e5tmark. If\u00f8lge politiets tolkninger gjelder det i praksis nesten hele landet.  Foto: G\u00f6ran Bohlin \/ VG\" class=\"_image_qp4xg_65 layout-component layout-normal\" data-fullscreen- data-track-element-type=\"Article image fullscreen\" data-track-name=\"ImageFullscreen\" decoding=\"async\" loading=\"lazy\" height=\"2832\" itemprop=\"image\"  src=\"https:\/\/www.europesays.com\/no\/wp-content\/uploads\/2025\/12\/591b342f-8266-4320-959d-8312646bee61\"  style=\"object-position:0% 0%\" width=\"4256\"\/>Forbudet fra 2023 gj\u00f8r det ulovlig \u00e5 ha med seg blyhagl i omr\u00e5der regnet som v\u00e5tmark. If\u00f8lge politiets tolkninger gjelder det i praksis nesten hele landet.  Foto: G\u00f6ran Bohlin \/ VG<\/p>\n<p class=\"_paragraph_o9xde_4 _paragraph_xtcu6_10 layout-component text-serif-m layout-normal text-serif-m layout-padded\">Det er heller ikke ulovlig \u00e5 selge ammunisjonen som i praksis ikke kan brukes i norsk natur.<\/p>\n<p class=\"_paragraph_o9xde_4 _paragraph_xtcu6_10 layout-component text-serif-m layout-normal text-serif-m layout-padded\">Blyhagl har v\u00e6rt den mest brukte ammunisjonen i sm\u00e5viltjakt, men det finnes andre alternativer som st\u00e5l eller tungstein.<\/p>\n<p>\u2013 Utsatt for blyforgiftning<\/p>\n<p class=\"_paragraph_o9xde_4 _paragraph_xtcu6_10 layout-component text-serif-m layout-normal text-serif-m layout-padded\">Utslippene av bly i Norge har minket siden 1990, mye p\u00e5 grunn av overgangen til blyfri bensin. <\/p>\n<p class=\"_paragraph_o9xde_4 _paragraph_xtcu6_10 layout-component text-serif-m layout-normal text-serif-m layout-padded\">Mathieu Veulemans er seksjonsleder for milj\u00f8giftseksjonen i Milj\u00f8direktoratet. Han sier til VG at til tross for dette finnes det fortsatt forh\u00f8yede blyniv\u00e5er i jord.<\/p>\n<p class=\"_paragraph_o9xde_4 _paragraph_xtcu6_10 layout-component text-serif-m layout-normal text-serif-m layout-padded\">\u2013 Mye av dette er p\u00e5 grunn av blyammunisjon, skriver Veulemans.  <\/p>\n<p><img alt=\"If\u00f8lge milj\u00f8direktoratet er fuglehelsen en av hovedgrunnene bak forbudet.   Foto: H\u00e5kon Mosvold Larsen \/ NTB\" class=\"_image_qp4xg_65 layout-component layout-normal\" data-fullscreen- data-track-element-type=\"Article image fullscreen\" data-track-name=\"ImageFullscreen\" decoding=\"async\" loading=\"lazy\" height=\"1881\" itemprop=\"image\"  src=\"https:\/\/www.europesays.com\/no\/wp-content\/uploads\/2025\/12\/e71853c1-6e3c-4568-87a6-660c55a23243\"  style=\"object-position:0% 0%\" width=\"2822\"\/>If\u00f8lge milj\u00f8direktoratet er fuglehelsen en av hovedgrunnene bak forbudet.   Foto: H\u00e5kon Mosvold Larsen \/ NTB<\/p>\n<p class=\"_paragraph_o9xde_4 _paragraph_xtcu6_10 layout-component text-serif-m layout-normal text-serif-m layout-padded\">De skriver videre at det er ansl\u00e5tt at minst 135 millioner fugler er utsatt for blyforgiftning i Europa, og viser til <a href=\"https:\/\/www.miljodirektoratet.no\/ansvarsomrader\/kjemikalier\/den-norske-prioritetslista\/tungmetaller\/bly-og-blyforbindelser\/\" class=\"_link_o9xde_39\" rel=\"nofollow noopener\" target=\"_blank\">sine nettsider der de redegj\u00f8r for uttalelsen.<\/a><\/p>\n<p class=\"_paragraph_o9xde_4 _paragraph_xtcu6_10 layout-component text-serif-m layout-normal text-serif-m layout-padded\"><strong class=\"_strong_o9xde_25\">Videre sier de seg enige i at slik forbudet definerer v\u00e5tmark, vil det i praksis gjelde hele landet.<\/strong><\/p>\n<p class=\"_paragraph_o9xde_4 _paragraph_xtcu6_10 layout-component text-serif-m layout-normal text-serif-m layout-padded\">\u2013 Siden det er vanskelig \u00e5 v\u00e6re sikker p\u00e5 om jegere befinner seg mer enn 100 meter fra v\u00e5tmark til enhver tid, betyr forbudet at jegere normalt ikke vil kunne bruke blyhagl p\u00e5 jakt i skog og fjell heller, skriver Veulemans.<\/p>\n<p><img alt=\"If\u00f8lge definisjonen av v\u00e5tmark, vil det i praksis ikke v\u00e6re lov \u00e5 bruke blyhagl noen plass i Norge.  Foto: Odin J\u00e6ger \/ VG\" class=\"_image_qp4xg_65 layout-component layout-normal\" data-fullscreen- data-track-element-type=\"Article image fullscreen\" data-track-name=\"ImageFullscreen\" decoding=\"async\" loading=\"lazy\" height=\"3840\" itemprop=\"image\"  src=\"https:\/\/www.europesays.com\/no\/wp-content\/uploads\/2025\/12\/839bd264-5968-479f-87bb-07d60c4ddac4\"  style=\"object-position:0% 0%\" width=\"5760\"\/>If\u00f8lge definisjonen av v\u00e5tmark, vil det i praksis ikke v\u00e6re lov \u00e5 bruke blyhagl noen plass i Norge.  Foto: Odin J\u00e6ger \/ VG<\/p>\n<p class=\"_paragraph_o9xde_4 _paragraph_xtcu6_10 layout-component text-serif-m layout-normal text-serif-m layout-padded\">Men samtidig som kritikken mot forbudet hagler, p\u00e5g\u00e5r det allerede en ny prosess i EU som kan f\u00f8re til en vedtak om totalforbud mot blyhagl i 2026.<\/p>\n<p class=\"_paragraph_o9xde_4 _paragraph_xtcu6_10 layout-component text-serif-m layout-normal text-serif-m layout-padded\">\u2013 Overgangsperioden vil trolig v\u00e6re mellom tre og fem \u00e5r f\u00f8r forbudet trer i kraft, sier fagr\u00e5dgiver i Norges Jeger- og Fiskerbund Vidar Nilsen til VG.<\/p>\n<p>Mer omfattende enn tidligere<\/p>\n<p class=\"_paragraph_o9xde_4 _paragraph_xtcu6_10 layout-component text-serif-m layout-normal text-serif-m layout-padded\">\u2013 Forbud mot blyhagl er heller ikke helt nytt i Norge, forklarer Nilsen.<\/p>\n<p><img decoding=\"async\" alt=\"Bilde av Vidar Nilsen\" class=\"_image_ygndg_42\" height=\"23\" itemprop=\"image\" loading=\"lazy\"  src=\"https:\/\/www.europesays.com\/no\/wp-content\/uploads\/2025\/12\/ee7871ec-e6f9-46b1-b281-bb777f8b881e\"  width=\"40\"\/><strong class=\"_name_ygndg_51 title-serif-xs\">Vidar Nilsen<\/strong><\/p>\n<p class=\"_paragraph_o9xde_4 text-sans-m _description_ygndg_56\">Fagr\u00e5dgiver i Norges Jeger- og Fiskeriforbund<\/p>\n<p class=\"_paragraph_o9xde_4 _paragraph_xtcu6_10 layout-component text-serif-m layout-normal text-serif-m layout-padded\">Han forteller at mellom 2005 og 2015 hadde Norge et totalforbud mot blyhagl, f\u00f8r det kom en oppmykning i 2015.<\/p>\n<p class=\"_paragraph_o9xde_4 _paragraph_xtcu6_10 layout-component text-serif-m layout-normal text-serif-m layout-padded\">\u2013 Det nye forbudet er mer omfattende enn det tidligere, som hovedsakelig skulle forhindre at fugl fikk i seg blyhagl og ble forgiftet, sier han om EU-forbudet fra 2023 som ogs\u00e5 gjelder Norge.<\/p>\n<p>\u00d8nsker human jakt<\/p>\n<p class=\"_paragraph_o9xde_4 _paragraph_xtcu6_10 layout-component text-serif-m layout-normal text-serif-m layout-padded\">Hensynet til dyrevelferd er noe som f\u00e5r jegere til \u00e5 kl\u00f8 seg i hodet, deriblant Bj\u00f8rn Haugland som leder Jeger- og Fiskeforeningen i Trondheim.<\/p>\n<p class=\"_paragraph_o9xde_4 _paragraph_xtcu6_10 layout-component text-serif-m layout-normal text-serif-m layout-padded\">\u2013 Dyr skutt med blyhagl ser ut til \u00e5 d\u00f8 fortere enn dyr som blir truffet med st\u00e5lhagl, forklarer Haugland.<\/p>\n<p><img alt=\"Bj\u00f8rnar Haugland er leder i Trondheim Jeger- og Fiskeforening.  Foto: Privat\" class=\"_image_qp4xg_65 layout-component layout-normal\" data-fullscreen- data-track-element-type=\"Article image fullscreen\" data-track-name=\"ImageFullscreen\" decoding=\"async\" loading=\"lazy\" height=\"3125\" itemprop=\"image\"  src=\"https:\/\/www.europesays.com\/no\/wp-content\/uploads\/2025\/12\/81cd9b7f-57af-4525-a99c-fa26bf43249f\"  style=\"object-position:0% 0%\" width=\"4249\"\/>Bj\u00f8rnar Haugland er leder i Trondheim Jeger- og Fiskeforening.  Foto: Privat<\/p>\n<p class=\"_paragraph_o9xde_4 _paragraph_xtcu6_10 layout-component text-serif-m layout-normal text-serif-m layout-padded\">\u2013 Med BioAmmo m\u00e5tte jeg ty til flere skudd enn jeg vanligvis ville gjort med bly.<\/p>\n<p class=\"_paragraph_o9xde_4 _paragraph_xtcu6_10 layout-component text-serif-m layout-normal text-serif-m layout-padded\">Her f\u00e5r han st\u00f8tte fra jegerkollega Christian Fredrik Kolvik.<\/p>\n<p class=\"_paragraph_o9xde_4 _paragraph_xtcu6_10 layout-component text-serif-m layout-normal text-serif-m layout-padded\">\u2013 Vi som jegere etterstreber alltid human jakt, sier han og fortsetter:<\/p>\n<p class=\"_paragraph_o9xde_4 _paragraph_xtcu6_10 layout-component text-serif-m layout-normal text-serif-m layout-padded\"><strong class=\"_strong_o9xde_25\">\u2013 Da er det viktig at vi tar livet av dyret, og ikke bare skader det. <\/strong><\/p>\n<p><img alt=\"If\u00f8lge Kolvik er naturopplevelsen det viktigste med jakten, da alltid med et blikk for b\u00e6rekraftige tiltak og human jakt.  Foto: Privat\" class=\"_image_qp4xg_65 layout-component layout-normal\" data-fullscreen- data-track-element-type=\"Article image fullscreen\" data-track-name=\"ImageFullscreen\" decoding=\"async\" loading=\"lazy\" height=\"3024\" itemprop=\"image\"  src=\"https:\/\/www.europesays.com\/no\/wp-content\/uploads\/2025\/12\/c5587a6a-054a-4fa2-8f30-b565e6d8d87d\"  style=\"object-position:0% 0%\" width=\"4032\"\/>If\u00f8lge Kolvik er naturopplevelsen det viktigste med jakten, da alltid med et blikk for b\u00e6rekraftige tiltak og human jakt.  Foto: Privat<\/p>\n<p class=\"_paragraph_o9xde_4 _paragraph_xtcu6_10 layout-component text-serif-m layout-normal text-serif-m layout-padded\"><strong class=\"_strong_o9xde_25\">Kolvik forklarer at blyhagl har bedre gjennomtrengingsevne enn alternativene, og problematiserer faren for rikosjett-skader ved bruk av lettere hagl.<\/strong><\/p>\n<p class=\"_paragraph_o9xde_4 _paragraph_xtcu6_10 layout-component text-serif-m layout-normal text-serif-m layout-padded\">\u2013 St\u00e5lhagl er for eksempel s\u00e5 lett at dersom man bommer og treffer en stein, vil den sprette videre og potensielt gj\u00f8re store skade, sier han.<\/p>\n<p class=\"_paragraph_o9xde_4 _paragraph_xtcu6_10 layout-component text-serif-m layout-normal text-serif-m layout-padded\"><strong class=\"_strong_o9xde_25\">Se video &#8211; slik jakter de \u00abzombielaksen\u00bb i Tanaelva:<\/strong><\/p>\n","protected":false},"excerpt":{"rendered":"Jegere risikerer n\u00e5 b\u00f8ter p\u00e5 flere tusen kroner for bruk av blyhagl. Den f\u00f8rste boten p\u00e5 8000 kroner&hellip;\n","protected":false},"author":2,"featured_media":108221,"comment_status":"","ping_status":"","sticky":false,"template":"","format":"standard","meta":{"footnotes":""},"categories":[10],"tags":[13405,20,21,8375,24,25,15,1521,22,23,13,30,28,29,14,16,26,27],"class_list":{"0":"post-108220","1":"post","2":"type-post","3":"status-publish","4":"format-standard","5":"has-post-thumbnail","7":"category-norge","8":"tag-blyhagl","9":"tag-breaking-news","10":"tag-breakingnews","11":"tag-eu-direktiv","12":"tag-featured-news","13":"tag-featurednews","14":"tag-headlines","15":"tag-jakt","16":"tag-latest-news","17":"tag-latestnews","18":"tag-news","19":"tag-no","20":"tag-norge","21":"tag-norway","22":"tag-nyheter","23":"tag-overskrifter","24":"tag-top-stories","25":"tag-topstories"},"share_on_mastodon":{"url":"https:\/\/pubeurope.com\/@no\/115688897814532853","error":""},"_links":{"self":[{"href":"https:\/\/www.europesays.com\/no\/wp-json\/wp\/v2\/posts\/108220","targetHints":{"allow":["GET"]}}],"collection":[{"href":"https:\/\/www.europesays.com\/no\/wp-json\/wp\/v2\/posts"}],"about":[{"href":"https:\/\/www.europesays.com\/no\/wp-json\/wp\/v2\/types\/post"}],"author":[{"embeddable":true,"href":"https:\/\/www.europesays.com\/no\/wp-json\/wp\/v2\/users\/2"}],"replies":[{"embeddable":true,"href":"https:\/\/www.europesays.com\/no\/wp-json\/wp\/v2\/comments?post=108220"}],"version-history":[{"count":0,"href":"https:\/\/www.europesays.com\/no\/wp-json\/wp\/v2\/posts\/108220\/revisions"}],"wp:featuredmedia":[{"embeddable":true,"href":"https:\/\/www.europesays.com\/no\/wp-json\/wp\/v2\/media\/108221"}],"wp:attachment":[{"href":"https:\/\/www.europesays.com\/no\/wp-json\/wp\/v2\/media?parent=108220"}],"wp:term":[{"taxonomy":"category","embeddable":true,"href":"https:\/\/www.europesays.com\/no\/wp-json\/wp\/v2\/categories?post=108220"},{"taxonomy":"post_tag","embeddable":true,"href":"https:\/\/www.europesays.com\/no\/wp-json\/wp\/v2\/tags?post=108220"}],"curies":[{"name":"wp","href":"https:\/\/api.w.org\/{rel}","templated":true}]}}