{"id":108222,"date":"2025-12-09T09:27:12","date_gmt":"2025-12-09T09:27:12","guid":{"rendered":"https:\/\/www.europesays.com\/no\/108222\/"},"modified":"2025-12-09T09:27:12","modified_gmt":"2025-12-09T09:27:12","slug":"nyheter-bergen-kommune-har-satt-krisestab-etter-e-post-smell-jobbes-iherdig","status":"publish","type":"post","link":"https:\/\/www.europesays.com\/no\/108222\/","title":{"rendered":"Nyheter, Bergen kommune | Har satt krisestab etter e-post-smell: \u2013 Jobbes iherdig"},"content":{"rendered":"\n<p>\u2013 Vi m\u00e5 komme tilbake med informasjon n\u00e5r vi har f\u00e5tt bedre oversikt. Det jobbes iherdig med hvordan dette kunne oppst\u00e5, omfanget av det og eventuelle skader som har skjedd p\u00e5 veien, sier byr\u00e5dsleder Christine Meyer (H).<\/p>\n<p><b>Hun opplyser om at det har blitt satt krisestab p\u00e5 saken.<\/b><\/p>\n<p>Mandag tikket det inn den ene e-posten etter den andre til <a href=\"https:\/\/www.ba.no\/bergenselever-pepres-med-e-poster-hun-ble-opprort\/s\/5-8-3249062\" rel=\"Follow nofollow noopener\" target=\"_blank\">43.277 e-postadresser tilknyttet elever og ansatte tilh\u00f8rende skoler i Bergen.<\/a><\/p>\n<p>\u2013 Det er alt fra en Charlie Kirk-referanse, til halvrealistiske uttalelser og meldinger fra folk som ikke forst\u00e5r hvorfor de er p\u00e5 listen. En lektor har ogs\u00e5 skrevet at han har kontaktet noen om feilen, sa en far til BA.<\/p>\n<p>Hans datter mottok over 250 e-poster.<\/p>\n<p>   <img decoding=\"async\" width=\"669\" height=\"1200\" fetchpriority=\"low\"  loading=\"lazy\"  src=\"https:\/\/www.europesays.com\/no\/wp-content\/uploads\/2025\/12\/IMG_1063%2Bkopi.jpg\" alt=\"\" class=\"brick-c-cFOWSL\" style=\"--brick-image-ratio: 669 \/ 1200;\"\/><\/p>\n<p>      Slik s\u00e5 en elev sin innboks ut. <\/p>\n<p>  Varte i fire timer<\/p>\n<p><b>\u00abHva er dette for noe drit da\u00bb, skriver en.<\/b><\/p>\n<p><b>\u00abFyf kan du bare drite i bro\u00bb, svarer en annen.<\/b><\/p>\n<p><b>\u00abWe are Charlie Kirk, we carry the flame.\u00bb<\/b><\/p>\n<p><b>\u00abUhm yeah girl!\u00bb<\/b><\/p>\n<p>Innboksene ble fylt opp av slike meldinger og mer i fire timer f\u00f8r det ble stoppet.<\/p>\n<p>\u2013 Alt er lukket ned, og det er ikke mulig \u00e5 sende meldinger her n\u00e5, opplyste byr\u00e5d for barnehage og skole, Daniel H\u00e4gglund (Frp) til BA 2230.<\/p>\n<p>Sannsynligvis var alle ansatte og elever i kommunen samlet i gruppen.<\/p>\n<p>Uheldig<\/p>\n<p>If\u00f8lge digitaliseringsdirekt\u00f8r Kjetil \u00c5rhus, var kommunen kjent med at gruppen fantes, og at den hadde tekniske form\u00e5l.<\/p>\n<p>Han forklarer at ingen e-postadresser ble lekket og kjent for alle, utenom de som svarte p\u00e5 e-poster i gruppen.<\/p>\n<p>Dermed vil han si at hendelsen er mer uheldig enn alvorlig.<\/p>\n<p><b>\u2013 Etter min informasjon var dette bare internt. Det er uheldig at s\u00e5nne ting skjer, men jeg er glad for at vi fikk informasjon og stoppet det raskt<\/b><\/p>\n<p>\u00c5rsaken var en innstilling som ikke var huket av for \u00e5 forhindre at en kunne sende e-poster til alle i gruppen.<\/p>\n<p>Om dette har v\u00e6rt mulig lenge vet han ikke. Noen fant muligens ut mandag at dette var mulig \u00e5 utnytte.<\/p>\n<p>BA oppdaterer saken.<\/p>\n","protected":false},"excerpt":{"rendered":"\u2013 Vi m\u00e5 komme tilbake med informasjon n\u00e5r vi har f\u00e5tt bedre oversikt. Det jobbes iherdig med hvordan&hellip;\n","protected":false},"author":2,"featured_media":108223,"comment_status":"","ping_status":"","sticky":false,"template":"","format":"standard","meta":{"footnotes":""},"categories":[5],"tags":[36,1240,20,21,9598,24,25,15,19,22,23,17,18,13,30,28,29,14,16,218,1510,26,27],"class_list":{"0":"post-108222","1":"post","2":"type-post","3":"status-publish","4":"format-standard","5":"has-post-thumbnail","7":"category-overskrifter","8":"tag-art","9":"tag-bergen-kommune","10":"tag-breaking-news","11":"tag-breakingnews","12":"tag-byradet","13":"tag-featured-news","14":"tag-featurednews","15":"tag-headlines","16":"tag-hovedoppslag","17":"tag-latest-news","18":"tag-latestnews","19":"tag-main-news","20":"tag-mainnews","21":"tag-news","22":"tag-no","23":"tag-norge","24":"tag-norway","25":"tag-nyheter","26":"tag-overskrifter","27":"tag-pluss","28":"tag-story","29":"tag-top-stories","30":"tag-topstories"},"share_on_mastodon":{"url":"https:\/\/pubeurope.com\/@no\/115688901536811551","error":""},"_links":{"self":[{"href":"https:\/\/www.europesays.com\/no\/wp-json\/wp\/v2\/posts\/108222","targetHints":{"allow":["GET"]}}],"collection":[{"href":"https:\/\/www.europesays.com\/no\/wp-json\/wp\/v2\/posts"}],"about":[{"href":"https:\/\/www.europesays.com\/no\/wp-json\/wp\/v2\/types\/post"}],"author":[{"embeddable":true,"href":"https:\/\/www.europesays.com\/no\/wp-json\/wp\/v2\/users\/2"}],"replies":[{"embeddable":true,"href":"https:\/\/www.europesays.com\/no\/wp-json\/wp\/v2\/comments?post=108222"}],"version-history":[{"count":0,"href":"https:\/\/www.europesays.com\/no\/wp-json\/wp\/v2\/posts\/108222\/revisions"}],"wp:featuredmedia":[{"embeddable":true,"href":"https:\/\/www.europesays.com\/no\/wp-json\/wp\/v2\/media\/108223"}],"wp:attachment":[{"href":"https:\/\/www.europesays.com\/no\/wp-json\/wp\/v2\/media?parent=108222"}],"wp:term":[{"taxonomy":"category","embeddable":true,"href":"https:\/\/www.europesays.com\/no\/wp-json\/wp\/v2\/categories?post=108222"},{"taxonomy":"post_tag","embeddable":true,"href":"https:\/\/www.europesays.com\/no\/wp-json\/wp\/v2\/tags?post=108222"}],"curies":[{"name":"wp","href":"https:\/\/api.w.org\/{rel}","templated":true}]}}