{"id":108224,"date":"2025-12-09T09:28:10","date_gmt":"2025-12-09T09:28:10","guid":{"rendered":"https:\/\/www.europesays.com\/no\/108224\/"},"modified":"2025-12-09T09:28:10","modified_gmt":"2025-12-09T09:28:10","slug":"glimt-profil-vant-fram-med-uefa-anke-blir-klar-til-haaland-duell","status":"publish","type":"post","link":"https:\/\/www.europesays.com\/no\/108224\/","title":{"rendered":"Glimt-profil vant fram med Uefa-anke \u2013 blir klar til Haaland-duell"},"content":{"rendered":"\n<p class=\"_lead_o9xde_2 _lead_xtcu6_50 layout-component text-serif-m layout-normal text-serif-l layout-component layout-wide layout-padded _wide_17hqh_1 layout-padded\">Bod\u00f8\/Glimt-midtstopper Jostein Gundersen kontaktet advokater og fikk karantenen i Champions League kuttet fra tre til to kamper etter det r\u00f8de kortet mot Monaco.<\/p>\n<p><img alt=\"Jostein Gundersen vant fram med anken til Uefa.&#10;Foto: Mats Torbergsen \/ NTB\" class=\"_image_qp4xg_65 layout-component layout-wide\" data-fullscreen- data-track-element-type=\"Article image fullscreen\" data-track-name=\"ImageFullscreen\" fetchpriority=\"high\" decoding=\"sync\" loading=\"eager\" height=\"4000\" itemprop=\"image\"  src=\"https:\/\/www.europesays.com\/no\/wp-content\/uploads\/2025\/12\/65cc12a9-674a-4311-92fa-402ed8e3b2e2\"  style=\"object-position:0% 0%\" width=\"6000\"\/>Jostein Gundersen vant fram med anken til Uefa.<br \/>\nFoto: Mats Torbergsen \/ NTB<\/p>\n<ul aria-hidden=\"true\" class=\"_images_ntbth_112\">\n<li><a class=\"_link_ntbth_117\" href=\"https:\/\/www.vg.no\/forfatter\/ntb\" style=\"z-index:1\" title=\"NTB\" rel=\"nofollow noopener\" target=\"_blank\"><img alt=\"Bilde av NTB\" class=\"_image_ntbth_93\" fetchpriority=\"low\" loading=\"lazy\" decoding=\"async\" itemprop=\"image\"  src=\"https:\/\/www.europesays.com\/no\/wp-content\/uploads\/2025\/12\/1765272490_695_c33980b0-5d07-4027-84a1-813f90a7c8d6\"  width=\"480\"\/><\/a><\/li>\n<\/ul>\n<p> Oppdatert tirsdag 9. desember kl. 09:52     <\/p>\n<p class=\"_paragraph_o9xde_4 _paragraph_xtcu6_10 layout-component text-serif-m layout-normal text-serif-m layout-padded\"><a href=\"https:\/\/www.vg.no\/sport\/i\/QMpylx\/frustrerende-kveld-for-glimt-roedt-kort-og-tap-i-skjebnekampen\" data-track-element-type=\"Link\" data-track-id=\"link:QMpylx\" class=\"_link_o9xde_39\" rel=\"nofollow noopener\" target=\"_blank\">Gundersen ble utvist ti minutter<\/a> f\u00f8r slutt i det aktuelle Champions League-oppgj\u00f8ret. Taklingen ble av Det europeiske fotballforbundet (Uefa) vurdert til \u00e5 v\u00e6re s\u00e5 hard at den ble sanksjonert med tre kampers utestengelse.<\/p>\n<p><img alt=\"Jostein Gundersen ble vist det r\u00f8de kortet i kampen mot Monaco.   Foto: Fredrik Varfjell \/ NTB\" class=\"_image_qp4xg_65 layout-component layout-normal\" data-fullscreen- data-track-element-type=\"Article image fullscreen\" data-track-name=\"ImageFullscreen\" decoding=\"async\" loading=\"lazy\" height=\"5018\" itemprop=\"image\"  src=\"https:\/\/www.europesays.com\/no\/wp-content\/uploads\/2025\/12\/e3f85a4d-0b71-4ab0-a675-7b9499a4aa41\"  style=\"object-position:0% 0%\" width=\"7527\"\/>Jostein Gundersen ble vist det r\u00f8de kortet i kampen mot Monaco.   Foto: Fredrik Varfjell \/ NTB<\/p>\n<p class=\"_paragraph_o9xde_4 _paragraph_xtcu6_10 layout-component text-serif-m layout-normal text-serif-m layout-padded\">Det var ikke Gundersen enig i og anket avgj\u00f8relsen. Med hjelp fra advokater fikk han Uefa p\u00e5 gli. P\u00e5 sin <a href=\"https:\/\/disciplinary.uefa.com\/updates\/02a0-1f5ddce8b238-15316c2e1c95-1000\/\" class=\"_link_o9xde_39\" rel=\"nofollow noopener\" target=\"_blank\">nettside opplyser forbundet <\/a> at anken gikk delvis gjennom, og at Gundersen slipper med \u00e5 sone to kamper.<\/p>\n<p class=\"_paragraph_o9xde_4 _paragraph_xtcu6_10 layout-component text-serif-m layout-normal text-serif-m layout-padded\">N\u00e5 hyller Gundersen advokatene han fikk hjelp av.<\/p>\n<p class=\"_paragraph_o9xde_4 _paragraph_xtcu6_10 layout-component text-serif-m layout-normal text-serif-m layout-padded\"> \u2013 De hjalp meg med \u00e5 gj\u00f8re anken profesjonell. Det var litt g\u00f8y \u00e5 v\u00e6re med p\u00e5 den prosessen. Det var ikke noe tull de holdt p\u00e5 med, s\u00e5 jeg m\u00e5 rette en stor takk til advokatene, sier Gundersen til <a href=\"https:\/\/www.an.no\/jostein-fikk-advokathjelp-og-vant-fram-mot-uefa-lettet-og-glad\/s\/5-4-2290632\" class=\"_link_o9xde_39\" rel=\"nofollow noopener\" target=\"_blank\">Avisa Nordland.<\/a><\/p>\n<p class=\"_paragraph_o9xde_4 _paragraph_xtcu6_10 layout-component text-serif-m layout-normal text-serif-m layout-padded\">Midtstopperen fant fram til sammenlignbare situasjoner og sendte dokumentasjonen inn til Uefa.<\/p>\n<p class=\"_paragraph_o9xde_4 _paragraph_xtcu6_10 layout-component text-serif-m layout-normal text-serif-m layout-padded\">\u2013 Det er litt slitsomt \u00e5 st\u00e5 i. Det er ikke alltid Uefa er lett \u00e5 snu, sier Gundersen til AN.<\/p>\n<p class=\"_paragraph_o9xde_4 _paragraph_xtcu6_10 layout-component text-serif-m layout-normal text-serif-m layout-padded\">Glimt-profilen m\u00e5tte st\u00e5 over oppgj\u00f8ret mot Juventus, og er heller ikke aktuell for onsdagens bortekamp mot Borussia Dortmund.<\/p>\n<p class=\"_paragraph_o9xde_4 _paragraph_xtcu6_10 layout-component text-serif-m layout-normal text-serif-m layout-padded\">Glimt st\u00e5r med to poeng etter fem kamper s\u00e5 langt i debutsesongen i mesterligaen. Etter oppgj\u00f8ret mot Dortmund venter Manchester City og Atl\u00e9tico Madrid.<\/p>\n<p class=\"_paragraph_o9xde_4 _paragraph_xtcu6_10 layout-component text-serif-m layout-normal text-serif-m layout-padded\">Mot Haaland kan alts\u00e5 Gundersen stille.<\/p>\n","protected":false},"excerpt":{"rendered":"Bod\u00f8\/Glimt-midtstopper Jostein Gundersen kontaktet advokater og fikk karantenen i Champions League kuttet fra tre til to kamper etter&hellip;\n","protected":false},"author":2,"featured_media":108225,"comment_status":"","ping_status":"","sticky":false,"template":"","format":"standard","meta":{"footnotes":""},"categories":[59],"tags":[30,28,29,83,82],"class_list":{"0":"post-108224","1":"post","2":"type-post","3":"status-publish","4":"format-standard","5":"has-post-thumbnail","7":"category-sport","8":"tag-no","9":"tag-norge","10":"tag-norway","11":"tag-sport","12":"tag-sports"},"share_on_mastodon":{"url":"https:\/\/pubeurope.com\/@no\/115688905358553836","error":""},"_links":{"self":[{"href":"https:\/\/www.europesays.com\/no\/wp-json\/wp\/v2\/posts\/108224","targetHints":{"allow":["GET"]}}],"collection":[{"href":"https:\/\/www.europesays.com\/no\/wp-json\/wp\/v2\/posts"}],"about":[{"href":"https:\/\/www.europesays.com\/no\/wp-json\/wp\/v2\/types\/post"}],"author":[{"embeddable":true,"href":"https:\/\/www.europesays.com\/no\/wp-json\/wp\/v2\/users\/2"}],"replies":[{"embeddable":true,"href":"https:\/\/www.europesays.com\/no\/wp-json\/wp\/v2\/comments?post=108224"}],"version-history":[{"count":0,"href":"https:\/\/www.europesays.com\/no\/wp-json\/wp\/v2\/posts\/108224\/revisions"}],"wp:featuredmedia":[{"embeddable":true,"href":"https:\/\/www.europesays.com\/no\/wp-json\/wp\/v2\/media\/108225"}],"wp:attachment":[{"href":"https:\/\/www.europesays.com\/no\/wp-json\/wp\/v2\/media?parent=108224"}],"wp:term":[{"taxonomy":"category","embeddable":true,"href":"https:\/\/www.europesays.com\/no\/wp-json\/wp\/v2\/categories?post=108224"},{"taxonomy":"post_tag","embeddable":true,"href":"https:\/\/www.europesays.com\/no\/wp-json\/wp\/v2\/tags?post=108224"}],"curies":[{"name":"wp","href":"https:\/\/api.w.org\/{rel}","templated":true}]}}