{"id":108226,"date":"2025-12-09T09:32:11","date_gmt":"2025-12-09T09:32:11","guid":{"rendered":"https:\/\/www.europesays.com\/no\/108226\/"},"modified":"2025-12-09T09:32:11","modified_gmt":"2025-12-09T09:32:11","slug":"nav-senterpartiet-senterpartiet-vil-dele-nav-i-to-arbeidet-ma-starte-straks","status":"publish","type":"post","link":"https:\/\/www.europesays.com\/no\/108226\/","title":{"rendered":"Nav, Senterpartiet | Senterpartiet vil dele Nav i to: \u2013 Arbeidet m\u00e5 starte straks"},"content":{"rendered":"\n<p>\u2013 Nav er i krise, og regjeringens NAV-tiltak er ikke tilstrekkelige. Senterpartiet mener at Nav m\u00e5 deles for \u00e5 vinne tilbake oversikt og kontroll. Arbeidet m\u00e5 starte straks, sier leder i helsekomiteen p\u00e5 Stortinget Kjersti Toppe (Sp) til NTB.<\/p>\n<p>Tirsdag fremmer hun et forslag i Stortinget om \u00e5 dele opp Nav i:<\/p>\n<p>* En pensjons- og trygdeetat<\/p>\n<p>* En arbeids- og aktivitetsetat<\/p>\n<p>\u2013 Dette skal f\u00f8re til at Nav kan fokusere p\u00e5 kjerneoppgavene med \u00e5 hjelpe folk i arbeid og aktivitet, sier Toppe.<\/p>\n<p>    Vil du se neste video?<\/p>\n<p>    <a href=\"https:\/\/www.nettavisen.no\/nyheter\/ukrainske-spesialstyrker-skal-ha-tatt-ut-russiske-mal-pa-krim-halvoya\/v\/5-95-2764466\" class=\"recommend-poster\" data-adp-clicklabel=\"video-recommend\" data-adp-clickvalue=\"poster\" rel=\"nofollow noopener\" target=\"_blank\"><br \/>\n      <img decoding=\"async\" width=\"200\" height=\"200\" loading=\"lazy\" src=\"https:\/\/www.europesays.com\/no\/wp-content\/uploads\/2025\/12\/KAMPFLY+BREDDE.jpg\" alt=\"\" class=\"brick-c-cFOWSL\" style=\"--brick-image-ratio: 200 \/ 200;\"\/><\/p>\n<p>Tar ut russisk kampfly p\u00e5 Krim0:24<\/p>\n<p>    <\/a><\/p>\n<p>\u2013 Handler ikke bare regelverk<\/p>\n<p>I forslaget ber Senterpartiet ogs\u00e5 om flere andre tiltak for Nav, blant annet en tillitsreform som gir statlig ansatte ved Nav-kontorene vedtaksmyndighet n\u00e5r det gjelder Arbeidsavklaringspenger (AAP).<\/p>\n<p>\u2013 Nav handler ikke bare om lover og regelverk slik regjeringen n\u00e5 ser ut til \u00e5 legge til grunn. Nav handler om mennesker, enten de trenger penger eller oppf\u00f8lging, sier Toppe.<\/p>\n<p>\u2013 Vi m\u00e5 s\u00f8rge for at veiledere har myndighet til \u00e5 ta avgj\u00f8relser som hjelper folk, legger hun til.<\/p>\n<p><b>Les ogs\u00e5: <a href=\"https:\/\/www.nettavisen.no\/nyheter\/bane-nor-full-stans-i-togtrafikken-mellom-oslo-og-lillestrom\/s\/5-95-2770367\" rel=\"Follow nofollow noopener\" target=\"_blank\">Bane Nor: Full stans i togtrafikken mellom Oslo og Lillestr\u00f8m<\/a><\/b><\/p>\n<p>Arbeidsministeren grilles om Nav tirsdag<\/p>\n<p>Tirsdag m\u00f8ter arbeids- og inkluderingsminister Kjersti Stenseng (Ap) i Stortinget, etter \u00e5 ha blitt kalt inn p\u00e5 teppet av H\u00f8yres Anna Molberg.<\/p>\n<p>Stenseng m\u00e5 blant annet svare p\u00e5 flere kritikkverdige forhold i Nav som Riksrevisjonen nylig avdekket.<\/p>\n<p>\u2013 Opplever statsr\u00e5den \u00e5 ha kontroll p\u00e5 landets st\u00f8rste etat, og hvilke tiltak vil regjeringen iverksette for \u00e5 m\u00f8te alle utfordringene som har blitt belyst, er Molbergs hovedsp\u00f8rsm\u00e5l.<\/p>\n<p>(\u00a9NTB)<\/p>\n<p>    Vil du se neste video?<\/p>\n<p>    <a href=\"https:\/\/www.nettavisen.no\/nyheter\/jon-helgheim-varsler-gangster-tilstander-i-norge-fryktelig-naivt\/v\/5-95-2673633\" class=\"recommend-poster\" data-adp-clicklabel=\"video-recommend\" data-adp-clickvalue=\"poster\" rel=\"nofollow noopener\" target=\"_blank\"><br \/>\n      <img decoding=\"async\" width=\"200\" height=\"200\" loading=\"lazy\" src=\"https:\/\/www.europesays.com\/no\/wp-content\/uploads\/2025\/10\/jon_helgheim_frp_statsbudsjettet_2026_cue.jpg\" alt=\"\" class=\"brick-c-cFOWSL\" style=\"--brick-image-ratio: 200 \/ 200;\"\/><\/p>\n<p>Varsler gangster-tilstander i Norge: \u2013 Fryktelig naivt1:59<\/p>\n<p>    <\/a><\/p>\n","protected":false},"excerpt":{"rendered":"\u2013 Nav er i krise, og regjeringens NAV-tiltak er ikke tilstrekkelige. Senterpartiet mener at Nav m\u00e5 deles for&hellip;\n","protected":false},"author":2,"featured_media":108227,"comment_status":"","ping_status":"","sticky":false,"template":"","format":"standard","meta":{"footnotes":""},"categories":[12],"tags":[20,21,24,25,15,22,23,13,30,28,29,14,16,26,27,42,43,44,45],"class_list":{"0":"post-108226","1":"post","2":"type-post","3":"status-publish","4":"format-standard","5":"has-post-thumbnail","7":"category-verden","8":"tag-breaking-news","9":"tag-breakingnews","10":"tag-featured-news","11":"tag-featurednews","12":"tag-headlines","13":"tag-latest-news","14":"tag-latestnews","15":"tag-news","16":"tag-no","17":"tag-norge","18":"tag-norway","19":"tag-nyheter","20":"tag-overskrifter","21":"tag-top-stories","22":"tag-topstories","23":"tag-verden","24":"tag-world","25":"tag-world-news","26":"tag-worldnews"},"share_on_mastodon":{"url":"https:\/\/pubeurope.com\/@no\/115688921310766980","error":""},"_links":{"self":[{"href":"https:\/\/www.europesays.com\/no\/wp-json\/wp\/v2\/posts\/108226","targetHints":{"allow":["GET"]}}],"collection":[{"href":"https:\/\/www.europesays.com\/no\/wp-json\/wp\/v2\/posts"}],"about":[{"href":"https:\/\/www.europesays.com\/no\/wp-json\/wp\/v2\/types\/post"}],"author":[{"embeddable":true,"href":"https:\/\/www.europesays.com\/no\/wp-json\/wp\/v2\/users\/2"}],"replies":[{"embeddable":true,"href":"https:\/\/www.europesays.com\/no\/wp-json\/wp\/v2\/comments?post=108226"}],"version-history":[{"count":0,"href":"https:\/\/www.europesays.com\/no\/wp-json\/wp\/v2\/posts\/108226\/revisions"}],"wp:featuredmedia":[{"embeddable":true,"href":"https:\/\/www.europesays.com\/no\/wp-json\/wp\/v2\/media\/108227"}],"wp:attachment":[{"href":"https:\/\/www.europesays.com\/no\/wp-json\/wp\/v2\/media?parent=108226"}],"wp:term":[{"taxonomy":"category","embeddable":true,"href":"https:\/\/www.europesays.com\/no\/wp-json\/wp\/v2\/categories?post=108226"},{"taxonomy":"post_tag","embeddable":true,"href":"https:\/\/www.europesays.com\/no\/wp-json\/wp\/v2\/tags?post=108226"}],"curies":[{"name":"wp","href":"https:\/\/api.w.org\/{rel}","templated":true}]}}