{"id":108240,"date":"2025-12-09T09:48:18","date_gmt":"2025-12-09T09:48:18","guid":{"rendered":"https:\/\/www.europesays.com\/no\/108240\/"},"modified":"2025-12-09T09:48:18","modified_gmt":"2025-12-09T09:48:18","slug":"volvat-med-skrivefeil-pa-t-banen-i-oslo","status":"publish","type":"post","link":"https:\/\/www.europesays.com\/no\/108240\/","title":{"rendered":"Volvat med skrivefeil p\u00e5 T-banen i Oslo:"},"content":{"rendered":"<p class=\"kicker \" style=\"\">Oslo:<\/p>\n<p>  Feilen fikk st\u00e5 uforstyrret p\u00e5 T-banen i Oslo i en hel uke.<\/p>\n<p>\n    SKRIVEFEIL: Det er ikke n\u00f8dvendigvis s\u00e5 enkelt \u00e5 f\u00e5 \u00f8ye p\u00e5 tabben ved f\u00f8rste \u00f8yekast. Foto: Bj\u00f8rn Olav Lyster\n  <\/p>\n<p>Det private helseforetaket Volvat satte nylig opp reklame p\u00e5 Oslos T-baner for \u00e5 promotere sine 230 legespesialister, men en detalj stakk seg ut. <\/p>\n<p>Da Bj\u00f8rn Olav Lyster tok T-banen med kona, merket de raskt at noe skurret p\u00e5 Volvats reklameplakat.\u00a0<\/p>\n<p class=\"font-weight-bold m-font-weight-bold\" data-lab-font_weight=\"font-weight-bold\">\u00abNationaltheatret\u00bb var blitt til \u00abNaionaltheatret\u00bb &#8211; uten t.<\/p>\n<p><a href=\"https:\/\/www.kom24.no\/annonse-kommunikasjon-oslo\/volvat-med-kampanjetabbe-bare-a-legge-seg-flat\/875295\" target=\"_blank\" rel=\"nofollow noopener\">Kom24<\/a>\u00a0omtalte tabben f\u00f8rst.<\/p>\n<p>    <a itemprop=\"url\" href=\"https:\/\/borsen.dagbladet.no\/nyheter\/ble-latterliggjort-na-er-det-slutt\/83956692\" rel=\"nofollow noopener\" target=\"_blank\"><\/p>\n<p>        <img loading=\"lazy\" decoding=\"async\" src=\"https:\/\/www.europesays.com\/no\/wp-content\/uploads\/2025\/12\/83956700.webp\" width=\"980\" height=\"441\" title=\"Ble latterliggjort: N\u00e5 er det slutt\" alt=\"\" class=\"lazyload\" style=\"--aspect-ratio-image: 2.22; \"\/><\/p>\n<p>        Ble latterliggjort: N\u00e5 er det slutt<\/p>\n<p>    <\/a><\/p>\n<p>&#8211; Navnet \u00abNationaltheatret\u00bb i seg selv er litt spesielt. Det har to omr\u00e5der som gj\u00f8r at folk ofte m\u00e5 stoppe opp og tenke seg om f\u00f8r de i det hele tatt legger merke til feilen p\u00e5 plakaten, sier Lyster til Dagbladet. <\/p>\n<p>Han knipset et bilde av plakaten og publiserte det p\u00e5 sin LinkedIn-profil. Der tok det av.<\/p>\n<p>        <img loading=\"lazy\" decoding=\"async\" src=\"https:\/\/www.europesays.com\/no\/wp-content\/uploads\/2025\/12\/83956472.webp\" width=\"686\" height=\"735\" title=\"REAGERER: Lyster mener det blir lest altfor lite korrektur n\u00e5r slike skrivefeil f\u00e5r passere uten at noen oppdager dem. Foto: Skjermdump\" alt=\"\" class=\"\" style=\"--aspect-ratio-image: 0.93; \"\/><\/p>\n<p>\n        REAGERER: Lyster mener det blir lest altfor lite korrektur n\u00e5r slike skrivefeil f\u00e5r passere uten at noen oppdager dem. Foto: Skjermdump\n    <\/p>\n<p class=\"font-weight-bold m-font-weight-bold\" data-lab-font_weight=\"font-weight-bold\">Innlegget har n\u00e5 over 68 000 eksponeringer.<\/p>\n<p>&#8211; Det eksploderte. Jeg har aldri opplevd s\u00e5 mye respons, sier han.<\/p>\n<p>I posten skriver han blant annet:<\/p>\n<p>\u00abDet leses litt for lite korrektur her i verden, samme hvor mange leger og spesialister man har til r\u00e5dighet. Men jeg vet jo ikke hvor mange av oss som satt p\u00e5 T-banen som oppdaget det.\u00bb<\/p>\n<p>        DUKKET OPP: Mandag kveld er kronprinsesse Mette-Marit (52) tilbake p\u00e5 jobb, og til stede hos Kulturkirken Jakob i Oslo. Her arrangerer NRK-podkasten \u00abLeseklubben\u00bb h\u00f8ytlesing av boka \u00abStargate\u00bb &#8211; en julefortelling. Reporter\/video: Brage Hegg\u00f8y<\/p>\n<p>Men til tross for skrivebom, skryter han av hvordan Volvat h\u00e5ndterte fadesen.<\/p>\n<p>&#8211; De tok det med humor og selvironi. Det er akkurat s\u00e5nn man b\u00f8r gj\u00f8re det, sier han.<\/p>\n<p> Volvat brukte tabben som mulighet til \u00e5 reklamere for sine \u00f8yehelsetjenester: <\/p>\n<p>        <img loading=\"lazy\" decoding=\"async\" src=\"https:\/\/www.europesays.com\/no\/wp-content\/uploads\/2025\/12\/83956473.webp\" width=\"686\" height=\"755\" title=\"Foto: Skjermdump\" alt=\"\" class=\"\" style=\"--aspect-ratio-image: 0.91; \"\/><\/p>\n<p>\n        Foto: Skjermdump\n    <\/p>\n<p>&#8211; Vi ble f\u00f8rst fortvilet. Dette var en viktig kampanje, sier kommuikasjons-og markedsdirekt\u00f8r i Volvat, Mille Henriksen, til Dagbladet.<\/p>\n<p>Hun forklarer at skrivefeilen i den ferske reklamekampanjen i Oslo skyldtes en ren glipp.<\/p>\n<p>&#8211; Feilen oppstod fordi vi godkjente plakatene uten \u00e5 oppdage den, opplyser Henriksen.<\/p>\n<p>    <a itemprop=\"url\" href=\"https:\/\/www.dagbladet.no\/nyheter\/alvorlig-utvikling\/83952534\" rel=\"nofollow noopener\" target=\"_blank\"><\/p>\n<p>        <img loading=\"lazy\" decoding=\"async\" src=\"https:\/\/www.europesays.com\/no\/wp-content\/uploads\/2025\/12\/83952781.webp\" width=\"980\" height=\"441\" title=\"- Alvorlig utvikling\" alt=\"\" class=\"lazyload\" style=\"--aspect-ratio-image: 2.22; \"\/><\/p>\n<p>        &#8211; Alvorlig utvikling<\/p>\n<p>    <\/a><\/p>\n<p> Kampanjen var bare \u00e9n uke lang, s\u00e5 plakatene ble ikke byttet ut. <\/p>\n<p>&#8211; Vi traff godt med innleggene v\u00e5re p\u00e5 LinkedIn, og responsen har v\u00e6rt over all forventning. Det er tydelig at det \u00e5 erkjenne feil p\u00e5 en humoristisk m\u00e5te, treffer godt hos folk. Ingen er perfekte &#8211; heller ikke vi, opplyser Henriksen.<\/p>\n<p> Administrerende direkt\u00f8r i selskapet, Per Helge Fagermoen, skrev p\u00e5 LinkedIn:<\/p>\n<p>&#8211; Jeg lover skjerping og kanskje en ekstra rutinemessig sjekk hos en av v\u00e5re \u00f8yeleger!<\/p>\n","protected":false},"excerpt":{"rendered":"Oslo: Feilen fikk st\u00e5 uforstyrret p\u00e5 T-banen i Oslo i en hel uke. SKRIVEFEIL: Det er ikke n\u00f8dvendigvis&hellip;\n","protected":false},"author":2,"featured_media":108241,"comment_status":"","ping_status":"","sticky":false,"template":"","format":"standard","meta":{"footnotes":""},"categories":[5],"tags":[20,21,24,25,15,19,2539,22,23,17,18,13,30,28,29,14,16,13409,1196,26,27,13408],"class_list":{"0":"post-108240","1":"post","2":"type-post","3":"status-publish","4":"format-standard","5":"has-post-thumbnail","7":"category-overskrifter","8":"tag-breaking-news","9":"tag-breakingnews","10":"tag-featured-news","11":"tag-featurednews","12":"tag-headlines","13":"tag-hovedoppslag","14":"tag-innenriks","15":"tag-latest-news","16":"tag-latestnews","17":"tag-main-news","18":"tag-mainnews","19":"tag-news","20":"tag-no","21":"tag-norge","22":"tag-norway","23":"tag-nyheter","24":"tag-overskrifter","25":"tag-skrivefeil","26":"tag-t-bane","27":"tag-top-stories","28":"tag-topstories","29":"tag-volvat"},"share_on_mastodon":{"url":"https:\/\/pubeurope.com\/@no\/115688984144220451","error":""},"_links":{"self":[{"href":"https:\/\/www.europesays.com\/no\/wp-json\/wp\/v2\/posts\/108240","targetHints":{"allow":["GET"]}}],"collection":[{"href":"https:\/\/www.europesays.com\/no\/wp-json\/wp\/v2\/posts"}],"about":[{"href":"https:\/\/www.europesays.com\/no\/wp-json\/wp\/v2\/types\/post"}],"author":[{"embeddable":true,"href":"https:\/\/www.europesays.com\/no\/wp-json\/wp\/v2\/users\/2"}],"replies":[{"embeddable":true,"href":"https:\/\/www.europesays.com\/no\/wp-json\/wp\/v2\/comments?post=108240"}],"version-history":[{"count":0,"href":"https:\/\/www.europesays.com\/no\/wp-json\/wp\/v2\/posts\/108240\/revisions"}],"wp:featuredmedia":[{"embeddable":true,"href":"https:\/\/www.europesays.com\/no\/wp-json\/wp\/v2\/media\/108241"}],"wp:attachment":[{"href":"https:\/\/www.europesays.com\/no\/wp-json\/wp\/v2\/media?parent=108240"}],"wp:term":[{"taxonomy":"category","embeddable":true,"href":"https:\/\/www.europesays.com\/no\/wp-json\/wp\/v2\/categories?post=108240"},{"taxonomy":"post_tag","embeddable":true,"href":"https:\/\/www.europesays.com\/no\/wp-json\/wp\/v2\/tags?post=108240"}],"curies":[{"name":"wp","href":"https:\/\/api.w.org\/{rel}","templated":true}]}}