{"id":108250,"date":"2025-12-09T10:00:12","date_gmt":"2025-12-09T10:00:12","guid":{"rendered":"https:\/\/www.europesays.com\/no\/108250\/"},"modified":"2025-12-09T10:00:12","modified_gmt":"2025-12-09T10:00:12","slug":"danmark-solkrem-dansk-politiker-advarer-ansiktet-mitt-ser-smadret-ut","status":"publish","type":"post","link":"https:\/\/www.europesays.com\/no\/108250\/","title":{"rendered":"Danmark, Solkrem | Dansk politiker advarer: \u2013 Ansiktet mitt ser smadret ut"},"content":{"rendered":"\n<p>\u00abJeg har v\u00e6rt i et slagsm\u00e5l og jeg tapte. Motstanderen var solen\u00bb, skriver han.<\/p>\n<p>Det skriver den danske politikeren Claus M\u00f8rbak H\u00f8jrup i et innlegg p\u00e5 Facebook. Han er byr\u00e5dsmedlem i Hj\u00f8rring Kommune.<\/p>\n<p><b>Les ogs\u00e5: <a class=\"simple-relation related-teaser article--c-eRUmMG article--c-eRUmMG-fZoQSp-design-nettavisen article--c-eRUmMG-gwthdJ-cv\" href=\"https:\/\/www.nettavisen.no\/unges-solvaner-bekymrer-marianne-var-33-ar-da-hun-fikk-foflekkreft\/f\/5-95-2496706\" rel=\"nofollow noopener\" target=\"_blank\">Unges solvaner bekymrer. Marianne var 33 \u00e5r da hun fikk f\u00f8flekkreft<\/a> <\/b><\/p>\n<p>N\u00e5 har han begynt behandling for forstadier til kreft. Han beskriver behandlingen, som varer i 28 dager, som alt annet enn mild.<\/p>\n<p>\u2013 Ansiktet mitt ser smadret ut. Og det blir enda verre f\u00f8r det blir bedre.<\/p>\n<p>Etter behandlingen er ferdig, vil huden gro igjen, forteller H\u00f8jrup.<\/p>\n<p>            Her er Kreftforeningens fem solr\u00e5d:  <\/p>\n<ol>\n<li>Begrens tiden i sterk sol.<\/li>\n<li>Opps\u00f8k skygge.<\/li>\n<li>Bruk kl\u00e6r, noe p\u00e5 hodet og solbriller.<\/li>\n<li>Bruk rikelig med solkrem, faktor 30 eller h\u00f8yere.<\/li>\n<li>Ikke bruk solarium <\/li>\n<\/ol>\n<p>Kilde: Kreftforeningen<\/p>\n<p>  Advarer andre<\/p>\n<p>Den danske politikeren forteller at han egentlig ikke hadde lyst til \u00e5 vise frem ansiktet sitt slik, men han gj\u00f8r det for \u00e5 advare andre.<\/p>\n<p>\u2013 Jeg gikk altfor mye i solarium da jeg var ung. Jeg var heller ikke s\u00e6rlig flink til \u00e5 bruke solkrem n\u00e5r jeg var p\u00e5 ferie eller om sommeren, skriver han.<\/p>\n<p>    Vil du se neste video?<\/p>\n<p>    <a href=\"https:\/\/www.nettavisen.no\/nyheter\/ukrainske-spesialstyrker-skal-ha-tatt-ut-russiske-mal-pa-krim-halvoya\/v\/5-95-2764466\" class=\"recommend-poster\" data-adp-clicklabel=\"video-recommend\" data-adp-clickvalue=\"poster\" rel=\"nofollow noopener\" target=\"_blank\"><br \/>\n      <img decoding=\"async\" width=\"200\" height=\"200\" loading=\"lazy\" src=\"https:\/\/www.europesays.com\/no\/wp-content\/uploads\/2025\/12\/KAMPFLY+BREDDE.jpg\" alt=\"\" class=\"brick-c-cFOWSL\" style=\"--brick-image-ratio: 200 \/ 200;\"\/><\/p>\n<p>Tar ut russisk kampfly p\u00e5 Krim0:24<\/p>\n<p>    <\/a><\/p>\n<p>        Denne myten om solarium stemmer ikke&#8230;<\/p>\n<p>Han tror det er flere som tenker slik han gjorde.<\/p>\n<p>\u2013 De langsiktige konsekvensene f\u00f8les fjerne. Helt til de ikke er der lenger.<\/p>\n","protected":false},"excerpt":{"rendered":"\u00abJeg har v\u00e6rt i et slagsm\u00e5l og jeg tapte. Motstanderen var solen\u00bb, skriver han. Det skriver den danske&hellip;\n","protected":false},"author":2,"featured_media":108251,"comment_status":"","ping_status":"","sticky":false,"template":"","format":"standard","meta":{"footnotes":""},"categories":[12],"tags":[20,21,24,25,15,22,23,13,30,28,29,14,16,26,27,42,43,44,45],"class_list":{"0":"post-108250","1":"post","2":"type-post","3":"status-publish","4":"format-standard","5":"has-post-thumbnail","7":"category-verden","8":"tag-breaking-news","9":"tag-breakingnews","10":"tag-featured-news","11":"tag-featurednews","12":"tag-headlines","13":"tag-latest-news","14":"tag-latestnews","15":"tag-news","16":"tag-no","17":"tag-norge","18":"tag-norway","19":"tag-nyheter","20":"tag-overskrifter","21":"tag-top-stories","22":"tag-topstories","23":"tag-verden","24":"tag-world","25":"tag-world-news","26":"tag-worldnews"},"share_on_mastodon":{"url":"https:\/\/pubeurope.com\/@no\/115689031387254890","error":""},"_links":{"self":[{"href":"https:\/\/www.europesays.com\/no\/wp-json\/wp\/v2\/posts\/108250","targetHints":{"allow":["GET"]}}],"collection":[{"href":"https:\/\/www.europesays.com\/no\/wp-json\/wp\/v2\/posts"}],"about":[{"href":"https:\/\/www.europesays.com\/no\/wp-json\/wp\/v2\/types\/post"}],"author":[{"embeddable":true,"href":"https:\/\/www.europesays.com\/no\/wp-json\/wp\/v2\/users\/2"}],"replies":[{"embeddable":true,"href":"https:\/\/www.europesays.com\/no\/wp-json\/wp\/v2\/comments?post=108250"}],"version-history":[{"count":0,"href":"https:\/\/www.europesays.com\/no\/wp-json\/wp\/v2\/posts\/108250\/revisions"}],"wp:featuredmedia":[{"embeddable":true,"href":"https:\/\/www.europesays.com\/no\/wp-json\/wp\/v2\/media\/108251"}],"wp:attachment":[{"href":"https:\/\/www.europesays.com\/no\/wp-json\/wp\/v2\/media?parent=108250"}],"wp:term":[{"taxonomy":"category","embeddable":true,"href":"https:\/\/www.europesays.com\/no\/wp-json\/wp\/v2\/categories?post=108250"},{"taxonomy":"post_tag","embeddable":true,"href":"https:\/\/www.europesays.com\/no\/wp-json\/wp\/v2\/tags?post=108250"}],"curies":[{"name":"wp","href":"https:\/\/api.w.org\/{rel}","templated":true}]}}