{"id":108260,"date":"2025-12-09T10:08:11","date_gmt":"2025-12-09T10:08:11","guid":{"rendered":"https:\/\/www.europesays.com\/no\/108260\/"},"modified":"2025-12-09T10:08:11","modified_gmt":"2025-12-09T10:08:11","slug":"mann-i-20-arene-pagrepet-og-siktet-for-drapsforbund","status":"publish","type":"post","link":"https:\/\/www.europesays.com\/no\/108260\/","title":{"rendered":"Mann i 20-\u00e5rene p\u00e5grepet og siktet for draps\u00adforbund"},"content":{"rendered":"\n<p class=\"_lead_o9xde_2 _lead_xtcu6_50 layout-component text-serif-m layout-normal text-serif-l layout-component layout-wide layout-padded _wide_17hqh_1 layout-padded\">Han er siktet i samme sakskompleks som fire andre p\u00e5grepne.<\/p>\n<ul aria-hidden=\"true\" class=\"_images_ntbth_112\">\n<li><a class=\"_link_ntbth_117\" href=\"https:\/\/www.vg.no\/forfatter\/vilde-elgaaen\" style=\"z-index:1\" title=\"Vilde Elgaaen\" rel=\"nofollow noopener\" target=\"_blank\"><img alt=\"Bilde av Vilde Elgaaen\" class=\"_image_ntbth_93\" fetchpriority=\"low\" loading=\"lazy\" decoding=\"async\" itemprop=\"image\"  src=\"https:\/\/www.europesays.com\/no\/wp-content\/uploads\/2025\/12\/1765274889_856_d7abc11e-e453-4b15-b473-933209ff5fea\"  width=\"480\"\/><\/a><\/li>\n<\/ul>\n<p> Oppdatert tirsdag 9. desember kl. 10:53     <\/p>\n<p class=\"_paragraph_o9xde_4 _paragraph_xtcu6_10 layout-component text-serif-m layout-normal text-serif-m layout-padded\">Mannen fremstilles for fengsling tirsdag, opplyser <a href=\"https:\/\/www.vg.no\/tag\/oslo?utm_source=vg-article&amp;utm_medium=auto-tagger&amp;utm_campaign=WvLo4k\" class=\"_link_o9xde_39\" rel=\"nofollow noopener\" target=\"_blank\">Oslo<\/a> politidistrikt.<\/p>\n<p class=\"_paragraph_o9xde_4 _paragraph_xtcu6_10 layout-component text-serif-m layout-normal text-serif-m layout-padded\">Han er siktet for forbund om drapforbund om drapDrapsforbund er en \u00abavtale om \u00e5 beg\u00e5 et drap eller forvolde betydelig skade p\u00e5 kropp og helse\u00bb. eller \u00e5 volde betydelig skade p\u00e5 kropp og helse. <\/p>\n<p class=\"_paragraph_o9xde_4 _paragraph_xtcu6_10 layout-component text-serif-m layout-normal text-serif-m layout-padded\">Politiet opplyser at han er <a href=\"https:\/\/www.vg.no\/nyheter\/i\/rrpJ4a\/doemt-for-bestilling-av-drap-naa-er-han-paagrepet-igjen\" data-track-element-type=\"Link\" data-track-id=\"link:rrpJ4a\" class=\"_link_o9xde_39\" rel=\"nofollow noopener\" target=\"_blank\">siktet i samme sakskompleks<\/a> som de fire politiet p\u00e5grep for drapsforbund den 27. november. Bakgrunnen for p\u00e5gripelsene er knyttet til en p\u00e5g\u00e5ende etterforskning av en hendelse i Oslo 14. november, <a href=\"https:\/\/www.vg.no\/nyheter\/i\/j09Apn\/nrk-fire-personer-siktet-og-paagrepet-for-drapsforbund\" data-track-element-type=\"Link\" data-track-id=\"link:j09Apn\" class=\"_link_o9xde_39\" rel=\"nofollow noopener\" target=\"_blank\">har politiet tidligere uttalt<\/a>.<\/p>\n<p class=\"_paragraph_o9xde_4 _paragraph_xtcu6_10 layout-component text-serif-m layout-normal text-serif-m layout-padded\">Blant de fire er Ahmed Shahbaz Dad (44), <a href=\"https:\/\/www.vg.no\/nyheter\/i\/rrpJ4a\/doemt-for-bestilling-av-drap-naa-er-han-paagrepet-igjen\" data-track-element-type=\"Link\" data-track-id=\"link:rrpJ4a\" class=\"_link_o9xde_39\" rel=\"nofollow noopener\" target=\"_blank\">som tidligere er d\u00f8mt <\/a>for \u00e5 ha bestilt drap i 2009.<\/p>\n<p class=\"_paragraph_o9xde_4 _paragraph_xtcu6_10 layout-component text-serif-m layout-normal text-serif-m layout-padded\">\u2013 Politiet er fremdeles tidlig i etterforskningen av en alvorlig sak, og det er fremdeles begrenset hva politiet kan gi av informasjon i saken per n\u00e5, skriver de om den nye p\u00e5gripelsen.<\/p>\n<p>Les ogs\u00e5<br \/>\n    <img decoding=\"async\" alt=\"Tips oss illustrasjon\" src=\"https:\/\/www.europesays.com\/no\/wp-content\/uploads\/2025\/10\/pssst-small.webp.webp\"\/>    <\/p>\n<p class=\"title-serif-s\">Har du tips?<\/p>\n<p class=\"text-sans-m\">Send oss informasjon, bilder eller video.<\/p>\n<p>  <a href=\"https:\/\/www.vg.no\/tips-oss\" rel=\"nofollow noopener\" target=\"_blank\"> Tips oss <\/a>      <\/p>\n","protected":false},"excerpt":{"rendered":"Han er siktet i samme sakskompleks som fire andre p\u00e5grepne. Oppdatert tirsdag 9. desember kl. 10:53 Mannen fremstilles&hellip;\n","protected":false},"author":2,"featured_media":108261,"comment_status":"","ping_status":"","sticky":false,"template":"","format":"standard","meta":{"footnotes":""},"categories":[10],"tags":[31,20,21,24,25,15,148,22,23,13,30,28,29,14,636,16,26,27],"class_list":{"0":"post-108260","1":"post","2":"type-post","3":"status-publish","4":"format-standard","5":"has-post-thumbnail","7":"category-norge","8":"tag-breaking","9":"tag-breaking-news","10":"tag-breakingnews","11":"tag-featured-news","12":"tag-featurednews","13":"tag-headlines","14":"tag-kriminalitet","15":"tag-latest-news","16":"tag-latestnews","17":"tag-news","18":"tag-no","19":"tag-norge","20":"tag-norway","21":"tag-nyheter","22":"tag-oslo","23":"tag-overskrifter","24":"tag-top-stories","25":"tag-topstories"},"share_on_mastodon":{"url":"https:\/\/pubeurope.com\/@no\/115689062841535631","error":""},"_links":{"self":[{"href":"https:\/\/www.europesays.com\/no\/wp-json\/wp\/v2\/posts\/108260","targetHints":{"allow":["GET"]}}],"collection":[{"href":"https:\/\/www.europesays.com\/no\/wp-json\/wp\/v2\/posts"}],"about":[{"href":"https:\/\/www.europesays.com\/no\/wp-json\/wp\/v2\/types\/post"}],"author":[{"embeddable":true,"href":"https:\/\/www.europesays.com\/no\/wp-json\/wp\/v2\/users\/2"}],"replies":[{"embeddable":true,"href":"https:\/\/www.europesays.com\/no\/wp-json\/wp\/v2\/comments?post=108260"}],"version-history":[{"count":0,"href":"https:\/\/www.europesays.com\/no\/wp-json\/wp\/v2\/posts\/108260\/revisions"}],"wp:featuredmedia":[{"embeddable":true,"href":"https:\/\/www.europesays.com\/no\/wp-json\/wp\/v2\/media\/108261"}],"wp:attachment":[{"href":"https:\/\/www.europesays.com\/no\/wp-json\/wp\/v2\/media?parent=108260"}],"wp:term":[{"taxonomy":"category","embeddable":true,"href":"https:\/\/www.europesays.com\/no\/wp-json\/wp\/v2\/categories?post=108260"},{"taxonomy":"post_tag","embeddable":true,"href":"https:\/\/www.europesays.com\/no\/wp-json\/wp\/v2\/tags?post=108260"}],"curies":[{"name":"wp","href":"https:\/\/api.w.org\/{rel}","templated":true}]}}