{"id":108266,"date":"2025-12-09T10:14:13","date_gmt":"2025-12-09T10:14:13","guid":{"rendered":"https:\/\/www.europesays.com\/no\/108266\/"},"modified":"2025-12-09T10:14:13","modified_gmt":"2025-12-09T10:14:13","slug":"podkast-rana-blad-ung-fra-fengsel-i-usa-til-navnekrangel-med-selskap-i-kina-na-lever-marte-33-litt-saktere-og-har-funnet-balansen","status":"publish","type":"post","link":"https:\/\/www.europesays.com\/no\/108266\/","title":{"rendered":"Podkast, Rana Blad Ung | Fra fengsel i USA til navnekrangel med selskap i Kina \u2013 n\u00e5 lever Marte (33) litt saktere og har funnet balansen"},"content":{"rendered":"\n<p>Marte Jacobsen \u00c5sland kombinerer jobb i markedsf\u00f8ringsselskapet Build Up Helgeland med gr\u00fcnderlivet der venneappen Kling Social skal spres til kvinner. Hun er gjesten i denne ukens episode av Rana Blad-podkasten Ke de g\u00e5r? med nyhetsredakt\u00f8r Kenneth Johan Gabrielsen som vert.<\/p>\n<p>Her forteller hun blant annet historien om da hun som ung havnet i et amerikansk fengsel.<\/p>\n<p>\u2013 Hvis dere har sett \u00abOrange Is the New Black\u00bb, s\u00e5 var det litt p\u00e5 det viset, forteller hun.<\/p>\n<p><b>Du kan h\u00f8re hele episoden p\u00e5 Spotify, Apple Podcasts eller i Untold-appen.<\/b><\/p>\n<p>\u00c5sland er daglig leder og medeier i selskapet Kling AS som st\u00e5r bak Kling Social. Appen ble lansert i sommer, og skal hjelpe kvinner \u00e5 finne nye venner. \u00c5sland forteller om hvordan mottakelsen har v\u00e6rt, og om navnekonflikten som oppsto med et kinesisk selskap. Den konflikten gj\u00f8r at appen snart skal f\u00e5 nytt navn.<\/p>\n<p>\u2013 Vi f\u00e5r inn nye brukere hver dag, og ser p\u00e5 det som en liten testperiode. Vi er n\u00f8dt til \u00e5 skifte navn. N\u00e5 bygger vi i det stille, forbedrer produktet og legger gode strategier. Vi skal lansere p\u00e5 nytt under nytt navn, s\u00e5 det blir en versjon 2.0, sier \u00c5sland og sier de er 99 prosent sikre p\u00e5 at de har funnet det nye navnet \u2013 uten at hun vil si noe om hva det blir.<\/p>\n<p>Hun forteller ogs\u00e5 om det \u00e5 m\u00f8te veggen, som hun gjorde allerede p\u00e5 videreg\u00e5ende skole og s\u00e5 senere p\u00e5 nytt i 20-\u00e5rene.<\/p>\n<p>\u2013 Jeg tror jeg pressa kroppen altfor mye i tidlig alder, sier hun i dag.<\/p>\n<p>\u2013 Hvem er du egentlig n\u00e5r du har m\u00e5lt deg selv ut fra det du har prestert hele livet? Og plutselig presterer du absolutt ingenting. Du ligger nede for telling og er utenfor jobb og klarer ingenting.<\/p>\n<p>\u00c5sland sier hun ble kjent med seg selv p\u00e5 en ny m\u00e5te, og har m\u00e5ttet l\u00e6re seg \u00e5 lytte til kroppens signaler.<\/p>\n<p>\u2013 Fortsatt er det slik at hodet vil mer enn kroppen. Derfor er den fleksibiliteten jeg har i hverdagen helt avgj\u00f8rende, sier hun.<\/p>\n<p>\u2013 Jeg tror at veldig mange hadde hatt godt av \u00e5 skru ned tempoet, gj\u00f8re litt mindre og v\u00e6re litt mer til stede i det man gj\u00f8r. Da tror jeg vi ogs\u00e5 nyter livet litt mer. Det er kanskje det min situasjon har l\u00e6rt meg, \u00e5 sette pris p\u00e5 de n\u00e6re tingene.<\/p>\n<p>    Vil du se neste video?<\/p>\n<p>    <a href=\"https:\/\/www.ranablad.no\/se-video-bli-med-inn-i-vallagarden-det-gar-ikke-an-a-pusse-opp-dette-her\/v\/5-42-1529282\" class=\"recommend-poster\" data-adp-clicklabel=\"video-recommend\" data-adp-clickvalue=\"poster\" rel=\"nofollow noopener\" target=\"_blank\"><br \/>\n      <img decoding=\"async\" width=\"200\" height=\"200\" loading=\"lazy\" src=\"https:\/\/www.europesays.com\/no\/wp-content\/uploads\/2025\/12\/v-i-ebee5458-11a7-4d65-8287-b14d915f32b3-1.jpg\" alt=\"\" class=\"brick-c-cFOWSL\" style=\"--brick-image-ratio: 200 \/ 200;\"\/><\/p>\n<p>SE VIDEO: Bli med inn i Vallag\u00e5rden: \u2013 Det g\u00e5r ikke an \u00e5 pusse opp dette her0:55<\/p>\n<p>    <\/a><\/p>\n<p>        Kling-gr\u00fcnder Marte Jacobsen \u00c5sland er gjest i Rana Blad-podkasten Ke de g\u00e5r? og snakker om venneappen, hvorfor menn ikke f\u00e5r v\u00e6re med og om versjon 2.0 som kommer snart. Vi f\u00e5r ogs\u00e5 h\u00f8re om da hun havnet i fengsel i USA og om at hun n\u00e5 lever saktere.<\/p>\n<p><b>Har du h\u00f8rt de tidligere episodene i Rana Blad-podkasten Ke de g\u00e5r? Alle episodene kan h\u00f8res p\u00e5 <a href=\"https:\/\/open.spotify.com\/show\/4agtAVBaGXcrI0wPLiE34F?si=929f5403899f4ff2\" rel=\"Follow nofollow noopener\" target=\"_blank\">Spotify<\/a>, Apple Podcasts og i Untold-appen.<\/b><\/p>\n","protected":false},"excerpt":{"rendered":"Marte Jacobsen \u00c5sland kombinerer jobb i markedsf\u00f8ringsselskapet Build Up Helgeland med gr\u00fcnderlivet der venneappen Kling Social skal spres&hellip;\n","protected":false},"author":2,"featured_media":108267,"comment_status":"","ping_status":"","sticky":false,"template":"","format":"standard","meta":{"footnotes":""},"categories":[12],"tags":[36,20,21,24,25,15,13417,22,23,3612,13,30,28,29,14,16,1270,1079,1510,26,27,42,43,44,45],"class_list":{"0":"post-108266","1":"post","2":"type-post","3":"status-publish","4":"format-standard","5":"has-post-thumbnail","7":"category-verden","8":"tag-art","9":"tag-breaking-news","10":"tag-breakingnews","11":"tag-featured-news","12":"tag-featurednews","13":"tag-headlines","14":"tag-kling","15":"tag-latest-news","16":"tag-latestnews","17":"tag-lokalt-naeringsliv","18":"tag-news","19":"tag-no","20":"tag-norge","21":"tag-norway","22":"tag-nyheter","23":"tag-overskrifter","24":"tag-podkast","25":"tag-rana-blad-ung","26":"tag-story","27":"tag-top-stories","28":"tag-topstories","29":"tag-verden","30":"tag-world","31":"tag-world-news","32":"tag-worldnews"},"share_on_mastodon":{"url":"https:\/\/pubeurope.com\/@no\/115689086426984099","error":""},"_links":{"self":[{"href":"https:\/\/www.europesays.com\/no\/wp-json\/wp\/v2\/posts\/108266","targetHints":{"allow":["GET"]}}],"collection":[{"href":"https:\/\/www.europesays.com\/no\/wp-json\/wp\/v2\/posts"}],"about":[{"href":"https:\/\/www.europesays.com\/no\/wp-json\/wp\/v2\/types\/post"}],"author":[{"embeddable":true,"href":"https:\/\/www.europesays.com\/no\/wp-json\/wp\/v2\/users\/2"}],"replies":[{"embeddable":true,"href":"https:\/\/www.europesays.com\/no\/wp-json\/wp\/v2\/comments?post=108266"}],"version-history":[{"count":0,"href":"https:\/\/www.europesays.com\/no\/wp-json\/wp\/v2\/posts\/108266\/revisions"}],"wp:featuredmedia":[{"embeddable":true,"href":"https:\/\/www.europesays.com\/no\/wp-json\/wp\/v2\/media\/108267"}],"wp:attachment":[{"href":"https:\/\/www.europesays.com\/no\/wp-json\/wp\/v2\/media?parent=108266"}],"wp:term":[{"taxonomy":"category","embeddable":true,"href":"https:\/\/www.europesays.com\/no\/wp-json\/wp\/v2\/categories?post=108266"},{"taxonomy":"post_tag","embeddable":true,"href":"https:\/\/www.europesays.com\/no\/wp-json\/wp\/v2\/tags?post=108266"}],"curies":[{"name":"wp","href":"https:\/\/api.w.org\/{rel}","templated":true}]}}