{"id":108270,"date":"2025-12-09T10:19:35","date_gmt":"2025-12-09T10:19:35","guid":{"rendered":"https:\/\/www.europesays.com\/no\/108270\/"},"modified":"2025-12-09T10:19:35","modified_gmt":"2025-12-09T10:19:35","slug":"tv-jul-nissene-i-skjul-er-sett-av-over-14-millioner","status":"publish","type":"post","link":"https:\/\/www.europesays.com\/no\/108270\/","title":{"rendered":"Tv, Jul | \u00abNissene i skjul\u00bb er sett av over 1,4 millioner"},"content":{"rendered":"\n<p><b>\u2013 At serien ligger p\u00e5 \u00e9n million i snitt per episode, og at hele 1,4 millioner allerede har sett f\u00f8rste episode av \u00abNissene i skjul\u00bb, er helt fantastisk, sier redaksjonssjef for humor Christina Rezk Resar i NRK til <a href=\"https:\/\/www.kampanje.com\/premium\/nrks-julekalender-naermer-seg-tv-rekord-helt-fantastisk\/966140\" rel=\"nofollow noopener\" target=\"_blank\">Kampanje.<\/a><\/b><\/p>\n<p>Episode \u00e9n har blitt sett av 1,41 millioner p\u00e5 NRK. For \u00e5 sammenligne hadde \u00abExit\u00bb og \u00abF\u00f8rstegangstjenesten\u00bb blitt sett av rundt 1,44 millioner og 1,58 millioner de f\u00f8rste sju dagene. <\/p>\n<p>Seertallene vokser hver time, if\u00f8lge Resar. <\/p>\n<p><b>\u2013 Det er utrolig g\u00f8y \u00e5 se hvor mange som starter desember sammen med oss, sier hun.<\/b><\/p>\n","protected":false},"excerpt":{"rendered":"\u2013 At serien ligger p\u00e5 \u00e9n million i snitt per episode, og at hele 1,4 millioner allerede har&hellip;\n","protected":false},"author":2,"featured_media":108271,"comment_status":"","ping_status":"","sticky":false,"template":"","format":"standard","meta":{"footnotes":""},"categories":[58],"tags":[36,71,5593,12798,30,28,29,1510,207,72],"class_list":{"0":"post-108270","1":"post","2":"type-post","3":"status-publish","4":"format-standard","5":"has-post-thumbnail","7":"category-underholdning","8":"tag-art","9":"tag-entertainment","10":"tag-jul","11":"tag-nissene-i-skjul","12":"tag-no","13":"tag-norge","14":"tag-norway","15":"tag-story","16":"tag-tv","17":"tag-underholdning"},"share_on_mastodon":{"url":"https:\/\/pubeurope.com\/@no\/115689105840510551","error":""},"_links":{"self":[{"href":"https:\/\/www.europesays.com\/no\/wp-json\/wp\/v2\/posts\/108270","targetHints":{"allow":["GET"]}}],"collection":[{"href":"https:\/\/www.europesays.com\/no\/wp-json\/wp\/v2\/posts"}],"about":[{"href":"https:\/\/www.europesays.com\/no\/wp-json\/wp\/v2\/types\/post"}],"author":[{"embeddable":true,"href":"https:\/\/www.europesays.com\/no\/wp-json\/wp\/v2\/users\/2"}],"replies":[{"embeddable":true,"href":"https:\/\/www.europesays.com\/no\/wp-json\/wp\/v2\/comments?post=108270"}],"version-history":[{"count":0,"href":"https:\/\/www.europesays.com\/no\/wp-json\/wp\/v2\/posts\/108270\/revisions"}],"wp:featuredmedia":[{"embeddable":true,"href":"https:\/\/www.europesays.com\/no\/wp-json\/wp\/v2\/media\/108271"}],"wp:attachment":[{"href":"https:\/\/www.europesays.com\/no\/wp-json\/wp\/v2\/media?parent=108270"}],"wp:term":[{"taxonomy":"category","embeddable":true,"href":"https:\/\/www.europesays.com\/no\/wp-json\/wp\/v2\/categories?post=108270"},{"taxonomy":"post_tag","embeddable":true,"href":"https:\/\/www.europesays.com\/no\/wp-json\/wp\/v2\/tags?post=108270"}],"curies":[{"name":"wp","href":"https:\/\/api.w.org\/{rel}","templated":true}]}}