{"id":108274,"date":"2025-12-09T10:22:22","date_gmt":"2025-12-09T10:22:22","guid":{"rendered":"https:\/\/www.europesays.com\/no\/108274\/"},"modified":"2025-12-09T10:22:22","modified_gmt":"2025-12-09T10:22:22","slug":"hele-greia-var-en-demokrat-svindel","status":"publish","type":"post","link":"https:\/\/www.europesays.com\/no\/108274\/","title":{"rendered":"\u2013 Hele greia var en Demokrat-svindel"},"content":{"rendered":"<p><strong>President Donald Trump bekrefter at hovedanklageren i den nye r\u00f8rbombe-saken blir gransket. Jocelyn Balentine er den samme anklageren som angivelig ba et vitne om \u00e5 lyve for \u00e5 ramme Trump i Januar 6-etterforskningen.<\/strong><\/p>\n<p>Under en <a href=\"https:\/\/youtu.be\/rlwh8i70q-c\" rel=\"nofollow noopener\" target=\"_blank\">pressekonferanse <\/a>i Det hvite hus mandag kom Trump med sterke beskyldninger mot den f\u00f8derale anklageren som leder etterforskningen av den nye r\u00f8rbombe-mistenkte <a href=\"https:\/\/inyheter.no\/05\/12\/2025\/pipebombe-mistenkt-tatt-fem-ar-etter-6-januar\/\" rel=\"nofollow noopener\" target=\"_blank\">som ble p\u00e5grepet 4. desember<\/a>.<\/p>\n<p>\u2013 Jocelyn blir unders\u00f8kt. De m\u00e5 alle bli unders\u00f8kt. Det de driver med er s\u00e5 ille, sa Trump.<\/p>\n<p>Anklageren Jocelyn Balentine har tidligere ledet deler av rettsforf\u00f8lgelsen knyttet til stormingen av Kongressen 6. januar 2021.<\/p>\n<p>Journalisten Cara Cash Nova fra Lindell TV konfronterte presidenten med koblingen mellom de to sakene.<\/p>\n<p>\u2013 Hovedanklageren i pipe bombe-saken, Jocelyn Balentine, er den samme anklageren som angivelig ba J6-vitnet om \u00e5 lyve for \u00e5 ramme deg for J6 da du ikke gjorde noe galt. Hva tenker du om det? spurte Cash Nova.<\/p>\n<p><strong>Svindel<\/strong><\/p>\n<p>Trump kastet ingen tvil om sitt syn p\u00e5 saken.<\/p>\n<p>\u2013 Dette var en fullstendig Demokrat-svindel, og alt blir n\u00e5 unders\u00f8kt, sa presidenten.<\/p>\n<p>Han takket journalisten for sp\u00f8rsm\u00e5let og kalte det \u00abnesten mer en uttalelse\u00bb, noe han satte pris p\u00e5.<\/p>\n<p>Cash Nova spurte ogs\u00e5 Trump om han trodde den nye mistenkte handlet alene, men presidenten valgte \u00e5 ikke spekulere i det.<\/p>\n<p>I stedet fokuserte han p\u00e5 at hele Januar 6-saken og akt\u00f8rene bak den n\u00e5 blir gjenstand for granskning.<\/p>\n<p>\u2013 Jeg setter pris p\u00e5 det sp\u00f8rsm\u00e5let, svarte Trump.<\/p>\n<p>  FAKTA: Pipe bombe-saken fra 6. januar<\/p>\n<p style=\"margin: 12px 0;\"><strong>Hva skjedde:<\/strong><br \/>6. januar 2021 ble det plassert to r\u00f8rbomber n\u00e6r henholdsvis Det republikanske nasjonalkomiteens (RNC) og Det demokratiske nasjonalkomiteens (DNC) hovedkvarter i Washington D.C., samme dag som stormingen av Kongressen.<\/p>\n<p style=\"margin: 12px 0;\"><strong>P\u00e5gripelsen:<\/strong><br \/>4. desember 2025 ble Brian Cole Jr. fra Virginia arrestert som f\u00f8rste og eneste mistenkte i saken \u2013 nesten fire \u00e5r etter hendelsen. P\u00e5gripelsen kom rett f\u00f8r foreldelsesfristen ville ha begynt \u00e5 l\u00f8pe ut i januar 2026.<\/p>\n<p style=\"margin: 12px 0;\"><strong>Bevisene:<\/strong><br \/>FBI brukte mobildata, kj\u00f8pshistorikk for bombekomponenter (r\u00f8r, endestykker, 9-volts batteriklips), og stedsinformasjon for \u00e5 knytte Cole til bombene. Etterforskerne sporet kj\u00f8p av komponenter som matchet de brukte i bombene.<\/p>\n<p style=\"margin: 12px 0;\"><strong>Anklagene:<\/strong><br \/>Cole er tiltalt for transport av eksplosiv enhet med hensikt \u00e5 drepe, og ondsinnet \u00f8deleggelse eller fors\u00f8k p\u00e5 \u00f8deleggelse ved bruk av ild og eksplosivt materiale.<\/p>\n<p style=\"margin: 12px 0;\"><strong>Jocelyn Ballantine:<\/strong><br \/>F\u00f8deralaktoren som leder saken mot Cole var tidligere hovedaktor i sedisjonssaken mot Proud Boys, inkludert leder Enrique Tarrio som fikk 22 \u00e5rs fengsel (senere ben\u00e5det av Trump). Hun var ogs\u00e5 involvert i Michael Flynn-saken i 2020, hvor hennes h\u00e5ndtering av bevis har v\u00e6rt gjenstand for sterk kritikk fra Trump-st\u00f8ttespillere.<\/p>\n<p style=\"margin: 12px 0;\"><strong>Kontroversielle p\u00e5stander:<\/strong><br \/>Trump-vennlige medier hevder Ballantine skal ha presset Tarrio til \u00e5 inng\u00e5 en plea deal som belastet Trump, i bytte mot mildere straff. Dette er ikke bekreftet av domstolen.<\/p>\n<p style=\"font-size: 12px; color: #666; margin-top: 16px; font-style: italic;\">\n  Kilder: Talking Points Memo, The Gateway Pundit, emptywheel, Conservative Treehouse, f\u00f8derale rettsdokumenter (18 U.S.C. \u00a7 844)\n  <\/p>\n","protected":false},"excerpt":{"rendered":"President Donald Trump bekrefter at hovedanklageren i den nye r\u00f8rbombe-saken blir gransket. Jocelyn Balentine er den samme anklageren&hellip;\n","protected":false},"author":2,"featured_media":108275,"comment_status":"","ping_status":"","sticky":false,"template":"","format":"standard","meta":{"footnotes":""},"categories":[12],"tags":[9024,20,21,24,25,15,7625,22,23,13,30,28,29,14,16,1441,26,27,766,50,42,43,44,45],"class_list":{"0":"post-108274","1":"post","2":"type-post","3":"status-publish","4":"format-standard","5":"has-post-thumbnail","7":"category-verden","8":"tag-6-januar","9":"tag-breaking-news","10":"tag-breakingnews","11":"tag-featured-news","12":"tag-featurednews","13":"tag-headlines","14":"tag-kongressen","15":"tag-latest-news","16":"tag-latestnews","17":"tag-news","18":"tag-no","19":"tag-norge","20":"tag-norway","21":"tag-nyheter","22":"tag-overskrifter","23":"tag-svindel","24":"tag-top-stories","25":"tag-topstories","26":"tag-trump","27":"tag-usa","28":"tag-verden","29":"tag-world","30":"tag-world-news","31":"tag-worldnews"},"share_on_mastodon":{"url":"https:\/\/pubeurope.com\/@no\/115689117841685525","error":""},"_links":{"self":[{"href":"https:\/\/www.europesays.com\/no\/wp-json\/wp\/v2\/posts\/108274","targetHints":{"allow":["GET"]}}],"collection":[{"href":"https:\/\/www.europesays.com\/no\/wp-json\/wp\/v2\/posts"}],"about":[{"href":"https:\/\/www.europesays.com\/no\/wp-json\/wp\/v2\/types\/post"}],"author":[{"embeddable":true,"href":"https:\/\/www.europesays.com\/no\/wp-json\/wp\/v2\/users\/2"}],"replies":[{"embeddable":true,"href":"https:\/\/www.europesays.com\/no\/wp-json\/wp\/v2\/comments?post=108274"}],"version-history":[{"count":0,"href":"https:\/\/www.europesays.com\/no\/wp-json\/wp\/v2\/posts\/108274\/revisions"}],"wp:featuredmedia":[{"embeddable":true,"href":"https:\/\/www.europesays.com\/no\/wp-json\/wp\/v2\/media\/108275"}],"wp:attachment":[{"href":"https:\/\/www.europesays.com\/no\/wp-json\/wp\/v2\/media?parent=108274"}],"wp:term":[{"taxonomy":"category","embeddable":true,"href":"https:\/\/www.europesays.com\/no\/wp-json\/wp\/v2\/categories?post=108274"},{"taxonomy":"post_tag","embeddable":true,"href":"https:\/\/www.europesays.com\/no\/wp-json\/wp\/v2\/tags?post=108274"}],"curies":[{"name":"wp","href":"https:\/\/api.w.org\/{rel}","templated":true}]}}