{"id":108277,"date":"2025-12-09T10:26:49","date_gmt":"2025-12-09T10:26:49","guid":{"rendered":"https:\/\/www.europesays.com\/no\/108277\/"},"modified":"2025-12-09T10:26:49","modified_gmt":"2025-12-09T10:26:49","slug":"ingebrigt-roen-dikt-prologer-og-stubber","status":"publish","type":"post","link":"https:\/\/www.europesays.com\/no\/108277\/","title":{"rendered":"Ingebrigt R\u00f8en. Dikt, prologer og stubber"},"content":{"rendered":"<p class=\"kicker \" style=\"\">Ny bok fra Rindal skimuseum og Rindal historielag:<\/p>\n<p>\n        Boknissen.<br \/>\n        Foto: Rindal skimuseum\n    <\/p>\n<p>    Rindal skimuseum og Rindal historielag presenterer \u00e5rets julegave: Boka Ingebrigt R\u00f8en. Dikt, prologer og stubber er n\u00e5 klar fra trykkeriet og i salg p\u00e5 museet fra tirsdag 9. desember.<\/p>\n<p>&#8211; For alle som er glade i lokalhistorie, rindalsdialekt og<br \/>\ngod fortellerkunst, er dette den perfekte gaven \u00e5 \u00f8nske seg til jul sier Bodil<br \/>\nB\u00f8rset, avdelingsleder ved Rindal skimuseum.\u00a0<\/p>\n<p>\u2013 Boka er et viktig supplement til<br \/>\nhistorielagets \u00e5rsskrift, s\u00e5 vi vil s\u00e5 klart anbefale \u00e5 s\u00f8rge for at begge<br \/>\ndisse ligger under treet i \u00e5r, istemmer Ola T Heggem, leder i Rindal<br \/>\nhistorielag.\u00a0<\/p>\n<p>\u2013 Kanskje kan ogs\u00e5 vi f\u00e5 til en temakveld om Ingebrigt R\u00f8en til<br \/>\nneste \u00e5r, sier de to.<\/p>\n<p>Boka har samlet tekstene etter en av Rindals mest markante<br \/>\nkulturpersonligheter. Ingebrigt R\u00f8en (1879\u20131962). Han var bonde,<br \/>\nskimaker, dikter, oppleser, redakt\u00f8r, politiker og samfunnsdebattant \u2013 en<br \/>\nallsidig skikkelse med skarpt blikk for b\u00e5de bygda og et samfunn i endring.<br \/>\nTekstene hans spenner fra treffsikre vers om samtida med dikt, viser og<br \/>\nprologer til sm\u00e5 humoristiske stubber p\u00e5 dialekt.\u00a0<\/p>\n<p>Det er f\u00f8rste gang alle<br \/>\ntekstene som vi har etter Ingebrigt R\u00f8en er samlet i en utgivelse, og her vil<br \/>\ndet v\u00e6re b\u00e5de tekster som er kjent fra f\u00f8r, og nye og ukjente tekster.<br \/>\nUtgivelsen bygger p\u00e5 dikt og prologer samlet og nedskrevet av Ingebrigts s\u00f8nn<br \/>\nAlfred R\u00f8en, tatt vare p\u00e5 av familien, der en del allerede har v\u00e6rt publisert i<br \/>\nheimbygdlagets \u00e5rsskrift. Men her er det ogs\u00e5 funnet en del nye tekster i ulike<br \/>\nandre kilder, og det er bilder, avisklipp og info om de ulike tekstene.\u00a0<\/p>\n<p>Redakt\u00f8r har v\u00e6rt Bodil B\u00f8rset, avdelingsleder ved Rindal skimuseum, som ogs\u00e5<br \/>\nhar skrevet forord og innledning i boka. Ingebrigt R\u00f8ens familie og<br \/>\netterkommere har v\u00e6rt viktige kilder i arbeidet. Trykk og design er utf\u00f8rt av<br \/>\nFagtrykk Orkla. Boka er finansiert av Rindal skimuseum og Rindal historielag i<br \/>\nfellesskap.<\/p>\n<p>Gjennom R\u00f8ens tekster m\u00f8ter leseren ei bygd og ei tid preget<br \/>\nav store omveltninger \u2013 i jordbruk, teknologi og samfunnsliv. Noen av tekstene<br \/>\ner ogs\u00e5 skrevet p\u00e5 kav rindalsdialekt slik den ble snakket i Romundstadbygda i<br \/>\nRindal p\u00e5 1920- og 30-tallet, og er et helt unikt tidsbilde av dialekta slik<br \/>\nden var. Ingebrigt R\u00f8ens treffsikre observasjoner og gode vers gir innsikt i<br \/>\nhverdagsliv, debatter, humor og holdninger som formet Rindal i f\u00f8rste halvdel<br \/>\nav 1900-tallet. Vi tror boka blir fin \u00e5 lese i romjula, her er det stoff til \u00e5<br \/>\nhumre over og til gode samtaler mellom generasjoner.<\/p>\n<p>&#8212;<\/p>\n<p>ANNONSE:<\/p>\n<p>Salgsstart og \u00e5pningstider\u00a0<\/p>\n<p>Boka selges p\u00e5 Rindal skimuseum fra tirsdag 9. desember. Museet har<br \/>\n\u00e5pningstid l\u00f8rdager kl. 11\u201315, og ellers etter avtale, slik at<br \/>\nalle som \u00f8nsker \u00e5rets julegave rekker det f\u00f8r jul. Den vil ogs\u00e5 bli \u00e5 f\u00e5 kj\u00f8pt<br \/>\ngjennom Rindal historielag.<\/p>\n<p>Velkommen til \u00e5 \u00e5 sikre deg denne varme, humoristiske og<br \/>\nhistorisk rike julegaven.<\/p>\n","protected":false},"excerpt":{"rendered":"Ny bok fra Rindal skimuseum og Rindal historielag: Boknissen. Foto: Rindal skimuseum Rindal skimuseum og Rindal historielag presenterer&hellip;\n","protected":false},"author":2,"featured_media":108278,"comment_status":"","ping_status":"","sticky":false,"template":"","format":"standard","meta":{"footnotes":""},"categories":[58],"tags":[71,30,28,29,72],"class_list":{"0":"post-108277","1":"post","2":"type-post","3":"status-publish","4":"format-standard","5":"has-post-thumbnail","7":"category-underholdning","8":"tag-entertainment","9":"tag-no","10":"tag-norge","11":"tag-norway","12":"tag-underholdning"},"share_on_mastodon":{"url":"https:\/\/pubeurope.com\/@no\/115689137318413341","error":""},"_links":{"self":[{"href":"https:\/\/www.europesays.com\/no\/wp-json\/wp\/v2\/posts\/108277","targetHints":{"allow":["GET"]}}],"collection":[{"href":"https:\/\/www.europesays.com\/no\/wp-json\/wp\/v2\/posts"}],"about":[{"href":"https:\/\/www.europesays.com\/no\/wp-json\/wp\/v2\/types\/post"}],"author":[{"embeddable":true,"href":"https:\/\/www.europesays.com\/no\/wp-json\/wp\/v2\/users\/2"}],"replies":[{"embeddable":true,"href":"https:\/\/www.europesays.com\/no\/wp-json\/wp\/v2\/comments?post=108277"}],"version-history":[{"count":0,"href":"https:\/\/www.europesays.com\/no\/wp-json\/wp\/v2\/posts\/108277\/revisions"}],"wp:featuredmedia":[{"embeddable":true,"href":"https:\/\/www.europesays.com\/no\/wp-json\/wp\/v2\/media\/108278"}],"wp:attachment":[{"href":"https:\/\/www.europesays.com\/no\/wp-json\/wp\/v2\/media?parent=108277"}],"wp:term":[{"taxonomy":"category","embeddable":true,"href":"https:\/\/www.europesays.com\/no\/wp-json\/wp\/v2\/categories?post=108277"},{"taxonomy":"post_tag","embeddable":true,"href":"https:\/\/www.europesays.com\/no\/wp-json\/wp\/v2\/tags?post=108277"}],"curies":[{"name":"wp","href":"https:\/\/api.w.org\/{rel}","templated":true}]}}