{"id":108321,"date":"2025-12-09T11:29:10","date_gmt":"2025-12-09T11:29:10","guid":{"rendered":"https:\/\/www.europesays.com\/no\/108321\/"},"modified":"2025-12-09T11:29:10","modified_gmt":"2025-12-09T11:29:10","slug":"benjamin-sesko-snart-tilbake-for-united-etter-skade","status":"publish","type":"post","link":"https:\/\/www.europesays.com\/no\/108321\/","title":{"rendered":"Benjamin Sesko snart tilbake for United etter skade"},"content":{"rendered":"<p>        Ash Donelon\n    <\/p>\n<p class=\"kicker font-weight-bold m-font-weight-bold tertiary color_mobile_tertiary\" style=\"\">SESKOS AGENT:<\/p>\n<p class=\"font-weight-bold m-font-weight-bold\" data-lab-font_weight=\"font-weight-bold\">&#8211; Det g\u00e5r veldig bra med Benjamin. Rehabiliteringen har g\u00e5tt som planlagt.<\/p>\n<p>Det sier Elvis Basanovic, agenten til Benjamin Sesko. Han avsl\u00f8rer at Sesko n\u00e6rmer seg en retur og at han\u00a0\u00abkan v\u00e6re tilbake tidligere enn ventet\u00bb.<\/p>\n<p>Sesko har v\u00e6rt ute med skade siden Uniteds bortekamp mot Tottenham 8. november. I den kampen, der han kom inn som innbytter, p\u00e5dro han seg en kneskade. Den slovenske spissen meldte forfall til Slovenias landskamper og har g\u00e5tt glipp av de siste fire United-kampene.\u00a0<\/p>\n<p class=\"font-weight-bold m-font-weight-bold\" data-lab-font_weight=\"font-weight-bold\">Men n\u00e5 kan det alts\u00e5 n\u00e6rme seg en retur.\u00a0<\/p>\n<p class=\"font-weight-bold m-font-weight-bold\" data-lab-font_weight=\"font-weight-bold\">Basanovic snakket om Sesko da han gjestet et slovensk TV-program denne uken.\u00a0<\/p>\n<p class=\"font-weight-bold m-font-weight-bold\" data-lab-font_weight=\"font-weight-bold\">&#8211; Det er vanskelig \u00e5 si n\u00f8yaktig n\u00e5r han er tilbake. Det er opp til det medisinske apparatet og treneren, men jeg tror han er veldig snart tilbake. Kanskje til og med tidligere enn ventet, sier Basanovic.\u00a0<\/p>\n<p>Sitatene fra opptredenen p\u00e5 slovensk TV har blitt gjengitt av <a href=\"https:\/\/www.givemesport.com\/seskos-agent-drops-man-utd-injury-update-and-reveals-true-thoughts-on-ruben-amorim\/\" target=\"_blank\" rel=\"nofollow noopener\">GiveMeSport<\/a>.\u00a0<\/p>\n<p>Etter flere tester i kj\u00f8lvannet av Spurs-kampen ble det klart at Sesko m\u00e5tte belage seg p\u00e5 en m\u00e5neds tid p\u00e5 sidelinjen. Det skrev vi om her p\u00e5 united.no den 17. november:<\/p>\n<p>        <a itemprop=\"url\" class=\"\" href=\"https:\/\/www.united.no\/nyheter\/sesko-ventes-a-vaere-ute-i-en-maned\/1404391\" data-k5a-url=\"https:\/\/www.united.no\/a\/1404391\" rel=\"nofollow noopener\" target=\"_blank\"><\/p>\n<p>\nTHE ATHLETIC:\n<\/p>\n<p>            &#8211; Sesko ventes \u00e5 v\u00e6re ute i en m\u00e5ned<\/p>\n<p>        <\/a><\/p>\n<p>Kommentarene til Basanovic gir h\u00e5p om at Sesko kan v\u00e6re tilbake i trening og med i kamptroppen til kampen mot Bournemouth 15. november.<\/p>\n<p>I s\u00e5 fall vil han i hvert fall v\u00e6re klar til \u00e5 steppe inn n\u00e5r Uniteds spillere fra Afrika reiser for \u00e5 delta i Afrikamesterskapet.\u00a0<\/p>\n<p class=\"font-weight-bold m-font-weight-bold\" data-lab-font_weight=\"font-weight-bold\">S\u00e5 vil det trolig ta Sesko litt tid \u00e5 komme i gang, men det vil uansett v\u00e6re en nyttig og viktig mann for United \u00e5 f\u00e5 tilbake.\u00a0<\/p>\n<p class=\"font-weight-bold m-font-weight-bold\" data-lab-font_weight=\"font-weight-bold\">Sesko har scoret to m\u00e5l og sl\u00e5tt \u00e9n m\u00e5lgivende pasning siden sommerens overgang fra RB Leipzig, og i tillegg har han f\u00e5tt vist seg frem i banespillet, ikke minst som en del av Uniteds oppbyggende angrepsspill.<\/p>\n<p>I tiden fremover skal United m\u00f8te Bournemouth (h), Aston Villa (b), Newcastle (h), Wolves (h), Leeds (b) og Burnley (b).\u00a0<\/p>\n<p>                <img decoding=\"async\" src=\"https:\/\/www.europesays.com\/no\/wp-content\/uploads\/2025\/12\/1403115.webp\" width=\"480\" height=\"274\" title=\"- Han er veldig snart tilbake\" alt=\"\" loading=\"lazy\" style=\"\"\/><\/p>\n<p>            Julian Finney\n        <\/p>\n<p>I samme TV-opptreden deler Basanovic litt mer om Sesko og United, og roser blant annet R\u00faben Amorim.\u00a0<\/p>\n<p>&#8211; R\u00faben er en str\u00e5lende person med fantastisk utstr\u00e5ling. Han er sv\u00e6rt intelligent, ogs\u00e5 p\u00e5 det emosjonelle. Han vet hva han gj\u00f8r. Jeg tror ikke det er enkelt \u00e5 bygge det han pr\u00f8ver \u00e5 bygge, det krever enorme mengder t\u00e5lmodighet. United er en av de st\u00f8rste klubbene, om ikke den aller st\u00f8rste, i verden.\u00a0<\/p>\n<p class=\"font-weight-bold m-font-weight-bold\" data-lab-font_weight=\"font-weight-bold\">&#8211; Vi \u00f8nsker alle \u00e5 se United kjempe om ligagull, men vi kan ikke forvente at det skjer over natten. Alle prosjekt tar tid og at man tar gode valg, og jeg tror de er p\u00e5 rett vei. Jeg tror United kan utfordre helt i toppen i l\u00f8pet av de neste to \u00e5rene, sier Basanovic.\u00a0<\/p>\n<p>        <a itemprop=\"url\" class=\"\" href=\"https:\/\/www.united.no\/nyheter\/disse-spillerne-er-ute-for-united-1\/225045\" data-k5a-url=\"https:\/\/www.united.no\/a\/225045\" rel=\"nofollow noopener\" target=\"_blank\"><\/p>\n<p>            Disse spillerne er ute for United<\/p>\n<p>        <\/a><\/p>\n","protected":false},"excerpt":{"rendered":"Ash Donelon SESKOS AGENT: &#8211; Det g\u00e5r veldig bra med Benjamin. Rehabiliteringen har g\u00e5tt som planlagt. Det sier&hellip;\n","protected":false},"author":2,"featured_media":108322,"comment_status":"","ping_status":"","sticky":false,"template":"","format":"standard","meta":{"footnotes":""},"categories":[59],"tags":[30,28,29,83,82],"class_list":{"0":"post-108321","1":"post","2":"type-post","3":"status-publish","4":"format-standard","5":"has-post-thumbnail","7":"category-sport","8":"tag-no","9":"tag-norge","10":"tag-norway","11":"tag-sport","12":"tag-sports"},"share_on_mastodon":{"url":"https:\/\/pubeurope.com\/@no\/115689381405825142","error":""},"_links":{"self":[{"href":"https:\/\/www.europesays.com\/no\/wp-json\/wp\/v2\/posts\/108321","targetHints":{"allow":["GET"]}}],"collection":[{"href":"https:\/\/www.europesays.com\/no\/wp-json\/wp\/v2\/posts"}],"about":[{"href":"https:\/\/www.europesays.com\/no\/wp-json\/wp\/v2\/types\/post"}],"author":[{"embeddable":true,"href":"https:\/\/www.europesays.com\/no\/wp-json\/wp\/v2\/users\/2"}],"replies":[{"embeddable":true,"href":"https:\/\/www.europesays.com\/no\/wp-json\/wp\/v2\/comments?post=108321"}],"version-history":[{"count":0,"href":"https:\/\/www.europesays.com\/no\/wp-json\/wp\/v2\/posts\/108321\/revisions"}],"wp:featuredmedia":[{"embeddable":true,"href":"https:\/\/www.europesays.com\/no\/wp-json\/wp\/v2\/media\/108322"}],"wp:attachment":[{"href":"https:\/\/www.europesays.com\/no\/wp-json\/wp\/v2\/media?parent=108321"}],"wp:term":[{"taxonomy":"category","embeddable":true,"href":"https:\/\/www.europesays.com\/no\/wp-json\/wp\/v2\/categories?post=108321"},{"taxonomy":"post_tag","embeddable":true,"href":"https:\/\/www.europesays.com\/no\/wp-json\/wp\/v2\/tags?post=108321"}],"curies":[{"name":"wp","href":"https:\/\/api.w.org\/{rel}","templated":true}]}}