{"id":108343,"date":"2025-12-09T11:52:09","date_gmt":"2025-12-09T11:52:09","guid":{"rendered":"https:\/\/www.europesays.com\/no\/108343\/"},"modified":"2025-12-09T11:52:09","modified_gmt":"2025-12-09T11:52:09","slug":"vi-ma-bli-mindre-avhengige-av-usa","status":"publish","type":"post","link":"https:\/\/www.europesays.com\/no\/108343\/","title":{"rendered":"\u2013 Vi m\u00e5 bli mindre avhengige av USA"},"content":{"rendered":"\n<p class=\"_lead_o9xde_2 _lead_xtcu6_50 layout-component text-serif-m layout-normal text-serif-l layout-component layout-wide layout-padded _wide_17hqh_1 layout-padded\">USAs nye sikkerhets\u00adstrategi fortsetter \u00e5 heve \u00f8yenbryn.<\/p>\n<p><img alt=\"Tysklands forbundskansler Friedrich Merz i London mandag. Foto: TOLGA AKMEN \/ EPA \/ NTB\" class=\"_image_qp4xg_65 layout-component layout-wide\" data-fullscreen- data-track-element-type=\"Article image fullscreen\" data-track-name=\"ImageFullscreen\" fetchpriority=\"high\" decoding=\"sync\" loading=\"eager\" height=\"4862\" itemprop=\"image\"  src=\"https:\/\/www.europesays.com\/no\/wp-content\/uploads\/2025\/12\/f06435b1-6347-406d-94f2-f4d68f509062\"  style=\"object-position:0% 0%\" width=\"7289\"\/>Tysklands forbundskansler Friedrich Merz i London mandag. Foto: TOLGA AKMEN \/ EPA \/ NTB<\/p>\n<ul aria-hidden=\"true\" class=\"_images_ntbth_112\">\n<li><a class=\"_link_ntbth_117\" href=\"https:\/\/www.vg.no\/forfatter\/vilde-elgaaen\" style=\"z-index:1\" title=\"Vilde Elgaaen\" rel=\"nofollow noopener\" target=\"_blank\"><img alt=\"Bilde av Vilde Elgaaen\" class=\"_image_ntbth_93\" fetchpriority=\"low\" loading=\"lazy\" decoding=\"async\" itemprop=\"image\"  src=\"https:\/\/www.europesays.com\/no\/wp-content\/uploads\/2025\/12\/1765281129_589_d7abc11e-e453-4b15-b473-933209ff5fea\"  width=\"480\"\/><\/a><\/li>\n<\/ul>\n<p> Oppdatert tirsdag 9. desember kl. 12:33     <\/p>\n<p class=\"_paragraph_o9xde_4 _paragraph_xtcu6_10 layout-component text-serif-m layout-normal text-serif-m layout-padded\">N\u00e5 er det Tysklands forbundskanslerforbundskanslerForbundskansler er tittelen p\u00e5 lederen av regjeringen i Tyskland, tilsvarende statsminister i andre land. <a href=\"https:\/\/www.vg.no\/tag\/friedrich-merz?utm_source=vg-article&amp;utm_medium=auto-tagger&amp;utm_campaign=Pd30pe\" class=\"_link_o9xde_39\" rel=\"nofollow noopener\" target=\"_blank\">Friedrich Merz<\/a> som tar til ordet. <\/p>\n<p class=\"_paragraph_o9xde_4 _paragraph_xtcu6_10 layout-component text-serif-m layout-normal text-serif-m layout-padded\">\u2013 Vi m\u00e5 bli mindre avhengige av USA, sier han som svar til sikkerhets\u00adstrategiensikkerhets\u00adstrategien En sikkerhetsstrategi er en plan eller et sett med retningslinjer som et land bruker for \u00e5 beskytte seg selv mot trusler og sikre sine nasjonale interesser. Trump-administrasjonen la frem tidligere denne uken. <\/p>\n<p><img alt=\"Ukrainas president Volodymyr Zelenskyj, Tysklands Friedrich Merz, britenes statsminister Keir Starmer, og Frankrikes president Emmanuel Macron i London mandag.  Foto: TOLGA AKMEN \/ EPA \/ NTB\" class=\"_image_qp4xg_65 layout-component layout-normal\" data-fullscreen- data-track-element-type=\"Article image fullscreen\" data-track-name=\"ImageFullscreen\" decoding=\"async\" loading=\"lazy\" height=\"3289\" itemprop=\"image\"  src=\"https:\/\/www.europesays.com\/no\/wp-content\/uploads\/2025\/12\/50fc5e38-5555-4f17-98bb-d00dae698c6f\"  style=\"object-position:0% 0%\" width=\"4931\"\/>Ukrainas president Volodymyr Zelenskyj, Tysklands Friedrich Merz, britenes statsminister Keir Starmer, og Frankrikes president Emmanuel Macron i London mandag.  Foto: TOLGA AKMEN \/ EPA \/ NTB<\/p>\n<p class=\"_paragraph_o9xde_4 _paragraph_xtcu6_10 layout-component text-serif-m layout-normal text-serif-m layout-padded\">Der har de skrevet blant annet om det de kaller faren for \u00absivilisasjons\u00adutslettelse\u00bb i Europa.<\/p>\n<p class=\"_paragraph_o9xde_4 _paragraph_xtcu6_10 layout-component text-serif-m layout-normal text-serif-m layout-padded\">Det advares mot at kontinentet v\u00e5rt kan v\u00e6re ugjenkjennelig innen 20 \u00e5r, hvis utviklingen fortsetter med dagens innvandringspolitikk, fallende f\u00f8dselsrater og \u00abtap av nasjonal identitet og selvtillit\u00bb.<\/p>\n<p>I korte trekk:Hva sier strategien om Europa?<\/p>\n<p class=\"_paragraph_o9xde_4 _paragraph_xtcu6_10 _paragraph_16v91_10 layout-component text-serif-m layout-normal text-sans-m layout-padded\" itemprop=\"text\">Strategien sier at Europa er viktig for USA b\u00e5de strategisk og kulturelt. Den peker p\u00e5 at Europa har \u00f8konomiske og milit\u00e6re utfordringer, men ogs\u00e5 dypere problemer som lave f\u00f8dselsrater, migrasjon, og tap av nasjonal identitet. USA \u00f8nsker \u00e5 hjelpe Europa med \u00e5 gjenopprette stabilitet, styrke \u00f8konomien og opprettholde sin kulturelle og politiske frihet.<\/p>\n<p>Hva er USAs m\u00e5l i Europa?<\/p>\n<ul class=\"_list_o9xde_3 _list_xtcu6_9 _list_16v91_9 _unordered_o9xde_106 layout-component text-serif-m layout-normal text-sans-m layout-padded\" itemprop=\"text\">\n<li class=\"_item_o9xde_30\">Gjenopprette stabilitet i Europa og strategisk stabilitet med Russland.<\/li>\n<li class=\"_item_o9xde_30\">Hjelpe Europa til \u00e5 st\u00e5 p\u00e5 egne bein og ta ansvar for sitt eget forsvar.<\/li>\n<li class=\"_item_o9xde_30\">Styrke \u00f8konomiske b\u00e5nd mellom USA og Europa.<\/li>\n<li class=\"_item_o9xde_30\">St\u00f8tte land i Sentral-, \u00d8st- og S\u00f8r-Europa gjennom handel, v\u00e5pensalg og samarbeid.<\/li>\n<li class=\"_item_o9xde_30\">Sikre at NATO ikke blir en allianse som stadig utvides uten klare m\u00e5l, og at medlemslandene m\u00e5 bruke mer av sine ressurser p\u00e5 forsvar.<\/li>\n<li class=\"_item_o9xde_30\">Oppmuntre Europa til \u00e5 bekjempe \u00f8konomiske trusler som teknologityveri og cyberangrep.<\/li>\n<\/ul>\n<p>Hva er USAs syn p\u00e5 migrasjon i Europa?<\/p>\n<p class=\"_paragraph_o9xde_4 _paragraph_xtcu6_10 _paragraph_16v91_10 layout-component text-serif-m layout-normal text-sans-m layout-padded\" itemprop=\"text\">Strategien kritiserer Europas migrasjonspolitikk og mener at den har skapt problemer som sosial uro og svekket nasjonal identitet. USA \u00f8nsker at Europa skal ha bedre kontroll over migrasjon og fokusere p\u00e5 \u00e5 bevare sin kulturelle og politiske frihet.<\/p>\n<p>Hvordan vil USA styrke b\u00e5ndene til Europa?<\/p>\n<p class=\"_paragraph_o9xde_4 _paragraph_xtcu6_10 _paragraph_16v91_10 layout-component text-serif-m layout-normal text-sans-m layout-padded\" itemprop=\"text\">USA vil styrke b\u00e5ndene til Europa gjennom handel, investeringer, v\u00e5pensalg og samarbeid om teknologi og utdanning. De \u00f8nsker ogs\u00e5 \u00e5 st\u00f8tte land i Sentral-, \u00d8st- og S\u00f8r-Europa som deler USAs verdier og interesser.<\/p>\n<p class=\"_paragraph_o9xde_4 _paragraph_xtcu6_10 layout-component text-serif-m layout-normal text-serif-m layout-padded\">Der st\u00e5r det ogs\u00e5 at USA \u00f8nsker \u00e5 hjelpe Europa med \u00e5 gjenopprette stabilitet, styrke \u00f8konomien og opprettholde sin kulturelle og politiske frihet.<\/p>\n<p class=\"_paragraph_o9xde_4 _paragraph_xtcu6_10 layout-component text-serif-m layout-normal text-serif-m layout-padded\">\u2013 N\u00e5r det kommer til \u00e5 sikre og ivareta demokratiet i Europa, vil europeiske nasjoner ta ansvar selv, sier Merz.<\/p>\n<p class=\"_paragraph_o9xde_4 _paragraph_xtcu6_10 layout-component text-serif-m layout-normal text-serif-m layout-padded\">Norges utenriksminister Espen Barth Eide (Ap) har allerede <a href=\"https:\/\/www.vg.no\/nyheter\/i\/WvLveQ\/eide-om-usas-sikkerhetsstrategi-kraftig-kost\" data-track-element-type=\"Link\" data-track-id=\"link:WvLveQ\" class=\"_link_o9xde_39\" rel=\"nofollow noopener\" target=\"_blank\">kalt det kraftig kost<\/a>, og sagt at Norge og resten av Europa ikke kjenner seg igjen.<\/p>\n<p class=\"_paragraph_o9xde_4 _paragraph_xtcu6_10 layout-component text-serif-m layout-normal text-serif-m layout-padded\">Temaet for strategien er USAs nasjonale sikkerhet og hvordan landet skal beskytte sine interesser i verden. Strategien fokuserer p\u00e5 hvordan USA kan bruke sine ressurser og allianser for \u00e5 sikre sin sikkerhet, \u00f8konomi og globale posisjon.<\/p>\n","protected":false},"excerpt":{"rendered":"USAs nye sikkerhets\u00adstrategi fortsetter \u00e5 heve \u00f8yenbryn. Tysklands forbundskansler Friedrich Merz i London mandag. Foto: TOLGA AKMEN \/&hellip;\n","protected":false},"author":2,"featured_media":108344,"comment_status":"","ping_status":"","sticky":false,"template":"","format":"standard","meta":{"footnotes":""},"categories":[12],"tags":[1238,20,21,1241,24,25,176,15,179,22,23,233,13,30,28,29,14,16,26,27,42,43,44,45],"class_list":{"0":"post-108343","1":"post","2":"type-post","3":"status-publish","4":"format-standard","5":"has-post-thumbnail","7":"category-verden","8":"tag-amerikansk-politikk","9":"tag-breaking-news","10":"tag-breakingnews","11":"tag-emmanuel-macron","12":"tag-featured-news","13":"tag-featurednews","14":"tag-friedrich-merz","15":"tag-headlines","16":"tag-krigen-i-ukraina","17":"tag-latest-news","18":"tag-latestnews","19":"tag-nato","20":"tag-news","21":"tag-no","22":"tag-norge","23":"tag-norway","24":"tag-nyheter","25":"tag-overskrifter","26":"tag-top-stories","27":"tag-topstories","28":"tag-verden","29":"tag-world","30":"tag-world-news","31":"tag-worldnews"},"share_on_mastodon":{"url":"https:\/\/pubeurope.com\/@no\/115689471949903515","error":""},"_links":{"self":[{"href":"https:\/\/www.europesays.com\/no\/wp-json\/wp\/v2\/posts\/108343","targetHints":{"allow":["GET"]}}],"collection":[{"href":"https:\/\/www.europesays.com\/no\/wp-json\/wp\/v2\/posts"}],"about":[{"href":"https:\/\/www.europesays.com\/no\/wp-json\/wp\/v2\/types\/post"}],"author":[{"embeddable":true,"href":"https:\/\/www.europesays.com\/no\/wp-json\/wp\/v2\/users\/2"}],"replies":[{"embeddable":true,"href":"https:\/\/www.europesays.com\/no\/wp-json\/wp\/v2\/comments?post=108343"}],"version-history":[{"count":0,"href":"https:\/\/www.europesays.com\/no\/wp-json\/wp\/v2\/posts\/108343\/revisions"}],"wp:featuredmedia":[{"embeddable":true,"href":"https:\/\/www.europesays.com\/no\/wp-json\/wp\/v2\/media\/108344"}],"wp:attachment":[{"href":"https:\/\/www.europesays.com\/no\/wp-json\/wp\/v2\/media?parent=108343"}],"wp:term":[{"taxonomy":"category","embeddable":true,"href":"https:\/\/www.europesays.com\/no\/wp-json\/wp\/v2\/categories?post=108343"},{"taxonomy":"post_tag","embeddable":true,"href":"https:\/\/www.europesays.com\/no\/wp-json\/wp\/v2\/tags?post=108343"}],"curies":[{"name":"wp","href":"https:\/\/api.w.org\/{rel}","templated":true}]}}