{"id":108364,"date":"2025-12-09T12:14:15","date_gmt":"2025-12-09T12:14:15","guid":{"rendered":"https:\/\/www.europesays.com\/no\/108364\/"},"modified":"2025-12-09T12:14:15","modified_gmt":"2025-12-09T12:14:15","slug":"ida-elise-broch-hjem-til-jul","status":"publish","type":"post","link":"https:\/\/www.europesays.com\/no\/108364\/","title":{"rendered":"Ida Elise Broch, Hjem til jul"},"content":{"rendered":"\n<p>Ida Elise Broch er i ferd med \u00e5 bli en norsk juletradisjon \u2013 n\u00e5r hun n\u00e5 er tilbake i tredje sesong med \u00abHjem til jul\u00bb. Januar p\u00e5 R\u00f8ros ble mildere enn fryktet.<\/p>\n<p>\u2013 S\u00e5 du mener jeg har begynt \u00e5 bli en juletradisjon. Det er jo hyggelig, ler Ida Elise Broch alias \u00abJohanne\u00bb \u2013 og legger til med glimt i \u00f8yet:<\/p>\n<p>\u2013 Ja, det blir ikke jul uten Ida Elise og Mariah Carey!<\/p>\n<p>I uken f\u00f8r premieren p\u00e5 sesong tre, som er 12. desember, har de to f\u00f8rste sesongene p\u00e5 nytt entret <a href=\"https:\/\/www.netflix.com\/tudum\/top10\/norway\/tv\" rel=\"nofollow noopener\" target=\"_blank\">Topp 10-listen<\/a> for Netflix-serier, p\u00e5 femte- og sjuendeplass. Den har premiere globalt som \u00abHome for Christmas\u00bb.<\/p>\n<p>    Vil du se neste video?<\/p>\n<p>    <a href=\"https:\/\/www.nettavisen.no\/nyheter\/ukrainske-spesialstyrker-skal-ha-tatt-ut-russiske-mal-pa-krim-halvoya\/v\/5-95-2764466\" class=\"recommend-poster\" data-adp-clicklabel=\"video-recommend\" data-adp-clickvalue=\"poster\" rel=\"nofollow noopener\" target=\"_blank\"><br \/>\n      <img decoding=\"async\" width=\"200\" height=\"200\" loading=\"lazy\" src=\"https:\/\/www.europesays.com\/no\/wp-content\/uploads\/2025\/12\/KAMPFLY+BREDDE.jpg\" alt=\"\" class=\"brick-c-cFOWSL\" style=\"--brick-image-ratio: 200 \/ 200;\"\/><\/p>\n<p>Tar ut russisk kampfly p\u00e5 Krim0:24<\/p>\n<p>    <\/a><\/p>\n<p>        12. desember har den tredje sesongen av den norske Netflix-serien \u00abHjem til jul\u00bb premiere p\u00e5 str\u00f8mmetjensten. Se de f\u00f8rste bildene her.<br \/>\n        Begeistret mamma<\/p>\n<p>Et av de nye ansiktene i serien er svenske Felicia Danielsson (\u00abLikea\u00bb, \u00abKnutby\u00bb, \u00abLeva Life\u00bb), som spiller Johannes nye kollega Vera. Hun er over seg av begeistring over \u00e5 f\u00e5 bli med i serieskaper Per-Olav S\u00f8rensens veletablerte juleunivers, som har premiere 12. desember.<\/p>\n<p>\u2013 Jeg tror jeg ble litt typecastet \u2013 fordi min karakter forst\u00e5r ikke norsk s\u00e5 godt, og det gj\u00f8r ikke jeg heller! S\u00e5 det var en utfordring. Men fremfor alt f\u00f8ler jeg meg bare sv\u00e6rt be\u00e6ret over \u00e5 f\u00e5 v\u00e6re med i det som er blitt litt av en moderne klassiker, sier Danielsson:<\/p>\n<p>\u2013 Min mamma holdt p\u00e5 \u00e5 besvime da jeg fortalte at jeg hadde f\u00e5tt en rolle i denne serien. Det gjorde min s\u00f8ster ogs\u00e5!<\/p>\n<p><b>Les ogs\u00e5: <a href=\"https:\/\/www.nettavisen.no\/kjendis\/sanna-sarromaa-slakter-norsk-julemat\/s\/5-95-2768570\" rel=\"Follow nofollow noopener\" target=\"_blank\">Norsk julemat: \u2013 Helt j\u00e6vlig<\/a><\/b><\/p>\n<p>\u2013 M\u00e5tte kj\u00f8pe sn\u00f8<\/p>\n<p>De to skuespillerne ler n\u00e5r de forteller om innspillingen av tredje sesong av \u00abHjem til jul\u00bb, som begynte innspillingen i januar p\u00e5 R\u00f8ros.<\/p>\n<p>\u2013 Men der var det ikke s\u00e5 mye sn\u00f8. Vi m\u00e5tte kj\u00f8pe sn\u00f8 i \u00e5r, r\u00f8per Ida Elise Broch, som syntes det milde v\u00e6ret var \u00abhelt nydelig\u00bb, i motsetning til atskillig kaldere, tidligere innspillinger.<\/p>\n<p>\u2013 Jeg har aldri hatt det skj\u00f8nnere, i stedet for \u00e5 spille som en stivfrossen istapp!<\/p>\n<p>Felicia Danielsson hadde aldri v\u00e6rt i Norge og hadde f\u00e5tt beskjed om \u00e5 forberede seg p\u00e5 minus 30 p\u00e5 R\u00f8ros vinterstid, hevder hun:<\/p>\n<p>\u2013 Jeg pakket for en \u00abvargavinter\u00bb. De sa \u00abta med deg det varmeste du har\u00bb, men s\u00e5 var det n\u00e6rmest plussgrader.<\/p>\n<p>   <img decoding=\"async\" width=\"7973\" height=\"5422\" fetchpriority=\"low\"  loading=\"lazy\"  src=\"https:\/\/www.europesays.com\/no\/wp-content\/uploads\/2025\/12\/wj20221208_NEA_Ida_Elise_Broch_+208_1.JPG\" alt=\"Skuespiler og dikter Ida Elise Broch.\" class=\"brick-c-cFOWSL\" style=\"--brick-image-ratio: 7973 \/ 5422;\"\/><\/p>\n<p>      NY SESONG: Ida Elise Broch.<br \/>\n      Foto: Werner Juvik\n    <\/p>\n<p>  Pr\u00f8ver \u00e5 redde julen<\/p>\n<p>Men julestemningen lot seg alts\u00e5 kj\u00f8pe til tredje runde \u00abHjem til jul\u00bb, der Johanne fortsetter sin evige dating n\u00e5 som hun er singel igjen, og nye rollekarakterer tolkes n\u00e5 av John Carew og Herman T\u00f8mmer\u00e5s.<\/p>\n<p>\u00abI h\u00e5p om \u00e5 lindre den langvarige hjertesorgen fra forrige jul, bestemmer Johanne, n\u00e5 35 \u00e5r, seg for \u00e5 nyte \u00e5rets h\u00f8ytid helt fri fra kj\u00e6rlighetsbekymringer. Hun holder seg travel for \u00e5 unng\u00e5 \u00e5 f\u00f8le seg ensom, hjelper s\u00f8sknene sine, tar seg av sin ensomme far, og f\u00e5r lederansvar p\u00e5 jobben\u00bb, heter det fra Netflix om handlingen.<\/p>\n<p>\u2013 Det har g\u00e5tt seks \u00e5r siden handlingen i f\u00f8rste sesong. Dermed handler det litt om at tiden har g\u00e5tt \u2013 og hva som skjer n\u00e5r man blir eldre, og ting endrer seg. Samtidig pr\u00f8ver Johanne \u00e5 redde julen og holde familien samlet, oppsummerer Ida Elise Broch \u2013 og er n\u00f8ye med ikke \u00e5 spoile handlingen:<\/p>\n<p>\u2013 Ikke nok<\/p>\n<p>\u2013 Folk f\u00e5r leve i spenning og se hva som skjer, ler hun, men legger til at det igjen er jakten p\u00e5 kj\u00e6rligheten som utspiller seg:<\/p>\n<p>\u2013 N\u00e5 handler det om at man kan finne den store kj\u00e6rligheten, men at det \u00e5 elske hverandre h\u00f8yt kanskje ikke er nok. Man m\u00e5 p\u00e5 et tidspunkt i livet enes om retning og verdier, for eksempel om man \u00f8nsker \u00e5 f\u00e5 barn.<\/p>\n<p>Vera, som Danielsson spiller, er en fri sjel og litt yngre enn Johanne. De to har samme kjemi i serien som i virkeligheten.<\/p>\n<p>\u2013 Jeg ble veldig glad for \u00e5 f\u00e5 spille henne \u2013 jeg har ikke spilt en s\u00e5 positiv karakter f\u00f8r, og det er g\u00f8y. Jeg har hatt litt tragiske karakterer, smiler hun.<\/p>\n<p><b>Les ogs\u00e5: <a href=\"https:\/\/www.nettavisen.no\/kjendis\/nissene-i-skjul-pa-nrk-reaksjonene-hagler-folk-ma-slutte\/s\/5-95-2768380\" rel=\"Follow nofollow noopener\" target=\"_blank\">Reaksjonene hagler: \u2013 Folk m\u00e5 slutte<\/a><\/b><\/p>\n<p>\u2013 Som forst\u00f8rrelsesglass<\/p>\n<p>\u2013 I julen blir man sv\u00e6rt minnet p\u00e5 om hvor man befinner seg i sitt liv. Om man er i en relasjon, og at familien din har forventninger til deg. S\u00e6rlig n\u00e5r du er kvinne, og den biologiske klokken tikker, sier Felicia Danielsson, mens Ida Elise Broch nikker enig:<\/p>\n<p>\u2013 Det blir som et forst\u00f8rrelsesglass p\u00e5 hvor man er i livet.<\/p>\n<p>Begge \u00abHjem til jul\u00bb-skuespillerne er glade i juletradisjonene ogs\u00e5 p\u00e5 seerfronten.<\/p>\n<p><b>Les ogs\u00e5: <a href=\"https:\/\/www.nettavisen.no\/kjendis\/kevin-vagenes-pynter-til-jul-1-november-derfor-starter-han-sa-tidlig\/s\/5-95-2762054\" rel=\"Follow nofollow noopener\" target=\"_blank\">Tok oppsiktsvekkende julegrep: Har m\u00e5ttet begrense seg<\/a><\/b><\/p>\n<p>Felicia Danielsson trekker fram klassikerne som ruller over svenske skjermer, som \u00abHjelp, vi er p\u00e5 juleferie!\u00bb med Chevy Chase s\u00e5 vel som den svenske animasjonen \u00abKarl-Bertil Jonssons jul\u00bb. \u00abMinst fem julefilmer\u00bb ser familien hennes p\u00e5 per jul \u2013 eller serier, forteller hun:<\/p>\n<p>\u2013 Selv begynner jeg \u00e5 forst\u00e5 litt at det er ganske mektig \u00e5 f\u00e5 tilh\u00f8re en ny klassiker som \u00abHjem til jul\u00bb.<\/p>\n","protected":false},"excerpt":{"rendered":"Ida Elise Broch er i ferd med \u00e5 bli en norsk juletradisjon \u2013 n\u00e5r hun n\u00e5 er tilbake&hellip;\n","protected":false},"author":2,"featured_media":108365,"comment_status":"","ping_status":"","sticky":false,"template":"","format":"standard","meta":{"footnotes":""},"categories":[58],"tags":[71,30,28,29,72],"class_list":{"0":"post-108364","1":"post","2":"type-post","3":"status-publish","4":"format-standard","5":"has-post-thumbnail","7":"category-underholdning","8":"tag-entertainment","9":"tag-no","10":"tag-norge","11":"tag-norway","12":"tag-underholdning"},"share_on_mastodon":{"url":"https:\/\/pubeurope.com\/@no\/115689558308938259","error":""},"_links":{"self":[{"href":"https:\/\/www.europesays.com\/no\/wp-json\/wp\/v2\/posts\/108364","targetHints":{"allow":["GET"]}}],"collection":[{"href":"https:\/\/www.europesays.com\/no\/wp-json\/wp\/v2\/posts"}],"about":[{"href":"https:\/\/www.europesays.com\/no\/wp-json\/wp\/v2\/types\/post"}],"author":[{"embeddable":true,"href":"https:\/\/www.europesays.com\/no\/wp-json\/wp\/v2\/users\/2"}],"replies":[{"embeddable":true,"href":"https:\/\/www.europesays.com\/no\/wp-json\/wp\/v2\/comments?post=108364"}],"version-history":[{"count":0,"href":"https:\/\/www.europesays.com\/no\/wp-json\/wp\/v2\/posts\/108364\/revisions"}],"wp:featuredmedia":[{"embeddable":true,"href":"https:\/\/www.europesays.com\/no\/wp-json\/wp\/v2\/media\/108365"}],"wp:attachment":[{"href":"https:\/\/www.europesays.com\/no\/wp-json\/wp\/v2\/media?parent=108364"}],"wp:term":[{"taxonomy":"category","embeddable":true,"href":"https:\/\/www.europesays.com\/no\/wp-json\/wp\/v2\/categories?post=108364"},{"taxonomy":"post_tag","embeddable":true,"href":"https:\/\/www.europesays.com\/no\/wp-json\/wp\/v2\/tags?post=108364"}],"curies":[{"name":"wp","href":"https:\/\/api.w.org\/{rel}","templated":true}]}}