{"id":108379,"date":"2025-12-09T12:26:06","date_gmt":"2025-12-09T12:26:06","guid":{"rendered":"https:\/\/www.europesays.com\/no\/108379\/"},"modified":"2025-12-09T12:26:06","modified_gmt":"2025-12-09T12:26:06","slug":"zelenskyj-motte-europeiske-ledere-i-london","status":"publish","type":"post","link":"https:\/\/www.europesays.com\/no\/108379\/","title":{"rendered":"Zelenskyj m\u00f8tte europeiske ledere i London"},"content":{"rendered":"\n<p class=\"_lead_o9xde_2 _lead_xtcu6_50 layout-component text-serif-m layout-normal text-serif-l layout-component layout-wide layout-padded _wide_17hqh_1 layout-padded\">Ukrainas president sier samtalene med lederne i Storbritannia, Tyskland og Frankrike i London mandag var produktive, og at Ukrainas nye forslag til fredsplanen vil bli delt med USA tirsdag. Forsker Julie Wilhelmsen sier Europa st\u00e5r ovenfor et dilemma. <\/p>\n<p><img alt=\"Ukrainas president Volodymyr Zelenskyj (t.v.) sammen med Storbritannias statsminister Keir Starmer, Frankrikes president Emmanuel Macron og Tysklands forbundskansler Friedrich Merz utenfor Downing Street 10 i London.  Foto: Kin Cheung \/ AP \/ NTB\" class=\"_image_qp4xg_65 layout-component layout-wide\" data-fullscreen- data-track-element-type=\"Article image fullscreen\" data-track-name=\"ImageFullscreen\" fetchpriority=\"high\" decoding=\"sync\" loading=\"eager\" height=\"4845\" itemprop=\"image\"  src=\"https:\/\/www.europesays.com\/no\/wp-content\/uploads\/2025\/12\/d63b28df-2c07-4318-84c0-ef08e162d69c\"  style=\"object-position:0% 0%\" width=\"7267\"\/>Ukrainas president Volodymyr Zelenskyj (t.v.) sammen med Storbritannias statsminister Keir Starmer, Frankrikes president Emmanuel Macron og Tysklands forbundskansler Friedrich Merz utenfor Downing Street 10 i London.  Foto: Kin Cheung \/ AP \/ NTB<\/p>\n<ul aria-hidden=\"true\" class=\"_images_ntbth_112\">\n<li><a class=\"_link_ntbth_117\" href=\"https:\/\/www.vg.no\/forfatter\/simone-holen-soenstroed\" style=\"z-index:2\" title=\"Simone Holen S\u00f8nstr\u00f8d\" rel=\"nofollow noopener\" target=\"_blank\"><img alt=\"Bilde av Simone Holen S\u00f8nstr\u00f8d\" class=\"_image_ntbth_93\" fetchpriority=\"low\" loading=\"lazy\" decoding=\"async\" itemprop=\"image\"  src=\"https:\/\/www.europesays.com\/no\/wp-content\/uploads\/2025\/12\/f61c0667-389a-47b7-9bb0-2c4d4abdb35d\"  width=\"480\"\/><\/a><\/li>\n<li><a class=\"_link_ntbth_117\" href=\"https:\/\/www.vg.no\/forfatter\/ntb\" style=\"z-index:1\" title=\"NTB\" rel=\"nofollow noopener\" target=\"_blank\"><img alt=\"Bilde av NTB\" class=\"_image_ntbth_93\" fetchpriority=\"low\" loading=\"lazy\" decoding=\"async\" itemprop=\"image\"  src=\"https:\/\/www.europesays.com\/no\/wp-content\/uploads\/2025\/12\/1765283165_554_c33980b0-5d07-4027-84a1-813f90a7c8d6\"  width=\"480\"\/><\/a><\/li>\n<\/ul>\n<p> Oppdatert tirsdag 9. desember kl. 12:50    <\/p>\n<ul class=\"_list_o9xde_3 _list_64s2r_85 _unordered_o9xde_106 text-sans-m\">\n<li class=\"_item_o9xde_30\">Ukrainas president Zelenskyj sier samtaler med britiske, tyske og franske ledere i London var produktive.<\/li>\n<li class=\"_item_o9xde_30\">En ny fredsplan med 20 punkter vil bli delt med USA tirsdag.<\/li>\n<li class=\"_item_o9xde_30\">Forsker Julie Wilhelmsen mener Europa st\u00e5r overfor et dilemma.<\/li>\n<\/ul>\n<p>Vis mer <\/p>\n<p class=\"_paragraph_o9xde_4 _paragraph_xtcu6_10 layout-component text-serif-m layout-normal text-serif-m layout-padded\">Mandag m\u00f8tte Ukrainas president Volodymyr Zelenskyj en rekke europeiske ledere for \u00e5 diskutere USAs siste forslag til fredsforhandlinger i krigen i Ukraina. <\/p>\n<p class=\"_paragraph_o9xde_4 _paragraph_xtcu6_10 layout-component text-serif-m layout-normal text-serif-m layout-padded\">Etter samtalene sa Zelenskyj at samtalene hadde v\u00e6rt produktive.<\/p>\n<p class=\"_paragraph_o9xde_4 _paragraph_xtcu6_10 layout-component text-serif-m layout-normal text-serif-m layout-padded\">\u2013 Jeg tror planen vil v\u00e6re klar i morgen, en gang p\u00e5 kvelden, ogs\u00e5 blir den sendt til USA, sa president Volodymyr Zelenskyj, f\u00f8r han reiste fra <a href=\"https:\/\/www.vg.no\/tag\/london?utm_source=vg-article&amp;utm_medium=auto-tagger&amp;utm_campaign=8pwEPr\" class=\"_link_o9xde_39\" rel=\"nofollow noopener\" target=\"_blank\">London<\/a> til Brussel for m\u00f8ter med lederne i Nato og EU mandag kveld.<\/p>\n<p class=\"_paragraph_o9xde_4 _paragraph_xtcu6_10 layout-component text-serif-m layout-normal text-serif-m layout-padded\">Zelenskyj sa de nye forslagene omfatter 20 punkter om hvordan krigen skal avsluttes, men at sp\u00f8rsm\u00e5let om territorium fortsatt ikke er l\u00f8st.<\/p>\n<p class=\"_paragraph_o9xde_4 _paragraph_xtcu6_10 layout-component text-serif-m layout-normal text-serif-m layout-padded\">\u2013 Ukraina mangler 800 millioner dollar til amerikanske v\u00e5penkj\u00f8p i \u00e5r. Et m\u00f8te i koalisjonen av villige finner sted denne uken, sier Zelenskyj.<\/p>\n<p class=\"_paragraph_o9xde_4 _paragraph_xtcu6_10 layout-component text-serif-m layout-normal text-serif-m layout-padded\">Han hadde samtaler med Storbritannias statsminister Keir Starmer, Frankrikes president Emmanuel Macron og Tysklands forbundskansler Friedrich Merz i Downing Street i London.<\/p>\n<p class=\"_paragraph_o9xde_4 _paragraph_xtcu6_10 layout-component text-serif-m layout-normal text-serif-m layout-padded\">Zelenskyj varsler samtidig at han vil reise til Italia tirsdag.<\/p>\n<p>Et desperat m\u00f8te <\/p>\n<p class=\"_paragraph_o9xde_4 _paragraph_xtcu6_10 layout-component text-serif-m layout-normal text-serif-m layout-padded\">Forsker 1 ved Norsk utenrikspolitisk institutt (NUPI), Julie Wilhelmsen, tror hovedutfordringen i forhandlingene ligger i hvordan Europa skal forholde seg til Trumps syn p\u00e5 konflikten.<\/p>\n<p class=\"_paragraph_o9xde_4 _paragraph_xtcu6_10 layout-component text-serif-m layout-normal text-serif-m layout-padded\">\u2013 Man har skj\u00f8nt at USA og Europa er p\u00e5 kollisjonskurs, n\u00e5r det gjelder hvordan de skal h\u00e5ndtere krigen. Samtidig har ikke Europa hverken tilstrekkelig med penger eller v\u00e5pen, og kan vanskelig sende soldater til Ukraina for \u00e5 bidra til forsvaret, forteller Wilhelmsen til VG mandag kveld.<\/p>\n<p class=\"_paragraph_o9xde_4 _paragraph_xtcu6_10 layout-component text-serif-m layout-normal text-serif-m layout-padded\">\u2013 Da er sp\u00f8rsm\u00e5let, hva skal de si til Zelenskyj n\u00e5? Skal de se realiteten i \u00f8ynene og si at de ikke klarer det uten USA?<\/p>\n<p class=\"_paragraph_o9xde_4 _paragraph_xtcu6_10 layout-component text-serif-m layout-normal text-serif-m layout-padded\">Hun sier det er et desperat m\u00f8te, fordi Ukraina og Europa er i en situasjon der de er avhengige av det amerikanske bidraget for \u00e5 fortsette \u00e5 forsvare Ukraina. <\/p>\n<p><img decoding=\"async\" alt=\"Bilde av Julie Wilhelmsen\" class=\"_image_ygndg_42\" height=\"27\" itemprop=\"image\" loading=\"lazy\"  src=\"https:\/\/www.europesays.com\/no\/wp-content\/uploads\/2025\/12\/4460ba59-00d3-4018-97d1-53218ab2f68c\"  width=\"40\"\/><strong class=\"_name_ygndg_51 title-serif-xs\">Julie Wilhelmsen<\/strong><\/p>\n<p class=\"_paragraph_o9xde_4 text-sans-m _description_ygndg_56\">Forsker ved NUPI<\/p>\n<p class=\"_paragraph_o9xde_4 _paragraph_xtcu6_10 layout-component text-serif-m layout-normal text-serif-m layout-padded\">For at de skal klare \u00e5 komme til enighet, mener Wilhelmsen at Europa m\u00e5 gi r\u00e5d til Zelenskyj om \u00e5 inng\u00e5 et urettferdig kompromiss, og innse at de sannsynligvis ikke kan overbevise Trump om deres syn p\u00e5 russlandstrusselen.<\/p>\n<p class=\"_paragraph_o9xde_4 _paragraph_xtcu6_10 layout-component text-serif-m layout-normal text-serif-m layout-padded\">\u2013 Det kan bli n\u00f8dvendig \u00e5 m\u00f8te nok av Trump og Russlands krav, til at Trump i det hele tatt skal ta hensyn til deres syn. Han virker s\u00e5 ut\u00e5lmodig og bestemt p\u00e5 \u00e5 gjennomf\u00f8re en dypt urettferdig deal.<\/p>\n<p class=\"_paragraph_o9xde_4 _paragraph_xtcu6_10 layout-component text-serif-m layout-normal text-serif-m layout-padded\">Wilhelmsen mener Europa st\u00e5r overfor et dilemma. <\/p>\n<p class=\"_paragraph_o9xde_4 _paragraph_xtcu6_10 layout-component text-serif-m layout-normal text-serif-m layout-padded\">\u2013 Det store dilemmaet her er, hvis de europeiske landene fortsetter \u00e5 opprettholde det som virker som en urealistisk linje \u2013 \u00e5 erstatte USA som st\u00f8tte \u2013 st\u00e5r de i fare for \u00e5 bidra til at Ukraina m\u00e5 st\u00e5 i en langtrukken krig de ikke kan vinne. Men hvis de n\u00e5 oppfordrer Zelenskyj til \u00e5 ta dealen, st\u00e5r de i fare for \u00e5 se ut som at de svikter den politiske linjen de har insistert p\u00e5 om bev\u00e6pning \u00abas long as it takes\u00bb.<\/p>\n<p><img alt=\"Tysklands forbundskansler Friedrich Merz og Frankrikes president Emmanuel Macron var til stede under samtalene med Zelenskyj, 8. desember 2025.  Foto: TOLGA AKMEN \/ EPA \/ NTB\" class=\"_image_qp4xg_65 layout-component layout-normal\" data-fullscreen- data-track-element-type=\"Article image fullscreen\" data-track-name=\"ImageFullscreen\" decoding=\"async\" loading=\"lazy\" height=\"5079\" itemprop=\"image\"  src=\"https:\/\/www.europesays.com\/no\/wp-content\/uploads\/2025\/12\/a07057c7-33fd-4a7b-bdf5-1fbbb1bfb2da\"  style=\"object-position:0% 0%\" width=\"7615\"\/>Tysklands forbundskansler Friedrich Merz og Frankrikes president Emmanuel Macron var til stede under samtalene med Zelenskyj, 8. desember 2025.  Foto: TOLGA AKMEN \/ EPA \/ NTBTysk skeptisk til deler av USAs forslag<\/p>\n<p class=\"_paragraph_o9xde_4 _paragraph_xtcu6_10 layout-component text-serif-m layout-normal text-serif-m layout-padded\">Tysklands forbundskansler Friedrich Merz uttrykte skepsis til deler av den amerikanske fredsplanen.<\/p>\n<p class=\"_paragraph_o9xde_4 _paragraph_xtcu6_10 layout-component text-serif-m layout-normal text-serif-m layout-padded\">\u2013 Jeg er skeptisk til noen av detaljene vi ser i utkastene fra den amerikanske siden, men vi m\u00e5 snakke om det. Det er derfor vi er her, sa han etter m\u00f8tet i London.<\/p>\n<p class=\"_paragraph_o9xde_4 _paragraph_xtcu6_10 layout-component text-serif-m layout-normal text-serif-m layout-padded\">\u2013 De kommende dagene kan bli en avgj\u00f8rende tid for oss alle, la han til.<\/p>\n<p class=\"_paragraph_o9xde_4 _paragraph_xtcu6_10 layout-component text-serif-m layout-normal text-serif-m layout-padded\">Innsatsen for \u00e5 gi Ukraina sikkerhetsgarantier og planlegge gjenoppbygging skal intensiveres, opplyste Frankrikes presidentpalass. M\u00e5let er enighet mellom USA, Ukraina og de europeiske allierte, sa Macron.<\/p>\n<p class=\"_paragraph_o9xde_4 _paragraph_xtcu6_10 layout-component text-serif-m layout-normal text-serif-m layout-padded\">\u2013 Hovedsp\u00f8rsm\u00e5let er sammenfall mellom v\u00e5re felles standpunkter, europeernes og ukrainernes og USAs for \u00e5 fullf\u00f8re disse fredsforhandlingene, sa Macron.<\/p>\n<p><img alt=\"Storbritannias statsminister Keir Starmer var vertskap for Zelenskyj og ledere fra Ukraina, Tyskland og Frankrike p\u00e5 Downing Street 10.  Foto: Toby Melville \/ Pa Photos \/ NTB\" class=\"_image_qp4xg_65 layout-component layout-normal\" data-fullscreen- data-track-element-type=\"Article image fullscreen\" data-track-name=\"ImageFullscreen\" decoding=\"async\" loading=\"lazy\" height=\"3667\" itemprop=\"image\"  src=\"https:\/\/www.europesays.com\/no\/wp-content\/uploads\/2025\/12\/a27959ff-1e89-4b81-bc41-8879f124c491\"  style=\"object-position:0% 0%\" width=\"5500\"\/>Storbritannias statsminister Keir Starmer var vertskap for Zelenskyj og ledere fra Ukraina, Tyskland og Frankrike p\u00e5 Downing Street 10.  Foto: Toby Melville \/ Pa Photos \/ NTB<\/p>\n<p class=\"_paragraph_o9xde_4 _paragraph_xtcu6_10 layout-component text-serif-m layout-normal text-serif-m layout-padded\">Statsminister Starmer sa at fredsarbeidet var i en \u00abkritisk fase\u00bb, og understreket behovet for \u00aben rettferdig og varig v\u00e5penhvile\u00bb.<\/p>\n<p class=\"_paragraph_o9xde_4 _paragraph_xtcu6_10 layout-component text-serif-m layout-normal text-serif-m layout-padded\">\u2013 Det president Trump har klart \u00e5 oppn\u00e5 de siste ukene, \u00e5 komme s\u00e5 langt, er det lengste vi har kommet p\u00e5 fire \u00e5r, sa Starmer.<\/p>\n<p>St\u00f8re deltok i digitalt m\u00f8te <\/p>\n<p class=\"_paragraph_o9xde_4 _paragraph_xtcu6_10 layout-component text-serif-m layout-normal text-serif-m layout-padded\">Statsminister Jonas Gahr St\u00f8re (Ap) deltok i et digitalt m\u00f8te med Zelenskyj, Starmer og flere europeiske ledere mandag ettermiddag. <\/p>\n<p class=\"_paragraph_o9xde_4 _paragraph_xtcu6_10 layout-component text-serif-m layout-normal text-serif-m layout-padded\">Han er opptatt av at Ukraina m\u00e5 sitte i f\u00f8rersetet i sp\u00f8rsm\u00e5l om Ukrainas fremtid, og at tett politiske kontakten mellom Europa og USA n\u00e5 er viktig.<\/p>\n<p class=\"_paragraph_o9xde_4 _paragraph_xtcu6_10 layout-component text-serif-m layout-normal text-serif-m layout-padded\">\u2013 Samtidig som samtalene p\u00e5g\u00e5r, fortsetter Russland sine angrep p\u00e5 den ukrainske befolkningen og infrastrukturen i landet. Det er derfor avgj\u00f8rende at vi opprettholder v\u00e5r st\u00f8tte til Ukraina sivilt og milit\u00e6rt, sier St\u00f8re i en kommentar til NTB.<\/p>\n<p class=\"_paragraph_o9xde_4 _paragraph_xtcu6_10 layout-component text-serif-m layout-normal text-serif-m layout-padded\">Etter m\u00f8tet i London reiste Zelenskyj videre til Brussel, der han sent mandag kveld hadde samtaler med Nato-sjef Mark Rutte og EU-toppene Ursula von der Leyen og Antonio Costa. <\/p>\n","protected":false},"excerpt":{"rendered":"Ukrainas president sier samtalene med lederne i Storbritannia, Tyskland og Frankrike i London mandag var produktive, og at&hellip;\n","protected":false},"author":2,"featured_media":108380,"comment_status":"","ping_status":"","sticky":false,"template":"","format":"standard","meta":{"footnotes":""},"categories":[12],"tags":[20,21,24,25,7101,15,179,22,23,863,13,30,28,29,14,16,26,27,42,43,44,45],"class_list":{"0":"post-108379","1":"post","2":"type-post","3":"status-publish","4":"format-standard","5":"has-post-thumbnail","7":"category-verden","8":"tag-breaking-news","9":"tag-breakingnews","10":"tag-featured-news","11":"tag-featurednews","12":"tag-fredsforhandlinger","13":"tag-headlines","14":"tag-krigen-i-ukraina","15":"tag-latest-news","16":"tag-latestnews","17":"tag-london","18":"tag-news","19":"tag-no","20":"tag-norge","21":"tag-norway","22":"tag-nyheter","23":"tag-overskrifter","24":"tag-top-stories","25":"tag-topstories","26":"tag-verden","27":"tag-world","28":"tag-world-news","29":"tag-worldnews"},"share_on_mastodon":{"url":"https:\/\/pubeurope.com\/@no\/115689605593097323","error":""},"_links":{"self":[{"href":"https:\/\/www.europesays.com\/no\/wp-json\/wp\/v2\/posts\/108379","targetHints":{"allow":["GET"]}}],"collection":[{"href":"https:\/\/www.europesays.com\/no\/wp-json\/wp\/v2\/posts"}],"about":[{"href":"https:\/\/www.europesays.com\/no\/wp-json\/wp\/v2\/types\/post"}],"author":[{"embeddable":true,"href":"https:\/\/www.europesays.com\/no\/wp-json\/wp\/v2\/users\/2"}],"replies":[{"embeddable":true,"href":"https:\/\/www.europesays.com\/no\/wp-json\/wp\/v2\/comments?post=108379"}],"version-history":[{"count":0,"href":"https:\/\/www.europesays.com\/no\/wp-json\/wp\/v2\/posts\/108379\/revisions"}],"wp:featuredmedia":[{"embeddable":true,"href":"https:\/\/www.europesays.com\/no\/wp-json\/wp\/v2\/media\/108380"}],"wp:attachment":[{"href":"https:\/\/www.europesays.com\/no\/wp-json\/wp\/v2\/media?parent=108379"}],"wp:term":[{"taxonomy":"category","embeddable":true,"href":"https:\/\/www.europesays.com\/no\/wp-json\/wp\/v2\/categories?post=108379"},{"taxonomy":"post_tag","embeddable":true,"href":"https:\/\/www.europesays.com\/no\/wp-json\/wp\/v2\/tags?post=108379"}],"curies":[{"name":"wp","href":"https:\/\/api.w.org\/{rel}","templated":true}]}}